{"id":576578,"date":"2025-12-04T02:16:12","date_gmt":"2025-12-04T02:16:12","guid":{"rendered":"https:\/\/www.europesays.com\/fr\/576578\/"},"modified":"2025-12-04T02:16:12","modified_gmt":"2025-12-04T02:16:12","slug":"donald-trump-filme-les-yeux-clos-en-conseil-des-ministres-relance-les-doutes-sur-sa-sante","status":"publish","type":"post","link":"https:\/\/www.europesays.com\/fr\/576578\/","title":{"rendered":"Donald Trump film\u00e9 les yeux clos en Conseil des ministres relance les doutes sur sa sant\u00e9"},"content":{"rendered":"<p>Il avait b\u00e2ti une partie de son discours politique sur les moqueries envers \u00ab\u00a0Sleepy Joe\u00a0\u00bb, son pr\u00e9d\u00e9cesseur \u00e0 la <a href=\"https:\/\/www.20minutes.fr\/dossier\/maison_blanche\" class=\"c-link c-link--is-underlined\" target=\"_blank\" rel=\"noopener\">Maison-Blanche<\/a>. Mais ce mardi, c\u2019est Donald Trump lui-m\u00eame qui a sembl\u00e9 <a href=\"https:\/\/www.20minutes.fr\/monde\/4189476-20251203-donald-trump-filme-train-somnoler-pendant-reunion-video-devient-virale\" class=\"c-link c-link--is-underlined\" target=\"_blank\" rel=\"noopener\">lutter contre l\u2019assoupissement en plein Conseil des ministres<\/a>. Film\u00e9 les yeux ferm\u00e9s durant de longues secondes, le pr\u00e9sident am\u00e9ricain \u00e2g\u00e9 de 79 ans (le plus vieux \u00e0 pr\u00eater serment) a raviv\u00e9 un d\u00e9bat dont il pensait d\u00e9barrass\u00e9\u00a0: celui de sa sant\u00e9 et de sa r\u00e9sistance physique, alors qu\u2019il s\u2019appr\u00eate \u00e0 souffler ses 80 bougies en juin prochain.<\/p>\n<p>La s\u00e9quence, largement relay\u00e9e sur les r\u00e9seaux sociaux et reprise par plusieurs cha\u00eenes de t\u00e9l\u00e9vision, montre Donald Trump immobile, paupi\u00e8res closes, rouvrant les yeux par intermittence entre deux interventions de ses ministres. Une sc\u00e8ne d\u2019autant plus comment\u00e9e qu\u2019elle s\u2019est d\u00e9roul\u00e9e quelques minutes apr\u00e8s que le pr\u00e9sident lui-m\u00eame, en ouverture de la r\u00e9union, avait tourn\u00e9 en d\u00e9rision les questions sur sa forme\u00a0: \u00ab\u00a0Vous trouvez toujours quelque chose \u00e0 raconter\u2026 Est-ce que Trump va bien\u00a0?\u00a0\u00bb avant d\u2019assurer \u00eatre \u00ab\u00a0plus vif qu\u2019il y a 25 ans\u00a0\u00bb. \u00ab\u00a0Je vous le dirai quand quelque chose ne va pas\u00a0\u00bb, a-t-il ensuite assur\u00e9.<\/p>\n<p class=\"mb-m@xs text-l@xs\">En cliquant sur\u00ab J\u2019accepte \u00bb, vous acceptez le d\u00e9p\u00f4t de cookies par des services externes et aurez ainsi acc\u00e8s aux contenus de nos partenaires.<\/p>\n<p class=\"mb-xl@xs text-s@xs\">Plus d\u2019informations sur la page<a href=\"https:\/\/www.20minutes.fr\/gestion-cookies\" class=\"mx-xxs@xs color-ultramarine\" target=\"_blank\" rel=\"noopener\">Politique de gestion des cookies<\/a><\/p>\n<p>J\u2019accepteIl \u00ab\u00a0\u00e9coutait attentivement\u00a0\u00bb<\/p>\n<p>Face au flot de commentaires, la Maison-Blanche a tent\u00e9 d\u2019\u00e9teindre toute pol\u00e9mique. Dans un communiqu\u00e9 transmis mercredi \u00e0 l\u2019AFP, la porte-parole Karoline Leavitt affirme que le pr\u00e9sident \u00ab\u00a0\u00e9coutait attentivement\u00a0\u00bb et \u00ab\u00a0a dirig\u00e9 ce Conseil des ministres marathon durant trois heures\u00a0\u00bb. Une version qui n\u2019a pas suffi \u00e0 calmer les interrogations, d\u2019autant que Donald Trump avait d\u00e9j\u00e0 paru somnoler lors d\u2019un pr\u00e9c\u00e9dent \u00e9v\u00e9nement film\u00e9 le mois dernier dans le Bureau ovale.<\/p>\n<p>Depuis plusieurs semaines, l\u2019attention sur sa sant\u00e9 s\u2019accentue. Fin novembre, le New York Times a r\u00e9v\u00e9l\u00e9 que ses d\u00e9placements, ses \u00e9v\u00e9nements publics et m\u00eame ses horaires de travail avaient nettement diminu\u00e9 par rapport \u00e0 son premier mandat. Un constat que l\u2019int\u00e9ress\u00e9 juge \u00ab\u00a0ridicule\u00a0\u00bb et qu\u2019il attribue \u00e0 un \u00ab\u00a0article \u00e0 charge\u00a0\u00bb. Ses \u00e9quipes, elles, renvoient \u00e0 la couverture m\u00e9diatique jug\u00e9e trop indulgente envers Joe Biden, son pr\u00e9d\u00e9cesseur d\u00e9mocrate.<\/p>\n<p><a href=\"https:\/\/www.20minutes.fr\/monde\/etats-unis\/\" class=\"c-link c-btn c-btn--primary\" target=\"_blank\" rel=\"noopener\">Notre dossier sur les \u00c9tats-Unis<\/a>Une \u00ab\u00a0excellente sant\u00e9 cardiovasculaire\u00a0\u00bb<\/p>\n<p>La communication pr\u00e9sidentielle est \u00e9galement fragilis\u00e9e par un \u00e9pisode r\u00e9cent\u00a0: une <a href=\"https:\/\/www.20minutes.fr\/dossier\/irm\" class=\"c-link c-link--is-underlined\" target=\"_blank\" rel=\"noopener\">IRM<\/a> pass\u00e9e en octobre dans un h\u00f4pital de Washington, rest\u00e9e longtemps sans explication officielle. Sous pression, son m\u00e9decin a fini par \u00e9voquer un examen \u00ab\u00a0pr\u00e9ventif\u00a0\u00bb r\u00e9v\u00e9lant une \u00ab\u00a0excellente sant\u00e9 cardiovasculaire\u00a0\u00bb.<\/p>\n<p>\u00c0 la t\u00e9l\u00e9vision am\u00e9ricaine, les talk-shows ne se sont pas priv\u00e9s de railler la sc\u00e8ne. Jimmy Kimmel a diffus\u00e9 les images du pr\u00e9sident les yeux clos en lan\u00e7ant, moqueur\u00a0: \u00ab\u00a0Rappelle-nous \u00e0 quel point Joe \u00e9tait endormi\u00a0\u00bb. Une pique qui illustre la difficult\u00e9 croissante pour Donald Trump de se d\u00e9faire des interrogations sur sa propre endurance, apr\u00e8s des ann\u00e9es \u00e0 cibler celle de Biden.<\/p>\n","protected":false},"excerpt":{"rendered":"Il avait b\u00e2ti une partie de son discours politique sur les moqueries envers \u00ab\u00a0Sleepy Joe\u00a0\u00bb, son pr\u00e9d\u00e9cesseur \u00e0&hellip;\n","protected":false},"author":2,"featured_media":576579,"comment_status":"","ping_status":"","sticky":false,"template":"","format":"standard","meta":{"footnotes":""},"categories":[1589],"tags":[47,11,3193,75,73,1866,39997,457,78,74,12,4919,1864,1865,1863,308,2744],"class_list":{"0":"post-576578","1":"post","2":"type-post","3":"status-publish","4":"format-standard","5":"has-post-thumbnail","7":"category-etats-unis","8":"tag-actualite","9":"tag-actualites","10":"tag-conseil-des-ministres","11":"tag-donald-trump","12":"tag-etats-unis","13":"tag-etats-unis-damerique","14":"tag-jimmy-kimmel","15":"tag-joe-biden","16":"tag-maison-blanche","17":"tag-monde","18":"tag-news","19":"tag-president","20":"tag-united-states","21":"tag-united-states-of-america","22":"tag-us","23":"tag-usa","24":"tag-washington"},"share_on_mastodon":{"url":"https:\/\/pubeurope.com\/@fr\/115658895131114029","error":""},"_links":{"self":[{"href":"https:\/\/www.europesays.com\/fr\/wp-json\/wp\/v2\/posts\/576578","targetHints":{"allow":["GET"]}}],"collection":[{"href":"https:\/\/www.europesays.com\/fr\/wp-json\/wp\/v2\/posts"}],"about":[{"href":"https:\/\/www.europesays.com\/fr\/wp-json\/wp\/v2\/types\/post"}],"author":[{"embeddable":true,"href":"https:\/\/www.europesays.com\/fr\/wp-json\/wp\/v2\/users\/2"}],"replies":[{"embeddable":true,"href":"https:\/\/www.europesays.com\/fr\/wp-json\/wp\/v2\/comments?post=576578"}],"version-history":[{"count":0,"href":"https:\/\/www.europesays.com\/fr\/wp-json\/wp\/v2\/posts\/576578\/revisions"}],"wp:featuredmedia":[{"embeddable":true,"href":"https:\/\/www.europesays.com\/fr\/wp-json\/wp\/v2\/media\/576579"}],"wp:attachment":[{"href":"https:\/\/www.europesays.com\/fr\/wp-json\/wp\/v2\/media?parent=576578"}],"wp:term":[{"taxonomy":"category","embeddable":true,"href":"https:\/\/www.europesays.com\/fr\/wp-json\/wp\/v2\/categories?post=576578"},{"taxonomy":"post_tag","embeddable":true,"href":"https:\/\/www.europesays.com\/fr\/wp-json\/wp\/v2\/tags?post=576578"}],"curies":[{"name":"wp","href":"https:\/\/api.w.org\/{rel}","templated":true}]}}