{"id":576580,"date":"2025-12-04T02:17:17","date_gmt":"2025-12-04T02:17:17","guid":{"rendered":"https:\/\/www.europesays.com\/fr\/576580\/"},"modified":"2025-12-04T02:17:17","modified_gmt":"2025-12-04T02:17:17","slug":"accueil-royal-au-royaume-uni-du-president-allemand-actualites","status":"publish","type":"post","link":"https:\/\/www.europesays.com\/fr\/576580\/","title":{"rendered":"Accueil royal au Royaume-Uni du pr\u00e9sident allemand : Actualit\u00e9s"},"content":{"rendered":"<p class=\"lead \">le roi Charles III a offert mercredi un somptueux banquet \u00e0 Frank-Walter Steinmeier, qui effectue la premi\u00e8re visite d&rsquo;Etat d&rsquo;un pr\u00e9sident allemand au Royaume-Uni en 27 ans, l&rsquo;occasion pour les deux dirigeants de se f\u00e9liciter des liens profonds unissant leurs pays.<\/p>\n<p class=\"lead \">M. Steinmeier, dont les fonctions sont largement protocolaires, et son \u00e9pouse, Elke Budenbender, ont \u00e9t\u00e9 les invit\u00e9s d&rsquo;honneur de ce d\u00eener donn\u00e9 par le roi et la reine Camilla au ch\u00e2teau de Windsor, \u00e0 l&rsquo;ouest de Londres.<\/p>\n<p class=\"lead \">Britanniques et Allemands ont \u00ab\u00a0une profonde affinit\u00e9\u00a0\u00bb, a alors d\u00e9clar\u00e9 dans un discours le chef de l&rsquo;Etat allemand, qui achevait ainsi premi\u00e8re journ\u00e9e de son d\u00e9placement de trois jours, \u00e9voquant des si\u00e8cles d&rsquo;histoire commune, des horreurs des guerres mondiales \u00e0 l&rsquo;amour de la bi\u00e8re et du football.<\/p>\n<p class=\"lead \">Il a soulign\u00e9 l&rsquo;influence que le Royaume-Uni avait exerc\u00e9e sur lui pendant son enfance apr\u00e8s la Deuxi\u00e8me Guerre mondiale, avec la pr\u00e9sence de soldats britanniques dans sa r\u00e9gion natale et l&rsquo;\u00e9coute des \u00e9missions de radio de leurs forces arm\u00e9es, avant de lancer: \u00ab\u00a0Notre histoire nous unit, avec ses bons et ses mauvais chapitres.\u00a0\u00bb<\/p>\n<p class=\"lead \">&#8211; \u00ab\u00a0Tr\u00e8s solides relations\u00a0\u00bb &#8211;<\/p>\n<p class=\"lead \">Dans son allocution, Charles III a qualifi\u00e9 les relations entre Londres et Berlin de \u00ab\u00a0profond\u00e9ment historiques et richement cr\u00e9atives\u00a0\u00bb. <\/p>\n<p class=\"lead \">Evoquant les \u00ab\u00a0heures les plus sombres\u00a0\u00bb que le Royaume-Uni et l&rsquo;Allemagne ont travers\u00e9es ensemble pendant les conflits du XXe si\u00e8cle, il a estim\u00e9 que \u00ab\u00a0la reconnaissance des souffrances pass\u00e9es\u00a0\u00bb \u00e9tait \u00ab\u00a0devenue le fondement d&rsquo;une amiti\u00e9 sinc\u00e8re\u00a0\u00bb. <\/p>\n<p class=\"lead \">Auparavant, M. Steinmeier avait particip\u00e9 \u00e0 une promenade en cal\u00e8che \u00e0 travers Windsor, avait pass\u00e9 en revue une garde d&rsquo;honneur au ch\u00e2teau de cette ville, vieux de mille ans, et avait \u00e9t\u00e9 salu\u00e9 par 41 coups de canon.<\/p>\n<p class=\"lead \">Le Premier ministre britannique Keir Starmer a de son c\u00f4t\u00e9 vant\u00e9 le m\u00eame jour \u00ab\u00a0les tr\u00e8s, tr\u00e8s solides\u00a0\u00bb relations entre les deux pays \u00ab\u00a0\u00e0 tous les niveaux\u00a0\u00bb, en recevant le pr\u00e9sident allemand \u00e0 Downing Street. Il a notamment mentionn\u00e9 les efforts de Londres et Berlin pour mettre sur pied la coalition des volontaires en soutien \u00e0 l&rsquo;Ukraine.<\/p>\n<p class=\"lead \">M. Starmer a en outre insist\u00e9 sur le fait qu&rsquo;ils travaillaient \u00e9galement ensemble sur les questions de migration et de croissance \u00e9conomique et que les relations se renfor\u00e7aient sans cesse. <\/p>\n<p class=\"lead \">Parlant des \u00ab\u00a0difficult\u00e9s\u00a0\u00bb caus\u00e9es par le Brexit, M. Steinmeier a plaid\u00e9 pour un rapprochement \u00ab\u00a0dans un monde en mutation, avec de nouvelles menaces pour nous tous\u00a0\u00bb.<\/p>\n<p class=\"lead \">En fin de matin\u00e9e, M. Steinmeier et son \u00e9pouse avaient \u00e9t\u00e9 accueillis \u00e0 leur descente d&rsquo;avion par le prince William, l&rsquo;h\u00e9ritier du tr\u00f4ne, et la princesse Kate.<\/p>\n<p class=\"lead \">Les deux couples s&rsquo;\u00e9taient ensuite rendus \u00e0 Windsor pour y retrouver Charles III et Camilla. <\/p>\n<p class=\"lead \">Le faste du programme, avec un banquet d&rsquo;Etat et un discours au Parlement, un honneur rare pour un h\u00f4te \u00e9tranger, sont autant de signes du renforcement des relations bilat\u00e9rales.<\/p>\n<p class=\"lead \">Le d\u00e9placement de Frank-Walter Steinmeier r\u00e9pond \u00e0 celui de Charles III en mars 2023 en Allemagne, sa premi\u00e8re visite d&rsquo;Etat en tant que monarque.<\/p>\n<p class=\"lead \">&#8211; Coop\u00e9ration &#8211;<\/p>\n<p class=\"lead \">M. Steinmeier \u00e9tait ministre des Affaires \u00e9trang\u00e8res au moment du r\u00e9f\u00e9rendum sur la sortie de l&rsquo;UE, organis\u00e9 en juin 2016 par le Premier ministre britannique d&rsquo;alors, David Cameron. <\/p>\n<p class=\"lead \">Il avait fustig\u00e9 les responsables politiques \u00ab\u00a0irresponsables\u00a0\u00bb qui avaient \u00ab\u00a0attir\u00e9 le pays vers le Brexit\u00a0\u00bb pour ensuite \u00ab\u00a0se d\u00e9filer\u00a0\u00bb, qualifiant leur comportement de \u00ab\u00a0scandaleux\u00a0\u00bb.<\/p>\n<p class=\"lead \">Le d\u00e9part du Royaume-Uni dig\u00e9r\u00e9, un r\u00e9chauffement diplomatique s&rsquo;est enclench\u00e9 sous le Premier ministre conservateur Rishi Sunak (2022-2024), puis son successeur travailliste Keir Starmer, \u00e0 partir de juillet 2024.<\/p>\n<p class=\"lead \">Le soutien commun \u00e0 l&rsquo;Ukraine a aid\u00e9. En octobre 2024, le Royaume-Uni et l&rsquo;Allemagne, qui ont les deux plus gros budgets militaires d&rsquo;Europe occidentale, ont sign\u00e9 un pacte de coop\u00e9ration en mati\u00e8re de d\u00e9fense, suivi de leur premier \u00ab\u00a0trait\u00e9 d&rsquo;amiti\u00e9\u00a0\u00bb en juillet.<\/p>\n<p class=\"lead \">Les deux pays sont dans une phase d'\u00a0\u00bbintensification\u00a0\u00bb de leurs liens, qui repose surtout sur les domaines \u00ab\u00a0de la politique \u00e9trang\u00e8re et la s\u00e9curit\u00e9\u00a0\u00bb, a comment\u00e9 aupr\u00e8s de l&rsquo;AFP Nicolai von Ondarza, un expert de l&rsquo;Institut allemand pour les affaires internationales et de s\u00e9curit\u00e9.<\/p>\n<p class=\"lead \">Ils coop\u00e8rent \u00e9galement dor\u00e9navant contre l&rsquo;immigration irr\u00e9guli\u00e8re, dans un contexte de rapide ascension des partis anti-immigration Alternative pour l&rsquo;Allemagne (AfD) et Reform UK.<\/p>\n<p class=\"lead \">La culture et le travail de m\u00e9moire, un domaine privil\u00e9gi\u00e9 du chef de l&rsquo;Etat allemand, donneront lieu \u00e0 une visite pr\u00e9vue pour vendredi \u00e0 Coventry, une ville anglaise d\u00e9truite par les raids de l&rsquo;aviation nazie.<\/p>\n<p class=\"small font-weight-bold text-gray3 \"> publi\u00e9 le 3 d\u00e9cembre \u00e0 23h33, AFP<\/p>\n<p>                             Partager<\/p>\n","protected":false},"excerpt":{"rendered":"le roi Charles III a offert mercredi un somptueux banquet \u00e0 Frank-Walter Steinmeier, qui effectue la premi\u00e8re visite&hellip;\n","protected":false},"author":2,"featured_media":576581,"comment_status":"","ping_status":"","sticky":false,"template":"","format":"standard","meta":{"footnotes":""},"categories":[1588],"tags":[11,672,312,1777,674,6228,12,316,473,1853,6229,1851,1850,1852],"class_list":{"0":"post-576580","1":"post","2":"type-post","3":"status-publish","4":"format-standard","5":"has-post-thumbnail","7":"category-royaume-uni","8":"tag-actualites","9":"tag-allemagne","10":"tag-diplomatie","11":"tag-eu","12":"tag-europe","13":"tag-gb","14":"tag-news","15":"tag-politique","16":"tag-royaume-uni","17":"tag-royaume-uni-de-grande-bretagne-et-dirlande-du-nord","18":"tag-royaut","19":"tag-uk","20":"tag-united-kingdom","21":"tag-united-kingdom-of-great-britain-and-northern-ireland"},"share_on_mastodon":{"url":"https:\/\/pubeurope.com\/@fr\/115658899106849325","error":""},"_links":{"self":[{"href":"https:\/\/www.europesays.com\/fr\/wp-json\/wp\/v2\/posts\/576580","targetHints":{"allow":["GET"]}}],"collection":[{"href":"https:\/\/www.europesays.com\/fr\/wp-json\/wp\/v2\/posts"}],"about":[{"href":"https:\/\/www.europesays.com\/fr\/wp-json\/wp\/v2\/types\/post"}],"author":[{"embeddable":true,"href":"https:\/\/www.europesays.com\/fr\/wp-json\/wp\/v2\/users\/2"}],"replies":[{"embeddable":true,"href":"https:\/\/www.europesays.com\/fr\/wp-json\/wp\/v2\/comments?post=576580"}],"version-history":[{"count":0,"href":"https:\/\/www.europesays.com\/fr\/wp-json\/wp\/v2\/posts\/576580\/revisions"}],"wp:featuredmedia":[{"embeddable":true,"href":"https:\/\/www.europesays.com\/fr\/wp-json\/wp\/v2\/media\/576581"}],"wp:attachment":[{"href":"https:\/\/www.europesays.com\/fr\/wp-json\/wp\/v2\/media?parent=576580"}],"wp:term":[{"taxonomy":"category","embeddable":true,"href":"https:\/\/www.europesays.com\/fr\/wp-json\/wp\/v2\/categories?post=576580"},{"taxonomy":"post_tag","embeddable":true,"href":"https:\/\/www.europesays.com\/fr\/wp-json\/wp\/v2\/tags?post=576580"}],"curies":[{"name":"wp","href":"https:\/\/api.w.org\/{rel}","templated":true}]}}