{"id":576589,"date":"2025-12-04T02:22:14","date_gmt":"2025-12-04T02:22:14","guid":{"rendered":"https:\/\/www.europesays.com\/fr\/576589\/"},"modified":"2025-12-04T02:22:14","modified_gmt":"2025-12-04T02:22:14","slug":"le-ministre-de-linterieur-demande-de-renforcer-la-securite-des-marches-de-noel","status":"publish","type":"post","link":"https:\/\/www.europesays.com\/fr\/576589\/","title":{"rendered":"Le ministre de l\u2019Int\u00e9rieur demande de renforcer la s\u00e9curit\u00e9 des march\u00e9s de No\u00ebl"},"content":{"rendered":"<p>Le ministre de l\u2019Int\u00e9rieur <a href=\"https:\/\/www.20minutes.fr\/politique\/laurent-nunez\/\" class=\"c-link c-link--is-underlined\" target=\"_blank\" rel=\"noopener\">Laurent Nu\u00f1ez<\/a> a demand\u00e9 mercredi dans un t\u00e9l\u00e9gramme aux pr\u00e9fets de \u00ab\u00a0renforcer les dispositifs de s\u00e9curit\u00e9\u00a0\u00bb autour des march\u00e9s de No\u00ebl, \u00ab\u00a0compte tenu du niveau tr\u00e8s \u00e9lev\u00e9 de la menace terroriste\u00a0\u00bb.<\/p>\n<p>\u00ab\u00a0Les march\u00e9s de No\u00ebl sont des lieux de rassemblements populaires et symboliques susceptibles d\u2019\u00eatre la cible d\u2019actions violentes ou revendicatives \u00e0 l\u2019image des attentats de Strasbourg le 11\u00a0d\u00e9cembre 2018\u00a0\u00bb, qui avait fait cinq morts, ou encore des attaques meurtri\u00e8res \u00e0 <a href=\"https:\/\/www.20minutes.fr\/dossier\/berlin\" class=\"c-link c-link--is-underlined\" target=\"_blank\" rel=\"noopener\">Berlin<\/a> en\u00a0<a href=\"https:\/\/www.20minutes.fr\/dossier\/2016\" class=\"c-link c-link--is-underlined\" target=\"_blank\" rel=\"noopener\">2016<\/a> et \u00e0 Magdebourg (<a href=\"https:\/\/www.20minutes.fr\/dossier\/allemagne\" class=\"c-link c-link--is-underlined\" target=\"_blank\" rel=\"noopener\">Allemagne<\/a>) en\u00a02024, rappelle le minist\u00e8re.<\/p>\n<p>\u00ab\u00a0Garantir les conditions de s\u00e9curit\u00e9 optimales\u00a0\u00bb<\/p>\n<p>\u00ab\u00a0Compte tenu du niveau tr\u00e8s \u00e9lev\u00e9 de la menace terroriste, je vous demande de maintenir une vigilance maximale et de renforcer les dispositifs de s\u00e9curit\u00e9 sur l\u2019ensemble du territoire\u00a0\u00bb, est-il \u00e9crit. Il demande aux pr\u00e9fets de s\u2019assurer \u00ab\u00a0de la pleine mobilisation des services de renseignement dans la d\u00e9tection, la pr\u00e9vention et, le cas \u00e9ch\u00e9ant, l\u2019entrave des menaces terroristes\u00a0\u00bb.<\/p>\n<\/p>\n<p>Les pr\u00e9fets doivent prendre \u00ab\u00a0les mesures administratives\u00a0\u00bb, par exemple des arr\u00eat\u00e9s d\u2019interdiction et de limitation de stationnement ou de circulation, pour \u00ab\u00a0garantir les conditions de s\u00e9curit\u00e9 optimales\u00a0\u00bb des march\u00e9s de No\u00ebl et autres \u00e9v\u00e9nements \u00ab\u00a0susceptibles de rassembler un grand nombre de participants\u00a0\u00bb.<\/p>\n<p>Incitation de l\u2019Etat islamique<\/p>\n<p>Les pr\u00e9fets doivent \u00e9galement veiller \u00ab\u00a0\u00e0 la mise en place de dispositifs adapt\u00e9s pour se pr\u00e9munir des attaques terroristes et garantir la s\u00e9curit\u00e9 (des) concitoyens\u00a0\u00bb et \u00ab\u00a0\u00e0 la gestion des flux pi\u00e9tons pour optimiser leur protection et leur contr\u00f4le\u00a0\u00bb. Le <a href=\"https:\/\/www.20minutes.fr\/dossier\/ministre_de_l_interieur\" class=\"c-link c-link--is-underlined\" target=\"_blank\" rel=\"noopener\">ministre de l\u2019Int\u00e9rieur<\/a> demande en outre aux repr\u00e9sentants de l\u2019Etat dans les territoires de veiller \u00ab\u00a0\u00e0 assurer une pr\u00e9sence visible et dissuasive des forces de s\u00e9curit\u00e9 int\u00e9rieure et des militaires de la force Sentinelle le cas \u00e9ch\u00e9ant\u00a0\u00bb.<\/p>\n<p>\u00ab\u00a0Quand on lit la propagande des groupuscules terroristes\u00a0\u00bb, les march\u00e9s de <a href=\"https:\/\/www.20minutes.fr\/noel\/\" class=\"c-link c-link--is-underlined\" target=\"_blank\" rel=\"noopener\">No\u00ebl<\/a> \u00ab\u00a0sont des cibles [\u2026] comme le sont les forces de l\u2019ordre, comme le sont les lieux de culte de la communaut\u00e9 juive, comme le sont un certain nombre d\u2019institutions publiques\u00a0\u00bb, avait dit le ministre sur <a href=\"https:\/\/www.20minutes.fr\/dossier\/bfm_tv\" class=\"c-link c-link--is-underlined\" target=\"_blank\" rel=\"noopener\">BFMTV<\/a> dimanche.<\/p>\n<p>Le groupe Etat islamique et Al-Qa\u00efda ne peuvent \u00ab\u00a0plus se projeter sur le territoire\u00a0\u00bb mais peuvent \u00ab\u00a0essayer d\u2019inciter des individus pr\u00e9sents sur le territoire \u00e0 passer \u00e0 l\u2019acte\u00a0\u00bb, a-t-il rappel\u00e9.<\/p>\n","protected":false},"excerpt":{"rendered":"Le ministre de l\u2019Int\u00e9rieur Laurent Nu\u00f1ez a demand\u00e9 mercredi dans un t\u00e9l\u00e9gramme aux pr\u00e9fets de \u00ab\u00a0renforcer les dispositifs&hellip;\n","protected":false},"author":2,"featured_media":576590,"comment_status":"","ping_status":"","sticky":false,"template":"","format":"standard","meta":{"footnotes":""},"categories":[2],"tags":[11,1011,27,5454,36053,7088,12,15830,25,104,1254],"class_list":{"0":"post-576589","1":"post","2":"type-post","3":"status-publish","4":"format-standard","5":"has-post-thumbnail","7":"category-actualites","8":"tag-actualites","9":"tag-fr","10":"tag-france","11":"tag-laurent-nunez","12":"tag-marche-de-noel","13":"tag-ministre-de-linterieur","14":"tag-news","15":"tag-noel","16":"tag-republique-francaise","17":"tag-societe","18":"tag-terrorisme"},"share_on_mastodon":{"url":"https:\/\/pubeurope.com\/@fr\/115658918720029658","error":""},"_links":{"self":[{"href":"https:\/\/www.europesays.com\/fr\/wp-json\/wp\/v2\/posts\/576589","targetHints":{"allow":["GET"]}}],"collection":[{"href":"https:\/\/www.europesays.com\/fr\/wp-json\/wp\/v2\/posts"}],"about":[{"href":"https:\/\/www.europesays.com\/fr\/wp-json\/wp\/v2\/types\/post"}],"author":[{"embeddable":true,"href":"https:\/\/www.europesays.com\/fr\/wp-json\/wp\/v2\/users\/2"}],"replies":[{"embeddable":true,"href":"https:\/\/www.europesays.com\/fr\/wp-json\/wp\/v2\/comments?post=576589"}],"version-history":[{"count":0,"href":"https:\/\/www.europesays.com\/fr\/wp-json\/wp\/v2\/posts\/576589\/revisions"}],"wp:featuredmedia":[{"embeddable":true,"href":"https:\/\/www.europesays.com\/fr\/wp-json\/wp\/v2\/media\/576590"}],"wp:attachment":[{"href":"https:\/\/www.europesays.com\/fr\/wp-json\/wp\/v2\/media?parent=576589"}],"wp:term":[{"taxonomy":"category","embeddable":true,"href":"https:\/\/www.europesays.com\/fr\/wp-json\/wp\/v2\/categories?post=576589"},{"taxonomy":"post_tag","embeddable":true,"href":"https:\/\/www.europesays.com\/fr\/wp-json\/wp\/v2\/tags?post=576589"}],"curies":[{"name":"wp","href":"https:\/\/api.w.org\/{rel}","templated":true}]}}