{"id":576593,"date":"2025-12-04T02:26:22","date_gmt":"2025-12-04T02:26:22","guid":{"rendered":"https:\/\/www.europesays.com\/fr\/576593\/"},"modified":"2025-12-04T02:26:22","modified_gmt":"2025-12-04T02:26:22","slug":"rugby-pro-d2-ce-sont-chaque-fois-nos-erreurs-individuelles-qui-nous-coutent-cher-cette-maitrise-qui-setiole-a-lheure-de-jeu-pour-lus-carcassonne","status":"publish","type":"post","link":"https:\/\/www.europesays.com\/fr\/576593\/","title":{"rendered":"Rugby \u2013 Pro D2\u00a0: \u00ab\u00a0Ce sont chaque fois nos erreurs individuelles qui nous co\u00fbtent cher\u00a0\u00bb, cette ma\u00eetrise qui s\u2019\u00e9tiole \u00e0 l\u2019heure de jeu pour l\u2019US Carcassonne"},"content":{"rendered":"<p>\n                                                                Si depuis un bon mois la formation carcassonnaise fait du surplace au classement, elle ne m\u00e9nage pourtant pas ses efforts aux entra\u00eenements, pour tenter de redresser la barre. Il le faudra avant la r\u00e9ception du leader Vannes, ce vendredi \u00e0 19\u00a0h.\n                            <\/p>\n<p>Comme redout\u00e9, les Canaris ont enregistr\u00e9 la semaine pass\u00e9e un troisi\u00e8me revers successif, apr\u00e8s ceux d\u00e9j\u00e0 connus \u00e0 Dax (19-0), puis \u00e0 domicile face \u00e0 Valence-Romans (28-32). Cette fois, c\u2019est un bien s\u00e9v\u00e8re 48-16 en faveur de Provence Rugby qui a sanctionn\u00e9 les d\u00e9bats.<\/p>\n<p>Un score lourd, incontestablement trop lourd et qui ne refl\u00e8te nullement l\u2019investissement des joueurs carcassonnais sur le pr\u00e9 Maurice-David. En t\u00eate au score (8-16 \u00e0 la 47e), seulement d\u00e9pass\u00e9s avant l\u2019heure de jeu (22-16 \u00e0 la 58e), ils allaient payer comptant leur grosse d\u00e9bauche d\u2019\u00e9nergie fournie durant une heure de jeu\u2026 Mais aussi leur indiscipline punie par ce carton jaune inflig\u00e9 \u00e0 leur ailier Tevita Railevu (54e).<\/p>\n<p class=\"std-elt__inline\">\n        <strong>\u00c0 lire aussi :<\/strong><br \/>\n        <a href=\"https:\/\/www.lindependant.fr\/2025\/11\/28\/rugby-pro-d2-jai-senti-les-joueurs-abattus-par-rapport-a-linvestissement-quils-ont-donne-tranche-le-manager-de-carcassonne-bernard-goutta-apres-la-13080546.php\" target=\"_blank\" rel=\"noopener\">Rugby \u2013 Pro D2\u00a0: \u00ab\u00a0J\u2019ai senti les joueurs abattus, par rapport \u00e0 l\u2019investissement qu\u2019ils ont donn\u00e9\u00a0\u00bb, tranche le manager de Carcassonne Bernard Goutta, apr\u00e8s la lourde d\u00e9faite contre Provence<\/a>\n    <\/p>\n<p>Une physionomie de rencontre h\u00e9las d\u00e9j\u00e0 constat\u00e9e \u00e0 trois autres reprises depuis le d\u00e9but du pr\u00e9sent exercice\u00a0: \u00e0 B\u00e9ziers o\u00f9 les Audois tenaient un (21-14) \u00e0 la 61e minute avant de s\u2019incliner (31-19), \u00e0 domicile contre Colomiers apr\u00e8s avoir men\u00e9 (13-10) \u00e0 la 68e avant de l\u00e2cher (13-15), puis contre Biarritz au pied de la Cit\u00e9 (23-23) apr\u00e8s avoir connu un +\u00a010\u00a0\u00e0 la 63e minute (23-13).<\/p>\n<blockquote>\n<p>On n\u2019a pas un collectif assez fort pour rattraper en permanence ces erreurs-l\u00e0.<\/p>\n<\/blockquote>\n<p>Mais quels sont ces manques qui grippent la machine carcassonnaise et freinent son rendement\u00a0? Et comment les corriger\u00a0?<\/p>\n<p>Souvent dans le coup jusqu\u2019\u00e0 l\u2019heure de jeu, certains \u00e9voquent un manque d\u2019essence auquel serait confront\u00e9 en fin de rencontre le champion de France de Nationale. D\u2019autres parlent d\u2019un effectif pas suffisamment homog\u00e8ne. Face \u00e0 Valence-Romans, le staff avait d\u00e9cid\u00e9 de muscler son banc, h\u00e9las sans plus de r\u00e9sultat sur le verdict final. Mais qu\u2019en pense le manager\u00a0?<\/p>\n<p>\u00ab\u00a0Notre groupe est homog\u00e8ne, r\u00e9torque Bernard Goutta. Et il l\u2019a d\u00e9montr\u00e9 sur certains matches, certaines mi-temps dans la construction. Ce qui nous rend f\u00e9briles, c\u2019est juste notre habilet\u00e9 technique. Quand on fait le bilan du second bloc, le seul probl\u00e8me, c\u2019est nous-m\u00eames. Et chaque fois sur ce manque, je ne dirais pas d\u2019investissement, car l\u2019investissement est l\u00e0, l\u2019\u00e9tat d\u2019esprit est l\u00e0 et on le voit, marquer quatre essais en seconde mi-temps et revenir au score comme on l\u2019a fait contre Valence-Romans, \u00e7a prouve que les joueurs n\u2019ont pas l\u00e2ch\u00e9\u2026 \u00c7a c\u2019est important et ce n\u2019est pas n\u00e9gociable. Par contre on s\u2019est aper\u00e7u, depuis le match de Colomiers, et m\u00eame pour le match de Colomiers, ce sont chaque fois nos erreurs individuelles qui nous co\u00fbtent cher. Autant en attaque qu\u2019en d\u00e9fense, sur nos placements, sur nos skills\u2026 D\u00e8s qu\u2019il y en a un qui s\u2019oublie, il met en difficult\u00e9 le groupe. Et pour le moment, on n\u2019a pas un collectif assez fort pour rattraper en permanence ces erreurs-l\u00e0. On n\u2019a pas encore cette exp\u00e9rience collective qu\u2019on est en train de construire. Mais on apprend.\u00a0\u00bb<\/p>\n<p class=\"std-elt__inline\">\n        <strong>\u00c0 lire aussi :<\/strong><br \/>\n        <a href=\"https:\/\/www.lindependant.fr\/2025\/11\/29\/rugby-pro-d2-malgre-la-lourde-defaite-a-aix-en-provence-des-motifs-despoir-pour-la-suite-de-lus-carcassonne-13081114.php\" target=\"_blank\" rel=\"noopener\">Rugby \u2013 Pro D2\u00a0: malgr\u00e9 la lourde d\u00e9faite \u00e0 Aix-en-Provence, des motifs d\u2019espoir pour la suite de l\u2019US Carcassonne<\/a>\n    <\/p>\n<p>N\u00e9anmoins, la saison avance, vite, tr\u00e8s vite, et il faut tr\u00e8s rapidement rem\u00e9dier \u00e0 ces probl\u00e9matiques destructrices. \u00ab\u00a0On travaille ce qui n\u2019allait pas, nos attitudes au contact, des choses basiques, tout ce qui est jeu sans ballon. On fait un peu moins de rugby, un peu plus de s\u00e9par\u00e9 et beaucoup de skills, notamment au dojo ou sur le terrain. Je pense que c\u2019est comme \u00e7a que l\u2019on va corriger notre habilet\u00e9 technique et que l\u2019on va redonner de la confiance \u00e0 nos joueurs, par le travail et notamment sur nos skills\u00a0\u00bb, confie le technicien.<\/p>\n<p>L\u2019heure de faire tomber un gros\u00a0?<\/p>\n<p>Vendredi dernier, apr\u00e8s une premi\u00e8re mi-temps carcassonnaise tr\u00e8s solide et une d\u00e9fense de fer, c\u2019est la qualit\u00e9 du banc de Provence Rugby qui a fait la diff\u00e9rence (NDLR\u00a0: et notamment la rentr\u00e9e d\u2019Arthur Coville qui a tout chang\u00e9). Longtemps sur le point de rupture, la strat\u00e9gie audoise a bien fonctionn\u00e9 avec en point d\u2019orgue les bons contests entre autres de Bilal Fadli ou de Lopeti Timani. Mais \u00e7a a fini par l\u00e2cher \u00e0 partir du carton jaune. Les Canaris se sont accroch\u00e9s, ont bien jet\u00e9 leur venin, mais force est de reconna\u00eetre que les deux formations ne boxent\u00a0pas dans la m\u00eame cat\u00e9gorie. Et le rouleau compresseur proven\u00e7al a fini par rouler sur les Audois.<\/p>\n<p>Maintenant, on ne cesse de le rappeler\u00a0: si les ambitions se gagnent \u00e0 l\u2019ext\u00e9rieur, le maintien lui, se joue \u00e0 domicile. Et \u00e0 Domec, devant leur fid\u00e8le public, les co\u00e9quipiers de Romain Manchia cherchent toujours \u00e0 \u00e9pingler un gros\u00a0\u00e0 leur tableau de chasse. Cela tombe plut\u00f4t bien, vendredi soir (19\u00a0h), ce n\u2019est autre que le leader de Pro D2, Vannes, qui se pr\u00e9sente au pied de la Cit\u00e9.<\/p>\n","protected":false},"excerpt":{"rendered":"Si depuis un bon mois la formation carcassonnaise fait du surplace au classement, elle ne m\u00e9nage pourtant pas&hellip;\n","protected":false},"author":2,"featured_media":576594,"comment_status":"","ping_status":"","sticky":false,"template":"","format":"standard","meta":{"footnotes":""},"categories":[1416],"tags":[4086,14043,1011,27,479,1468,68796,517,60],"class_list":{"0":"post-576593","1":"post","2":"type-post","3":"status-publish","4":"format-standard","5":"has-post-thumbnail","7":"category-rugby","8":"tag-aude","9":"tag-carcassonne","10":"tag-fr","11":"tag-france","12":"tag-rugby","13":"tag-rugby-football","14":"tag-rugby-u00e0-xv","15":"tag-sport","16":"tag-sports"},"share_on_mastodon":{"url":"https:\/\/pubeurope.com\/@fr\/115658934497954621","error":""},"_links":{"self":[{"href":"https:\/\/www.europesays.com\/fr\/wp-json\/wp\/v2\/posts\/576593","targetHints":{"allow":["GET"]}}],"collection":[{"href":"https:\/\/www.europesays.com\/fr\/wp-json\/wp\/v2\/posts"}],"about":[{"href":"https:\/\/www.europesays.com\/fr\/wp-json\/wp\/v2\/types\/post"}],"author":[{"embeddable":true,"href":"https:\/\/www.europesays.com\/fr\/wp-json\/wp\/v2\/users\/2"}],"replies":[{"embeddable":true,"href":"https:\/\/www.europesays.com\/fr\/wp-json\/wp\/v2\/comments?post=576593"}],"version-history":[{"count":0,"href":"https:\/\/www.europesays.com\/fr\/wp-json\/wp\/v2\/posts\/576593\/revisions"}],"wp:featuredmedia":[{"embeddable":true,"href":"https:\/\/www.europesays.com\/fr\/wp-json\/wp\/v2\/media\/576594"}],"wp:attachment":[{"href":"https:\/\/www.europesays.com\/fr\/wp-json\/wp\/v2\/media?parent=576593"}],"wp:term":[{"taxonomy":"category","embeddable":true,"href":"https:\/\/www.europesays.com\/fr\/wp-json\/wp\/v2\/categories?post=576593"},{"taxonomy":"post_tag","embeddable":true,"href":"https:\/\/www.europesays.com\/fr\/wp-json\/wp\/v2\/tags?post=576593"}],"curies":[{"name":"wp","href":"https:\/\/api.w.org\/{rel}","templated":true}]}}