{"id":576599,"date":"2025-12-04T02:32:15","date_gmt":"2025-12-04T02:32:15","guid":{"rendered":"https:\/\/www.europesays.com\/fr\/576599\/"},"modified":"2025-12-04T02:32:15","modified_gmt":"2025-12-04T02:32:15","slug":"diakite-au-psg-le-gros-pari-de-luis-campos","status":"publish","type":"post","link":"https:\/\/www.europesays.com\/fr\/576599\/","title":{"rendered":"Diakit\u00e9 au PSG, le gros pari de Luis Campos"},"content":{"rendered":"<p><b>Toujours en qu\u00eate d&rsquo;un renfort au poste de d\u00e9fenseur central, le Paris Saint-Germain a coch\u00e9 le nom d&rsquo;un joueur qui connait bien la Ligue 1 : Bafod\u00e9 Diakit\u00e9. Auteur de prestations convaincantes \u00e0 Bournemouth, il voit d\u00e9j\u00e0 les portes d&rsquo;un retour en France s&rsquo;ouvrir \u00e0 lui.<\/b><\/p>\n<p>Ce serait mentir de dire que le <a href=\"https:\/\/www.foot01.com\/paris\" target=\"_self\" rel=\"noopener\">Paris Saint-Germain<\/a> n&rsquo;a pas besoin de renforcer son secteur d\u00e9fensif. Avec les joueurs dont il dispose pour confectionner une charni\u00e8re centrale de qualit\u00e9, Luis Enrique n&rsquo;a pas non plus beaucoup d&rsquo;options ultra viables. Willian Pacho surnage, mais Marquinhos vieillit, Illya Zabarnyi d\u00e9\u00e7oit et Lucas Beraldo r\u00eave d&rsquo;une autre destination. Autant de facteurs qui poussent la direction parisienne \u00e0 explorer de nouvelles pistes pour tenter de renforcer l&rsquo;arri\u00e8re-garde. Si de nombreux joueurs sont actuellement sond\u00e9s en marge du <a href=\"https:\/\/www.foot01.com\/mercato\" title=\"Mercato\" target=\"_blank\" rel=\"noopener\">mercato<\/a> hivernal, d&rsquo;autres le sont pour un recrutement lors du prochain mercato estival. Parmi eux, on retrouve notamment Bafod\u00e9 Diakit\u00e9, l&rsquo;ancien d\u00e9fenseur du LOSC et du TFC, aujourd&rsquo;hui \u00e0 Bournemouth.<img decoding=\"async\" src=\"https:\/\/www.europesays.com\/fr\/wp-content\/uploads\/2025\/12\/22536030.png\" alt=\"B. Diakit\u00e9\" class=\"w-16 h-16 object-cover rounded-full\"\/><\/p>\n<p>B. Diakit\u00e9<\/p>\n<p><img decoding=\"async\" src=\"https:\/\/www.europesays.com\/fr\/wp-content\/uploads\/2025\/09\/fr.png\" alt=\"France\" class=\"w-6 h-4 object-cover\"\/>France \u2022 \u00c2ge 25 \u2022 D\u00e9fenseurLe PSG a coch\u00e9 le nom de Diakit\u00e9<\/p>\n<p>Comme l&rsquo;indique Fichajes, le Paris Saint-Germain fait partie de ces clubs qui sont tr\u00e8s int\u00e9ress\u00e9s \u00e0 l&rsquo;id\u00e9e de recruter Bafod\u00e9 Diakit\u00e9. Le natif de Toulouse avait quitt\u00e9 les Dogues en fin de saison derni\u00e8re apr\u00e8s trois ann\u00e9es fructueuses pass\u00e9es dans le Nord de la France contre un ch\u00e8que de 35 millions d&rsquo;euros. Une jolie plus-value pour le club nordiste qui l&rsquo;avait recrut\u00e9 pour seulement 3 millions d&rsquo;euros \u00e0 l&rsquo;origine. Du c\u00f4t\u00e9 du PSG, on appr\u00e9cie visiblement son d\u00e9but de saison chez les Cherries. Utilis\u00e9 quasi syst\u00e9matiquement par Andoni Iraola, il est un artisan important de la premi\u00e8re moiti\u00e9 de saison convaincante de Bournemouth en Premier League, gr\u00e2ce \u00e0 une adaptation rapide.<\/p>\n<p>Le m\u00e9dia sp\u00e9cialis\u00e9 dans les rumeurs mercato ne d\u00e9voile pas de montant possible pour un transfert de Diakit\u00e9 au PSG, mais on apprend que sa venue est conditionn\u00e9e \u00e0 un transfert important qui mettrait Bournemouth dans une situation financi\u00e8re int\u00e9ressante.<\/p>\n","protected":false},"excerpt":{"rendered":"Toujours en qu\u00eate d&rsquo;un renfort au poste de d\u00e9fenseur central, le Paris Saint-Germain a coch\u00e9 le nom d&rsquo;un&hellip;\n","protected":false},"author":2,"featured_media":533848,"comment_status":"","ping_status":"","sticky":false,"template":"","format":"standard","meta":{"footnotes":""},"categories":[1410],"tags":[63,1011,27,1434,93,60],"class_list":{"0":"post-576599","1":"post","2":"type-post","3":"status-publish","4":"format-standard","5":"has-post-thumbnail","7":"category-football","8":"tag-football","9":"tag-fr","10":"tag-france","11":"tag-mercato","12":"tag-psg","13":"tag-sports"},"share_on_mastodon":{"url":"https:\/\/pubeurope.com\/@fr\/115658959052262507","error":""},"_links":{"self":[{"href":"https:\/\/www.europesays.com\/fr\/wp-json\/wp\/v2\/posts\/576599","targetHints":{"allow":["GET"]}}],"collection":[{"href":"https:\/\/www.europesays.com\/fr\/wp-json\/wp\/v2\/posts"}],"about":[{"href":"https:\/\/www.europesays.com\/fr\/wp-json\/wp\/v2\/types\/post"}],"author":[{"embeddable":true,"href":"https:\/\/www.europesays.com\/fr\/wp-json\/wp\/v2\/users\/2"}],"replies":[{"embeddable":true,"href":"https:\/\/www.europesays.com\/fr\/wp-json\/wp\/v2\/comments?post=576599"}],"version-history":[{"count":0,"href":"https:\/\/www.europesays.com\/fr\/wp-json\/wp\/v2\/posts\/576599\/revisions"}],"wp:featuredmedia":[{"embeddable":true,"href":"https:\/\/www.europesays.com\/fr\/wp-json\/wp\/v2\/media\/533848"}],"wp:attachment":[{"href":"https:\/\/www.europesays.com\/fr\/wp-json\/wp\/v2\/media?parent=576599"}],"wp:term":[{"taxonomy":"category","embeddable":true,"href":"https:\/\/www.europesays.com\/fr\/wp-json\/wp\/v2\/categories?post=576599"},{"taxonomy":"post_tag","embeddable":true,"href":"https:\/\/www.europesays.com\/fr\/wp-json\/wp\/v2\/tags?post=576599"}],"curies":[{"name":"wp","href":"https:\/\/api.w.org\/{rel}","templated":true}]}}