{"id":576600,"date":"2025-12-04T02:33:15","date_gmt":"2025-12-04T02:33:15","guid":{"rendered":"https:\/\/www.europesays.com\/fr\/576600\/"},"modified":"2025-12-04T02:33:15","modified_gmt":"2025-12-04T02:33:15","slug":"surement-lune-des-personnes-les-plus-jean-dujardin-dans-c-a-vous-il-vide-son-sac-au-sujet-de-george-clooney","status":"publish","type":"post","link":"https:\/\/www.europesays.com\/fr\/576600\/","title":{"rendered":"\u00ab\u00a0S\u00fbrement l\u2019une des personnes les plus\u00a0\u00bb : Jean Dujardin dans \u00ab\u00a0C \u00e0 Vous\u00a0\u00bb, il vide son sac au sujet de George Clooney"},"content":{"rendered":"<p>Entre <a href=\"https:\/\/www.public.fr\/tag\/george-clooney\" target=\"_blank\" rel=\"noopener\">George Clooney<\/a> et <a href=\"https:\/\/www.public.fr\/tag\/jean-dujardin\" target=\"_blank\" rel=\"noopener\">Jean Dujardin,<\/a> l\u2019amiti\u00e9 dure depuis des ann\u00e9es. Et pourtant, celle-ci a vu le jour il y a peu. Plus pr\u00e9cis\u00e9ment au d\u00e9but des ann\u00e9es 2010, lorsque le second conna\u00eet un succ\u00e8s mondial avec <strong>The Artist,<\/strong> couronn\u00e9 de cinq Oscars lors de la c\u00e9r\u00e9monie en 2012.<\/p>\n<p>George Clooney, \u00e9galement nomm\u00e9 cette ann\u00e9e-l\u00e0 pour <strong>The Descendants<\/strong>, partage alors avec lui la sc\u00e8ne internationale des c\u00e9r\u00e9monies hollywoodiennes. Loin d\u2019\u00eatre rivaux, les deux acteurs affichent une complicit\u00e9 \u00e9vidente lors des \u00e9v\u00e8nements de la saison des r\u00e9compenses : photos c\u00f4te \u00e0 c\u00f4te, \u00e9changes amus\u00e9s et interviews crois\u00e9es. L\u2019acteur am\u00e9ricain f\u00e9licite d\u2019ailleurs publiquement son homologue fran\u00e7ais pour sa performance, qu\u2019il qualifie de \u00ab\u00a0brillante\u00a0\u00bb, tandis que l\u2019acteur fran\u00e7ais souligne le charisme et la bienveillance de son confr\u00e8re am\u00e9ricain.<\/p>\n<p>Cette proximit\u00e9 d\u00e9bouche logiquement sur un projet commun en 2014 : <strong>Monuments Men<\/strong>, film r\u00e9alis\u00e9 par George Clooney dans lequel joue le com\u00e9dien am\u00e9ricain. Dans celui-ci, <a href=\"https:\/\/vsd.fr\/tag\/jean-dujardin\/\" target=\"_blank\" rel=\"noopener\">Jean Dujardin<\/a> y incarne \u00e9galement un des membres de l\u2019unit\u00e9 charg\u00e9e de r\u00e9cup\u00e9rer des \u0153uvres d\u2019art vol\u00e9es par les nazis. Le tournage renforce la bonne entente entre les deux hommes mais, depuis, plus aucune collaboration sur le grand \u00e9cran.<\/p>\n<p>George Clooney et Jean Dujardin, une complicit\u00e9 n\u00e9e il y a peu, mais qui dure <\/p>\n<p>Cela n\u2019enl\u00e8ve rien \u00e0 leur proximit\u00e9 pour autant. La preuve, ce mercredi 3 d\u00e9cembre 2025, lorsque l\u2019ancien compagnon de <a href=\"https:\/\/www.public.fr\/tag\/nathalie-pechalat\" target=\"_blank\" rel=\"noopener\">Nathalie P\u00e9chalat<\/a> a \u00ab\u00a0rendu visite\u00a0\u00bb \u00e0 son ami. George Clooney \u00e9tait l\u2019invit\u00e9 de <strong>C \u00e0 Vous<\/strong> en compagnie d\u2019Adam Sandler, avec qui il partage l\u2019affiche du film <strong>Jay Kelly<\/strong>, disponible \u00e0 partir du 5 d\u00e9cembre prochain sur Netflix.\u00a0<\/p>\n<p>Avant que Jean Dujardin ne d\u00e9barque, <a href=\"https:\/\/www.public.fr\/tag\/bertrand-chameroy\" target=\"_blank\" rel=\"noopener\">Bertrand Chameroy<\/a> s\u2019est rem\u00e9mor\u00e9 un hilarant moment entre l\u2019acteur am\u00e9ricain et l\u2019acteur fran\u00e7ais. Lorsque les deux \u00e9taient invit\u00e9s au JT de France 2 le 4 mars 2014 \u00e0 l\u2019occasion de la sortie de <strong>Monuments Men<\/strong>.<\/p>\n<p>\u00ab\u00a0Vous avez tous les talents, y compris celui-ci, celui d&rsquo;imiter comme personne (\u2026) Et c&rsquo;est fou parce que m\u00eame un vrai ascenseur joue moins bien que vous. Au ralenti, \u00e7a avait l&rsquo;air encore mieux\u00a0\u00bb, s\u2019est amus\u00e9 le chroniqueur d\u2019Anne-\u00c9lisabeth Lemoine en d\u00e9voilant la s\u00e9quence dans laquelle le duo s&rsquo;amuse \u00e0 mimer un ascenseur qui monte et descend \u00e0 l\u2019invit\u00e9 du soir. <\/p>\n<p>L&rsquo;acteur fran\u00e7ais dit tout ce qu&rsquo;il pense de son homologue am\u00e9ricain<\/p>\n<p>Apr\u00e8s avoir fait rire George Clooney en lui rem\u00e9morant cet amusant moment avec Jean Dujardin, Bertrand Chameroy lui a annonc\u00e9 qu\u2019une surprise l\u2019attendait : \u00ab\u00a0J&rsquo;ai une petite surprise pour vous, George a un ami, un petit message pour vous. Il s&rsquo;agit de &lsquo;Jean from the garden&rsquo;.<\/p>\n<p>\u00ab\u00a0Bonjour \u00e0 tous. Euh, bon, \u00e9videmment, c&rsquo;est toujours tr\u00e8s compliqu\u00e9 de parler de quelqu&rsquo;un qu&rsquo;on aime \u00e0 la t\u00e9l\u00e9 sans en faire des caisses\u00a0\u00bb, a alors l\u00e2ch\u00e9 Jean Dujardin via un extrait vid\u00e9o diffus\u00e9 sur C \u00e0 Vous, avant de poursuivre : \u00ab\u00a0Alors, je vais \u00e9viter de dire que George Clooney est <strong>s\u00fbrement l&rsquo;une des personnes les plus dr\u00f4les, les plus talentueuses, int\u00e8gre, bienveillante et \u00e9videmment tr\u00e8s intelligente<\/strong>\u00ab\u00a0.<\/p>\n<p>Apr\u00e8s cette pluie d\u2019\u00e9loges, l\u2019acteur fran\u00e7ais \u00e2g\u00e9 de 53 ans a soumis une demande particuli\u00e8re \u00e0 son ami : \u00ab\u00a0En revanche, mon cher George, est-ce que tu pourrais, dans ta grande g\u00e9n\u00e9rosit\u00e9, essayer de cr\u00e9er en France la premi\u00e8re \u00e9cole de la classe ? La \u2018classe school\u2019, la \u2018smart school\u2019, la smart school de George Clooney. What else ?\u00a0\u00bb. <\/p>\n<p>Une demande qui a beaucoup amus\u00e9 le principal int\u00e9ress\u00e9. Ce dernier, bien qu\u2019il n\u2019ait pas r\u00e9pondu \u00e0 la demande de son homologue, a tout de m\u00eame souhait\u00e9 faire l\u2019\u00e9loge de celui-ci, pour lui rendre ses compliments. De fait, George Clooney consid\u00e8re Jean Dujardin comme une \u00ab\u00a0star nationale\u00a0\u00bb, pas reconnue \u00e0 sa juste valeur en France.\u00a0<\/p>\n<p>\n          Hits &amp; People en continu\n        <\/p>\n<p>\n          Public Radio\n        <\/p>\n<p>      Mentionn\u00e9s dans cet article<\/p>\n<p>      Sur le m\u00eame sujet<\/p>\n","protected":false},"excerpt":{"rendered":"Entre George Clooney et Jean Dujardin, l\u2019amiti\u00e9 dure depuis des ann\u00e9es. Et pourtant, celle-ci a vu le jour&hellip;\n","protected":false},"author":2,"featured_media":576601,"comment_status":"","ping_status":"","sticky":false,"template":"","format":"standard","meta":{"footnotes":""},"categories":[1359],"tags":[5631,5632,58,59,1011,27,6054,218,973],"class_list":{"0":"post-576600","1":"post","2":"type-post","3":"status-publish","4":"format-standard","5":"has-post-thumbnail","7":"category-people","8":"tag-anne-elisabeth-lemoine","9":"tag-c-a-vous","10":"tag-divertissement","11":"tag-entertainment","12":"tag-fr","13":"tag-france","14":"tag-george-clooney","15":"tag-jean-dujardin","16":"tag-people"},"share_on_mastodon":{"url":"https:\/\/pubeurope.com\/@fr\/115658961925660081","error":""},"_links":{"self":[{"href":"https:\/\/www.europesays.com\/fr\/wp-json\/wp\/v2\/posts\/576600","targetHints":{"allow":["GET"]}}],"collection":[{"href":"https:\/\/www.europesays.com\/fr\/wp-json\/wp\/v2\/posts"}],"about":[{"href":"https:\/\/www.europesays.com\/fr\/wp-json\/wp\/v2\/types\/post"}],"author":[{"embeddable":true,"href":"https:\/\/www.europesays.com\/fr\/wp-json\/wp\/v2\/users\/2"}],"replies":[{"embeddable":true,"href":"https:\/\/www.europesays.com\/fr\/wp-json\/wp\/v2\/comments?post=576600"}],"version-history":[{"count":0,"href":"https:\/\/www.europesays.com\/fr\/wp-json\/wp\/v2\/posts\/576600\/revisions"}],"wp:featuredmedia":[{"embeddable":true,"href":"https:\/\/www.europesays.com\/fr\/wp-json\/wp\/v2\/media\/576601"}],"wp:attachment":[{"href":"https:\/\/www.europesays.com\/fr\/wp-json\/wp\/v2\/media?parent=576600"}],"wp:term":[{"taxonomy":"category","embeddable":true,"href":"https:\/\/www.europesays.com\/fr\/wp-json\/wp\/v2\/categories?post=576600"},{"taxonomy":"post_tag","embeddable":true,"href":"https:\/\/www.europesays.com\/fr\/wp-json\/wp\/v2\/tags?post=576600"}],"curies":[{"name":"wp","href":"https:\/\/api.w.org\/{rel}","templated":true}]}}