{"id":576602,"date":"2025-12-04T02:34:11","date_gmt":"2025-12-04T02:34:11","guid":{"rendered":"https:\/\/www.europesays.com\/fr\/576602\/"},"modified":"2025-12-04T02:34:11","modified_gmt":"2025-12-04T02:34:11","slug":"voici-ce-que-revele-la-nouvelle-elle-decor-a-list-2025-sur-les-decorateurs-qui-dictent-la-deco-haut-de-gamme-de-kelly-wearstler-a-sasha-bikoff","status":"publish","type":"post","link":"https:\/\/www.europesays.com\/fr\/576602\/","title":{"rendered":"Voici ce que r\u00e9v\u00e8le la nouvelle ELLE Decor A-List 2025 sur les d\u00e9corateurs qui dictent la d\u00e9co haut de gamme, de Kelly Wearstler \u00e0 Sasha Bikoff"},"content":{"rendered":"<p>Chaque ann\u00e9e, la revue am\u00e9ricaine Elle Decor publie sa<br \/>\nprestigieuse <strong>ELLE Decor A-List<\/strong>, une s\u00e9lection tres<br \/>\nsurveill\u00e9e de d\u00e9corateurs et d\u2019architectes d\u2019int\u00e9rieur. L\u2019\u00e9dition<br \/>\n2025 vient d\u2019\u00eatre r\u00e9v\u00e9l\u00e9e et, derri\u00e8re la succession de noms, se<br \/>\ndessine un portrait instantan\u00e9 des styles et des villes qui font la<br \/>\nd\u00e9co haut de gamme.<\/p>\n<p>Cette <strong>ELLE Decor A-List 2025<\/strong> distingue toujours<br \/>\nses <strong>ELLE Decor A-List Titans<\/strong> &#8211; les ma\u00eetres<br \/>\ninstall\u00e9s &#8211; et une s\u00e9rie de studios plus r\u00e9cents, de New York \u00e0<br \/>\nParis en passant par Milan. Pour un lecteur fran\u00e7ais, c\u2019est une<br \/>\nporte d\u2019entr\u00e9e vers les <strong>meilleurs d\u00e9corateurs d\u2019int\u00e9rieur<br \/>\n2025<\/strong>, du glamour californien de Kelly Wearstler au<br \/>\nminimalisme textur\u00e9 de Vincent Van Duysen, en passant par les<br \/>\nunivers d\u2019India Mahdavi ou de l\u2019architecte Peter Marino.<\/p>\n<p>ELLE Decor A-List 2025 : un barom\u00e8tre mondial du design<br \/>\nint\u00e9rieur<\/p>\n<p>Depuis quinze ans, la <strong>ELLE Decor A-List<\/strong> joue le<br \/>\nr\u00f4le de boussole, un peu comme l\u2019AD100 chez Architectural Digest.<br \/>\nEn 2020, la revue d\u00e9crivait d\u2019ailleurs sa s\u00e9lection comme<br \/>\nr\u00e9pertoriant les \u00ab\u00a0125 meilleurs d\u00e9corateurs d\u2019int\u00e9rieur du monde\u00a0\u00bb,<br \/>\nrappelait Elle Decor, cit\u00e9e par Challenges.<\/p>\n<p>Les <strong>ELLE Decor A-List Titans<\/strong> concentrent ces<br \/>\nstars de la profession, mais la galaxie A-List d\u00e9borde aussi dans<br \/>\ndes projets publics. L\u2019architecte br\u00e9silienne Juliana Lima<br \/>\nVasconcellos, r\u00e9guli\u00e8rement pr\u00e9sente dans la Elle Decor A-List USA,<br \/>\nsignera par exemple du 6 au 13 avril 2025 l\u2019installation immersive<br \/>\nSource of Pleasure pour Lavazza, dans la cour du Palazzo<br \/>\ndel Senato \u00e0 Milan, une structure circulaire de 18 m\u00e8tres avec<br \/>\ncolonne d\u2019eau lumineuse autour du caf\u00e9. Pour ce groupe familial<br \/>\nfond\u00e9 \u00e0 Turin en 1895 et pr\u00e9sent dans 140 march\u00e9s, cette<br \/>\ncollaboration illustre la volont\u00e9 de \u00ab\u00a0r\u00e9veiller un monde meilleur<br \/>\nchaque matin\u00a0\u00bb.<\/p>\n<p>Des Titans aux ic\u00f4nes pop : Sasha Bikoff et les designers de la<br \/>\nA-List<\/p>\n<p>Face \u00e0 ces grands noms, la A-List a aussi servi de tremplin \u00e0<br \/>\ndes profils plus pop comme Sasha Bikoff, d\u00e9coratrice new-yorkaise<br \/>\npass\u00e9e par la <strong>ELLE Decor A-List 2020<\/strong> et par la<br \/>\n\u00ab\u00a0Gold List\u00a0\u00bb 2024 du magazine Luxe Interiors + Design. Le \u00ab\u00a0New York<br \/>\nTimes\u00a0\u00bb l\u2019avait surnomm\u00e9e \u00ab\u00a0L\u2019architecte d\u2019int\u00e9rieur pour les jeunes<br \/>\net fortun\u00e9s\u00a0\u00bb et saluait une \u00ab\u00a0approche audacieuse de la<br \/>\njuxtaposition des couleurs avec des motifs vifs, qui lui vaut une<br \/>\nliste croissante de clients, notamment des femmes d\u2019affaires et de<br \/>\njeunes couples de Manhattan\u00a0\u00bb, rapportait Challenges, tandis qu\u2019un<br \/>\ntitre des Hamptons \u00e9crivait : \u00ab\u00a0Si Marie-Antoinette \u00e9tait la reine<br \/>\nde France aujourd\u2019hui, sa d\u00e9coratrice d\u2019int\u00e9rieur s\u2019appellerait<br \/>\nSasha Bikoff.\u00a0\u00bb<\/p>\n<p>Son univers maximaliste, nourri de baroque fran\u00e7ais, de Memphis<br \/>\ndes ann\u00e9es 1980 ou d\u2019Art d\u00e9co de Miami, ne laisse personne<br \/>\nindiff\u00e9rent. \u00ab\u00a0Si certains critiques estiment que je suis<br \/>\ntape-\u00e0-l\u2019\u0153il, c\u2019est qu\u2019ils ne comprennent rien\u00a0\u00bb, lance-t-elle,<br \/>\navant d\u2019ajouter : \u00ab\u00a0J\u2019\u00e9tudie tr\u00e8s rigoureusement les<br \/>\ncaract\u00e9ristiques de chaque \u00e9poque pour les associer et en faire<br \/>\nquelque chose d\u2019unique.\u00a0\u00bb \u00c0 ceux qui jugeraient son bureau<br \/>\nnew-yorkais kitsch, elle r\u00e9pond simplement : \u00ab\u00a0Non, amusant !\u00a0\u00bb<\/p>\n<p>Ce que r\u00e9v\u00e8le Sasha Bikoff de l\u2019esprit<br \/>\nA-List 2025<\/p>\n<p>Ses rep\u00e8res sont intimes : une grand-m\u00e8re iranienne \u00ab\u00a0\u00e9l\u00e9gante en<br \/>\ntoutes circonstances\u00a0\u00bb et Lisa Fine, qui l\u2019a \u00ab\u00a0beaucoup influenc\u00e9e\u00a0\u00bb.<br \/>\n\u00ab\u00a0Tout m\u2019inspire\u00a0\u00bb, r\u00e9sume-t-elle, de la nature aux ma\u00eetres de la<br \/>\nRenaissance. De sa m\u00e8re pianiste, elle garde l\u2019id\u00e9e \u00ab\u00a0qu\u2019une femme<br \/>\ndoit pourvoir \u00e0 ses besoins sans d\u00e9pendre de personne\u00a0\u00bb et, tr\u00e8s<br \/>\njeune, transforme sa chambre en nuancier de \u00ab\u00a0plusieurs nuances de<br \/>\nrose\u00a0\u00bb. Quand elle propose ensuite de refaire l\u2019appartement<br \/>\nmaternel, elle pose une r\u00e8gle unique &#8211; \u00ab\u00a0\u00e0 condition de ne pas me<br \/>\nrestreindre sur le budget et de ne me poser aucune question\u00a0\u00bb &#8211;<br \/>\navant de se faire remarquer \u00e0 la Kips Bay Decorator Show House, o\u00f9<br \/>\nelle dit : \u00ab\u00a0J\u2019ai imm\u00e9diatement senti une \u00e9nergie qui m\u2019\u00e9voquait la<br \/>\ndanse et c\u2019est ainsi que j\u2019ai travaill\u00e9 autour du th\u00e8me du<br \/>\njazz.\u00a0\u00bb<\/p>\n<p>Son travail au quotidien repose sur une chasse permanente aux<br \/>\npi\u00e8ces uniques. \u00ab\u00a0J\u2019utilise tout ce qui est \u00e0 ma disposition\u00a0\u00bb,<br \/>\nexplique-t-elle, \u00ab\u00a0Pour trouver des objets rares et des antiquit\u00e9s,<br \/>\nje cherche sur Internet, dans les salles des ventes et les march\u00e9s<br \/>\naux puces.\u00a0\u00bb Elle insiste : \u00ab\u00a0Aucun de mes projets ne comporte de<br \/>\nd\u00e9cor produit en s\u00e9rie. Les pi\u00e8ces artisanales ne font pas que<br \/>\nrendre un espace plus beau, elles tissent aussi un r\u00e9cit autour de<br \/>\nleur provenance.\u00a0\u00bb Elle planche aujourd\u2019hui \u00ab\u00a0sur un village de<br \/>\nplusieurs bungalows aux Bermudes. L\u2019ambiance y sera tr\u00e8s tropicale\u00a0\u00bb<br \/>\net tient \u00ab\u00a0\u00e0 travailler avec des marques\u00a0\u00bb, qu\u2019il s\u2019agisse de sa<br \/>\nlampe hibiscus, \u00ab\u00a0ma fleur pr\u00e9f\u00e9r\u00e9e\u00a0\u00bb, ou de projets plus<br \/>\naccessibles. Pass\u00e9e par la galerie Gagosian, o\u00f9 elle dit avoir<br \/>\n\u00ab\u00a0beaucoup appris\u00a0\u00bb, elle r\u00eave de \u00ab\u00a0Travailler pour une star, comme<br \/>\nMariah Carey, mais aussi pour une marque de la grande<br \/>\ndistribution.\u00a0\u00bb Ces enseignes \u00ab\u00a0qui touchent un large public\u00a0\u00bb collent<br \/>\n\u00e0 son credo assum\u00e9 : \u00ab\u00a0Et alors ? Il y a des influenceurs qui<br \/>\ns\u2019improvisent d\u00e9corateurs, moi, je suis une d\u00e9coratrice devenue<br \/>\ninfluenceuse. J\u2019assume totalement. Je suis une mill\u00e9niale. Je vis<br \/>\navec mon temps.\u00a0\u00bb<\/p>\n","protected":false},"excerpt":{"rendered":"Chaque ann\u00e9e, la revue am\u00e9ricaine Elle Decor publie sa prestigieuse ELLE Decor A-List, une s\u00e9lection tres surveill\u00e9e de&hellip;\n","protected":false},"author":2,"featured_media":576603,"comment_status":"","ping_status":"","sticky":false,"template":"","format":"standard","meta":{"footnotes":""},"categories":[1358],"tags":[17,13041,1348,1384,1385,69080,17488,1805,8117,3055,57211,1386,69076,58,3170,59,1011,27,65332,10771,69077,4743,151,69075,2043,746,3583,7932,69079,3356,6013,69078],"class_list":{"0":"post-576602","1":"post","2":"type-post","3":"status-publish","4":"format-standard","5":"has-post-thumbnail","7":"category-arts-et-design","8":"tag-17","9":"tag-a","10":"tag-arts","11":"tag-arts-and-design","12":"tag-arts-et-design","13":"tag-bikoff","14":"tag-ce","15":"tag-de","16":"tag-deco","17":"tag-decor","18":"tag-decorateurs","19":"tag-design","20":"tag-dictent","21":"tag-divertissement","22":"tag-elle","23":"tag-entertainment","24":"tag-fr","25":"tag-france","26":"tag-gamme","27":"tag-haut","28":"tag-kelly","29":"tag-la","30":"tag-les","31":"tag-list","32":"tag-nouvelle","33":"tag-que","34":"tag-qui","35":"tag-revele","36":"tag-sasha","37":"tag-sur","38":"tag-voici","39":"tag-wearstler"},"share_on_mastodon":{"url":"","error":""},"_links":{"self":[{"href":"https:\/\/www.europesays.com\/fr\/wp-json\/wp\/v2\/posts\/576602","targetHints":{"allow":["GET"]}}],"collection":[{"href":"https:\/\/www.europesays.com\/fr\/wp-json\/wp\/v2\/posts"}],"about":[{"href":"https:\/\/www.europesays.com\/fr\/wp-json\/wp\/v2\/types\/post"}],"author":[{"embeddable":true,"href":"https:\/\/www.europesays.com\/fr\/wp-json\/wp\/v2\/users\/2"}],"replies":[{"embeddable":true,"href":"https:\/\/www.europesays.com\/fr\/wp-json\/wp\/v2\/comments?post=576602"}],"version-history":[{"count":0,"href":"https:\/\/www.europesays.com\/fr\/wp-json\/wp\/v2\/posts\/576602\/revisions"}],"wp:featuredmedia":[{"embeddable":true,"href":"https:\/\/www.europesays.com\/fr\/wp-json\/wp\/v2\/media\/576603"}],"wp:attachment":[{"href":"https:\/\/www.europesays.com\/fr\/wp-json\/wp\/v2\/media?parent=576602"}],"wp:term":[{"taxonomy":"category","embeddable":true,"href":"https:\/\/www.europesays.com\/fr\/wp-json\/wp\/v2\/categories?post=576602"},{"taxonomy":"post_tag","embeddable":true,"href":"https:\/\/www.europesays.com\/fr\/wp-json\/wp\/v2\/tags?post=576602"}],"curies":[{"name":"wp","href":"https:\/\/api.w.org\/{rel}","templated":true}]}}