{"id":576616,"date":"2025-12-04T02:42:24","date_gmt":"2025-12-04T02:42:24","guid":{"rendered":"https:\/\/www.europesays.com\/fr\/576616\/"},"modified":"2025-12-04T02:42:24","modified_gmt":"2025-12-04T02:42:24","slug":"le-pere-de-liquid-glass-claque-la-porte-et-dautres-cadres-pourraient-le-suivre-frandroid","status":"publish","type":"post","link":"https:\/\/www.europesays.com\/fr\/576616\/","title":{"rendered":"le p\u00e8re de Liquid Glass claque la porte, et d&rsquo;autres cadres pourraient le suivre \u2014 Frandroid"},"content":{"rendered":"<p>Meta fait un nouveau recrutement f\u00e9roce, le g\u00e9ant a r\u00e9ussi \u00e0 d\u00e9baucher le chef de l\u2019UI d\u2019Apple, notamment responsable de Liquid Glass.<\/p>\n<p><a target=\"_blank\" href=\"https:\/\/images.frandroid.com\/wp-content\/uploads\/2025\/06\/apple-liquid-glass-ios-26-32-scaled.jpg\" class=\"article-content__figure\" rel=\"noopener\"><img fetchpriority=\"high\" decoding=\"async\" loading=\"eager\" width=\"1200\" height=\"675\" src=\"https:\/\/www.europesays.com\/fr\/wp-content\/uploads\/2025\/12\/apple-liquid-glass-ios-26-32-scaled.jpg\" alt=\"\" class=\"wp-image-2641897 wp-image wp-image\"  \/><\/a>L\u2019interface Liquid Glass d\u2019Apple \/\/ Source : capture Frandroid<\/p>\n<p>Nouveau coup de tonnerre dans les \u00e9quipes d\u2019Apple. La marque \u00e0 la pomme perd des talents mois apr\u00e8s mois depuis le fiasco d\u2019Apple Intelligence, l\u2019\u00e9chec de l\u2019Apple Vision Pro et la fin du projet Apple Car.<\/p>\n<p>En d\u00e9but de semaine, on apprenait <a href=\"https:\/\/www.frandroid.com\/marques\/2894829_apres-le-fiasco-siri-apple-se-separe-de-son-responsable-de-lia-et-le-remplace-par-an-ancien-de-chez-google\" target=\"_blank\" rel=\"noopener\">le d\u00e9part de John Giannandrea<\/a>, qui supervisait l\u2019IA chez Apple. Il a \u00e9t\u00e9 imm\u00e9diatement remplac\u00e9 par Amar Subramany, l\u2019une des t\u00eates derri\u00e8re Google Gemini pass\u00e9 un temps du c\u00f4t\u00e9 de Microsoft Copilot.<\/p>\n<p><a target=\"_blank\" href=\"https:\/\/images.frandroid.com\/wp-content\/uploads\/2025\/12\/image-10-15.jpg\" class=\"article-content__figure\" rel=\"noopener\"><img loading=\"lazy\" decoding=\"async\" width=\"1200\" height=\"675\" src=\"https:\/\/www.europesays.com\/fr\/wp-content\/uploads\/2025\/12\/image-10-15-1200x675.jpg\" alt=\"\" class=\"wp-image-2897893 wp-image\"  \/><\/a>Alan Dye \/\/ Source : Apple<\/p>\n<p>Ce mercredi 3 d\u00e9cembre 2025, c\u2019est un autre grand nom d\u2019Apple qui quitte le g\u00e9ant californien : Alan Dye. L\u2019information est r\u00e9v\u00e9l\u00e9e par <a target=\"_blank\" href=\"https:\/\/www.bloomberg.com\/news\/articles\/2025-12-03\/apple-design-executive-alan-dye-poached-by-meta-in-major-coup?embedded-checkout=true\" rel=\"noopener\">Bloomberg<\/a>. Il \u00e9tait l\u2019un des principaux cadres d\u2019Apple et \u00e9tait la star de la WWDC 2025 en juin.<\/p>\n<p>                <img decoding=\"async\" width=\"1200\" height=\"446\" loading=\"lazy\" alt=\"Affiliates_1325x492_Frandroid-Watch\" title=\"Affiliates_1325x492_Frandroid-Watch\" class=\"is-radiusless placeholder-default wp-image\" src=\"https:\/\/www.europesays.com\/fr\/wp-content\/uploads\/2025\/12\/affiliates-1325x492-frandroid-watch-1200x446.jpg\" \/>            <\/p>\n<p>\n                    L\u2019Apple Watch Ultra est \u00e0 prix cass\u00e9                <\/p>\n<p class=\"has-text-weight-medium is-size-6 is-line-height-normal\">\n                    Et si pendant le Black Friday, vous profitiez du reconditionn\u00e9 pour faire encore plus d\u2019\u00e9conomies ? Chez Back Market, l\u2019Apple Watch Ultra co\u00fbte moins de 375 euros avec le code KDO2025, valable sur toutes les montres connect\u00e9es.                <\/p>\n<p>Meta recrute toutes les stars de la tech<\/p>\n<p>Depuis l\u2019\u00e9chec du metavers, Mark Zuckerberg a r\u00e9orient\u00e9 son entreprise en faisant all-in sur l\u2019IA. Jusque-l\u00e0 rien d\u2019original, toutes les entreprises de la tech misent en ce moment sur l\u2019IA. <\/p>\n<p>Mais pour ce faire, le milliardaire s\u2019est mis en t\u00eate de recruter les plus grandes pointures du secteur, peu importe d\u2019o\u00f9 elles viennent.<\/p>\n<p>Apple, Google DeepMind, OpenAI, Anthropic, GitHub : Meta multiplie <a href=\"https:\/\/www.frandroid.com\/marques\/meta\/2729777_adieu-meta-bonjour-superintelligence-mark-zuckerberg-chamboule-une-nouvelle-fois-son-entreprise\" target=\"_blank\" rel=\"noopener\">les recrutements de grands noms depuis plusieurs mois<\/a>.<\/p>\n<p>Nouveau coup d\u2019\u00e9clat, le recrutement d\u2019Alan Dye d\u2019Apple. C\u2019est \u00e0 lui que l\u2019on doit la conception de l\u2019interface Liquid Glass, nouveaut\u00e9 majeure d\u2019iOS 26 lanc\u00e9 en 2025. Il supervise en fait toutes les interfaces logicielles d\u2019Apple depuis 2015.<\/p>\n<p>Chez Meta, Alan Dye sera \u00e0 la t\u00eate de l\u2019int\u00e9gration logicielle avec le hardware de Meta et l\u2019IA d\u00e9velopp\u00e9e par le g\u00e9ant. Attendez-vous \u00e0 voir de grandes \u00e9volutions en mati\u00e8re d\u2019interface <a href=\"https:\/\/www.frandroid.com\/marques\/meta\/2794763_nous-avons-essaye-les-meta-ray-ban-display-premiere-lunettes-connectees-a-ecran-couleur\" target=\"_blank\" rel=\"noopener\">dans les prochaines lunettes Meta<\/a>.<\/p>\n<p><a target=\"_blank\" href=\"https:\/\/images.frandroid.com\/wp-content\/uploads\/2025\/12\/image-10-14.jpg\" class=\"article-content__figure\" rel=\"noopener\"><img loading=\"lazy\" decoding=\"async\" width=\"1200\" height=\"675\" src=\"https:\/\/www.europesays.com\/fr\/wp-content\/uploads\/2025\/12\/image-10-14-1200x675.jpg\" alt=\"\" class=\"wp-image-2897889 wp-image\"  \/><\/a>Johny Srouji r\u00e9fl\u00e9chirait aussi \u00e0 quitter Apple \/\/ Source : Apple<\/p>\n<p>Bloomberg ne s\u2019arr\u00eate pas l\u00e0 et d\u00e9voile que la fuite des cerveaux pourrait continuer chez Apple. En effet, \u00a0Johny Srouji, autre star des keynote de la marque et responsable du d\u00e9veloppement des puces Apple Ax, Apple Mx, et plus r\u00e9cemment les Apple Cx, r\u00e9fl\u00e9chit aussi \u00e0 son avenir hors des murs de la marque.<\/p>\n<p>Envie de rejoindre une communaut\u00e9 de passionn\u00e9s ? <a href=\"https:\/\/discord.com\/invite\/frandroid-311789172149190657\" target=\"_blank\" rel=\"noopener\">Notre Discord<\/a> vous accueille, c\u2019est un lieu d\u2019entraide et de passion autour de la tech.<\/p>\n","protected":false},"excerpt":{"rendered":"Meta fait un nouveau recrutement f\u00e9roce, le g\u00e9ant a r\u00e9ussi \u00e0 d\u00e9baucher le chef de l\u2019UI d\u2019Apple, notamment&hellip;\n","protected":false},"author":2,"featured_media":576617,"comment_status":"","ping_status":"","sticky":false,"template":"","format":"standard","meta":{"footnotes":""},"categories":[7],"tags":[270,1011,27,43,40,41,39,42,44],"class_list":{"0":"post-576616","1":"post","2":"type-post","3":"status-publish","4":"format-standard","5":"has-post-thumbnail","7":"category-sciences-et-technologies","8":"tag-breaking","9":"tag-fr","10":"tag-france","11":"tag-science","12":"tag-science-and-technology","13":"tag-sciences","14":"tag-sciences-et-technologies","15":"tag-technologies","16":"tag-technology"},"share_on_mastodon":{"url":"https:\/\/pubeurope.com\/@fr\/115658997598608443","error":""},"_links":{"self":[{"href":"https:\/\/www.europesays.com\/fr\/wp-json\/wp\/v2\/posts\/576616","targetHints":{"allow":["GET"]}}],"collection":[{"href":"https:\/\/www.europesays.com\/fr\/wp-json\/wp\/v2\/posts"}],"about":[{"href":"https:\/\/www.europesays.com\/fr\/wp-json\/wp\/v2\/types\/post"}],"author":[{"embeddable":true,"href":"https:\/\/www.europesays.com\/fr\/wp-json\/wp\/v2\/users\/2"}],"replies":[{"embeddable":true,"href":"https:\/\/www.europesays.com\/fr\/wp-json\/wp\/v2\/comments?post=576616"}],"version-history":[{"count":0,"href":"https:\/\/www.europesays.com\/fr\/wp-json\/wp\/v2\/posts\/576616\/revisions"}],"wp:featuredmedia":[{"embeddable":true,"href":"https:\/\/www.europesays.com\/fr\/wp-json\/wp\/v2\/media\/576617"}],"wp:attachment":[{"href":"https:\/\/www.europesays.com\/fr\/wp-json\/wp\/v2\/media?parent=576616"}],"wp:term":[{"taxonomy":"category","embeddable":true,"href":"https:\/\/www.europesays.com\/fr\/wp-json\/wp\/v2\/categories?post=576616"},{"taxonomy":"post_tag","embeddable":true,"href":"https:\/\/www.europesays.com\/fr\/wp-json\/wp\/v2\/tags?post=576616"}],"curies":[{"name":"wp","href":"https:\/\/api.w.org\/{rel}","templated":true}]}}