{"id":576618,"date":"2025-12-04T02:43:14","date_gmt":"2025-12-04T02:43:14","guid":{"rendered":"https:\/\/www.europesays.com\/fr\/576618\/"},"modified":"2025-12-04T02:43:14","modified_gmt":"2025-12-04T02:43:14","slug":"des-capteurs-de-glycemie-utilises-en-cas-de-diabete-en-cours-de-rappel-apres-plusieurs-morts-et-des-incidents-graves","status":"publish","type":"post","link":"https:\/\/www.europesays.com\/fr\/576618\/","title":{"rendered":"Des capteurs de glyc\u00e9mie, utilis\u00e9s en cas de diab\u00e8te, en cours de rappel apr\u00e8s plusieurs morts et des incidents graves"},"content":{"rendered":"\n<p class=\"c-chapo \">\n  Cette op\u00e9ration concerne \u00ab\u00a0certains capteurs FreeStyle Libre 3 et FreeStyle Libre 3 Plus\u00a0\u00bb, a fait savoir l&rsquo;entreprise pharmaceutique Abbott.\n<\/p>\n<p>      lire plus tard<\/p>\n<p id=\"dialog__title\" class=\"dialog__title\">Pour sauvegarder cet article, connectez-vous ou cr\u00e9ez un compte franceinfo<\/p>\n<p class=\"dialog__description\">Sans paiement. Sans abonnement.<\/p>\n<p>        Fermer la fen\u00eatre d\u2019activation des notifications France Info<\/p>\n<p>      cr\u00e9er votre compte<\/p>\n<p>      se connecter<\/p>\n<p>        Fermer la fen\u00eatre de pr\u00e9sentation<\/p>\n<p>    <img loading=\"lazy\" decoding=\"async\" class=\"signature__image lazyload\" width=\"100\" height=\"100\" data- alt=\"\" src=\"https:\/\/www.europesays.com\/fr\/wp-content\/uploads\/2025\/05\/64a68815cd1a7_placeholder-36b69ec8.png\"\/><\/p>\n<p>    Publi\u00e9 le 04\/12\/2025 00:02<\/p>\n<p>        Temps de lecture : 1min<\/p>\n<p>    <img decoding=\"async\"  alt=\"Une personne diab\u00e9tique mesure son taux de glucose, le 10 septembre 2023 \u00e0 Saint-Hilaire de Clisson (Loire-Atlantique). (MATHIEU THOMASSET \/ HANS LUCAS \/ AFP)\" width=\"432\" height=\"243\" src=\"https:\/\/www.europesays.com\/fr\/wp-content\/uploads\/2025\/12\/080-hl-mthomasset-2146288-6930c12cc427e628495605.jpg\" fetchpriority=\"high\"\/><\/p>\n<p>      Une personne diab\u00e9tique mesure son taux de glucose, le 10 septembre 2023 \u00e0 Saint-Hilaire de Clisson (Loire-Atlantique). (MATHIEU THOMASSET \/ HANS LUCAS \/ AFP)<\/p>\n<p>Attention si vous \u00eates <a href=\"https:\/\/www.franceinfo.fr\/sante\/maladie\/diabete-cette-maladie-concerne-4-millions-de-francais_6184986.html\" target=\"_blank\" rel=\"noopener\">diab\u00e9tique<\/a>. Une large campagne de rappel de capteurs de glyc\u00e9mie est en cours dans dix-sept pays, dont la France et les Etats-Unis, apr\u00e8s l&rsquo;identification d&rsquo;une malfonction qui pourrait \u00eatre li\u00e9e \u00e0 sept morts, a annonc\u00e9 mercredi 3 d\u00e9cembre l&rsquo;entreprise pharmaceutique Abbott.<\/p>\n<p>Cette op\u00e9ration concerne \u00ab\u00a0certains capteurs FreeStyle Libre 3 et FreeStyle Libre 3 Plus\u00a0\u00bb utilis\u00e9s par des patients diab\u00e9tiques, a d\u00e9taill\u00e9 cette responsable dans un communiqu\u00e9, expliquant que \u00ab\u00a0des tests internes ont d\u00e9termin\u00e9 que certains de ces capteurs pouvaient fournir des mesures incorrectes de glyc\u00e9mie basse\u00a0\u00bb.\u00a0Les dispositifs d\u00e9fectueux sont li\u00e9s \u00e0 une seule cha\u00eene de production, a pr\u00e9cis\u00e9 l&rsquo;entreprise, qui a alert\u00e9 les autorit\u00e9s sanitaires des pays dans lesquels ils ont \u00e9t\u00e9 commercialis\u00e9s et a initi\u00e9 une action de rappel. L&rsquo;entreprise a dit avoir re\u00e7u \u00e0 ce jour des signalements faisant \u00e9tat de sept d\u00e9c\u00e8s et de 736 incidents graves qui pourraient \u00eatre li\u00e9s \u00e0 cette malfonction.<\/p>\n<p>Utilis\u00e9s dans la gestion du diab\u00e8te, les capteurs de glyc\u00e9mie op\u00e8rent un suivi en continu du glucose, et aident ainsi les patients \u00e0 pr\u00e9venir le risque d&rsquo;hypoglyc\u00e9mie ou d&rsquo;hyperglyc\u00e9mie qui peuvent sans prise en charge provoquer un coma ou causer la mort.<\/p>\n<p>Rien qu&rsquo;aux Etats-Unis, environ trois millions de capteurs d\u00e9fectueux auraient \u00e9t\u00e9 distribu\u00e9s, estime la soci\u00e9t\u00e9 Abbott. Les autres pays concern\u00e9s sont l&rsquo;Allemagne, Autriche, la Belgique, le Canada, le Danemark, l&rsquo;Espagne, la Finlande, la France, l&rsquo;Italie, le Luxembourg, les Pays-Bas, la Nouvelle-Z\u00e9lande, la Norv\u00e8ge, la Su\u00e8de, la Suisse et Royaume-Uni.<\/p>\n","protected":false},"excerpt":{"rendered":"Cette op\u00e9ration concerne \u00ab\u00a0certains capteurs FreeStyle Libre 3 et FreeStyle Libre 3 Plus\u00a0\u00bb, a fait savoir l&rsquo;entreprise pharmaceutique&hellip;\n","protected":false},"author":2,"featured_media":576619,"comment_status":"","ping_status":"","sticky":false,"template":"","format":"standard","meta":{"footnotes":""},"categories":[6],"tags":[35,33,34,1011,27],"class_list":{"0":"post-576618","1":"post","2":"type-post","3":"status-publish","4":"format-standard","5":"has-post-thumbnail","7":"category-economie","8":"tag-business","9":"tag-economie","10":"tag-economy","11":"tag-fr","12":"tag-france"},"share_on_mastodon":{"url":"https:\/\/pubeurope.com\/@fr\/115659001904017093","error":""},"_links":{"self":[{"href":"https:\/\/www.europesays.com\/fr\/wp-json\/wp\/v2\/posts\/576618","targetHints":{"allow":["GET"]}}],"collection":[{"href":"https:\/\/www.europesays.com\/fr\/wp-json\/wp\/v2\/posts"}],"about":[{"href":"https:\/\/www.europesays.com\/fr\/wp-json\/wp\/v2\/types\/post"}],"author":[{"embeddable":true,"href":"https:\/\/www.europesays.com\/fr\/wp-json\/wp\/v2\/users\/2"}],"replies":[{"embeddable":true,"href":"https:\/\/www.europesays.com\/fr\/wp-json\/wp\/v2\/comments?post=576618"}],"version-history":[{"count":0,"href":"https:\/\/www.europesays.com\/fr\/wp-json\/wp\/v2\/posts\/576618\/revisions"}],"wp:featuredmedia":[{"embeddable":true,"href":"https:\/\/www.europesays.com\/fr\/wp-json\/wp\/v2\/media\/576619"}],"wp:attachment":[{"href":"https:\/\/www.europesays.com\/fr\/wp-json\/wp\/v2\/media?parent=576618"}],"wp:term":[{"taxonomy":"category","embeddable":true,"href":"https:\/\/www.europesays.com\/fr\/wp-json\/wp\/v2\/categories?post=576618"},{"taxonomy":"post_tag","embeddable":true,"href":"https:\/\/www.europesays.com\/fr\/wp-json\/wp\/v2\/tags?post=576618"}],"curies":[{"name":"wp","href":"https:\/\/api.w.org\/{rel}","templated":true}]}}