{"id":576629,"date":"2025-12-04T02:50:18","date_gmt":"2025-12-04T02:50:18","guid":{"rendered":"https:\/\/www.europesays.com\/fr\/576629\/"},"modified":"2025-12-04T02:50:18","modified_gmt":"2025-12-04T02:50:18","slug":"le-festival-de-theatre-pour-les-enfants-et-adultes-affiche-deja-presque-complet","status":"publish","type":"post","link":"https:\/\/www.europesays.com\/fr\/576629\/","title":{"rendered":"le festival de th\u00e9\u00e2tre pour les enfants et adultes affiche d\u00e9j\u00e0 presque complet"},"content":{"rendered":"<p>Preuve qu\u2019ils ont eu raison de pr\u00e9voir une deuxi\u00e8me \u00e9dition, la nouvelle programmation pens\u00e9e pour les enfants du festival La Bouillotte conna\u00eet un engouement encore plus fort que la premi\u00e8re. Ce lundi 1er \u00a0 d\u00e9cembre, \u00e0 la veille du <a href=\"https:\/\/www.estrepublicain.fr\/culture-loisirs\/2025\/12\/02\/lancement-du-festival-la-bouillotte-avec-les-scolaires\" target=\"_blank\" rel=\"noopener\">lancement avec le public scolaire<\/a> , les \u00e9quipes du Th\u00e9\u00e2tre G\u00e9rard Philipe (TGP), de la ludom\u00e9diath\u00e8que et de l\u2019\u00e9cole de musique, qui constituent le p\u00f4le culture de Frouard et portent <a href=\"https:\/\/www.estrepublicain.fr\/culture-loisirs\/2025\/09\/29\/festivals-la-bouillotte-la-bougeotte-la-kermesse-avant-sa-fermeture-pour-travaux-le-theatre-gerard-philipe-de-frouard-invite-a-s-amuser\" target=\"_blank\" rel=\"noopener\"> ce temps fort de la saison<\/a> , se r\u00e9jouissaient que tous les rendez-vous avant le 10\u00a0d\u00e9cembre se d\u00e9roulent <a href=\"https:\/\/www.estrepublicain.fr\/culture-loisirs\/2025\/11\/03\/la-billetterie-est-ouverte-pour-le-festival-la-bouillotte\" target=\"_blank\" rel=\"noopener\">\u00e0 guichets ferm\u00e9s<\/a>.<\/p>\n<p> Trop tard donc pour savourer de doux moments Dans les Bois avec la C ie Artra ou avec les biblioth\u00e9caires de l\u2019espace 89 ou le go\u00fbter chocolat\u00e9 pr\u00e9par\u00e9 avec les p\u00e2tissiers de l\u2019association Rouelle et Radis. <\/p>\n<p> Si vous, parents, n\u2019avez pas eu l\u2019occasion d\u2019assister avec vos enfants \u00e0 l\u2019un de ces rendez-vous, ceux-ci l\u2019auront peut-\u00eatre eu avec leur cr\u00e8che ou leur \u00e9cole \u00e0 l\u2019occasion des nombreux cr\u00e9neaux d\u00e9di\u00e9s aux scolaires. Et vous pouvez encore esp\u00e9rer profiter de la rencontre entre mati\u00e8re, danse et musique intitul\u00e9e <strong> PAPIER.1 <\/strong><strong> par la <\/strong> Cie<strong>En Lacets (mercredi 10\u00a0d\u00e9cembre \u00e0 17\u00a0h au TGP)<\/strong> . Des places sont \u00e9galement disponibles pour la s\u00e9ance de cin\u00e9ma en famille  Petits contes sous l\u2019Oc\u00e9an <strong>(mercredi 17\u00a0d\u00e9cembre \u00e0 14\u00a0h au TGP)<\/strong> qui promet un voyage en immersion \u00e0 la d\u00e9couverte du fabuleux monde marin. <\/p>\n<p>  Temps privil\u00e9gi\u00e9s pour les pros<\/p>\n<p>Il en reste \u00e9galement pour la projection du cin\u00e9 documentaire <strong>M\u00eame qu\u2019on na\u00eet imbattables (mercredi 17\u00a0d\u00e9cembre \u00e0 19\u00a0h au TGP)<\/strong> , un film qui explore l\u2019impact des violences \u00e9ducatives banalis\u00e9es en faisant des parall\u00e8les avec l\u2019exemple su\u00e9dois pr\u00f4nant l\u2019\u00e9ducation bienveillante depuis pr\u00e8s de 45 ans.<\/p>\n<p>Car La Bouillotte a \u00e9t\u00e9 pens\u00e9e pour \u00ab\u00a0contribuer \u00e0 l\u2019\u00e9veil artistique\u00a0\u00bb via des ateliers de pratique et de d\u00e9couverte, \u00ab\u00a0ralentir et ressentir ensemble\u00a0\u00bb \u00e0 travers des \u00e9motions partag\u00e9es entre adultes et enfants\u00a0\u00bb et enfin pour \u00ab\u00a0r\u00e9fl\u00e9chir\u00a0\u00bb, deux temps d\u2019\u00e9changes <strong>d\u00e9di\u00e9s aux acteurs du champ de l\u2019enfance<\/strong> et de la petite enfance, artistes, instituteurs, \u00e9ducateurs, assistantes maternelles, p\u00e9diatres\u2026 Ainsi le 17, apr\u00e8s la projection du cin\u00e9doc, sa cor\u00e9alisatrice Elsa Moley ouvrira la discussion avec Juliette Sissokho et Olivia Valtier, toutes deux responsables de la fili\u00e8re \u00e9ducateurs de jeunes enfants de l\u2019IRTS de Lorraine. Dans le m\u00eame esprit jeudi\u00a011, le r\u00e9seau TiGrE fera suivre une repr\u00e9sentation de Papier.1 par une table ronde sur le th\u00e8me \u00ab\u00a0grandir avec l\u2019art\u00a0: sant\u00e9 mentale et sant\u00e9 culturelle dans l\u2019\u00e9veil du tout-petit\u00a0\u00bb.<\/p>\n","protected":false},"excerpt":{"rendered":"Preuve qu\u2019ils ont eu raison de pr\u00e9voir une deuxi\u00e8me \u00e9dition, la nouvelle programmation pens\u00e9e pour les enfants du&hellip;\n","protected":false},"author":2,"featured_media":576630,"comment_status":"","ping_status":"","sticky":false,"template":"","format":"standard","meta":{"footnotes":""},"categories":[9635],"tags":[1111,11,9661,1687,1704,1057,1777,674,1011,27,9660,775,873,1702,12,25,3140],"class_list":{"0":"post-576629","1":"post","2":"type-post","3":"status-publish","4":"format-standard","5":"has-post-thumbnail","7":"category-nancy","8":"tag-actu","9":"tag-actualites","10":"tag-cc-du-bassin-de-pompey-54b1","11":"tag-culture-loisirs","12":"tag-edition-nancy-et-agglomeration","13":"tag-education","14":"tag-eu","15":"tag-europe","16":"tag-fr","17":"tag-france","18":"tag-frouard","19":"tag-grand-est","20":"tag-musique","21":"tag-nancy","22":"tag-news","23":"tag-republique-francaise","24":"tag-spectacle"},"share_on_mastodon":{"url":"https:\/\/pubeurope.com\/@fr\/115659028961798552","error":""},"_links":{"self":[{"href":"https:\/\/www.europesays.com\/fr\/wp-json\/wp\/v2\/posts\/576629","targetHints":{"allow":["GET"]}}],"collection":[{"href":"https:\/\/www.europesays.com\/fr\/wp-json\/wp\/v2\/posts"}],"about":[{"href":"https:\/\/www.europesays.com\/fr\/wp-json\/wp\/v2\/types\/post"}],"author":[{"embeddable":true,"href":"https:\/\/www.europesays.com\/fr\/wp-json\/wp\/v2\/users\/2"}],"replies":[{"embeddable":true,"href":"https:\/\/www.europesays.com\/fr\/wp-json\/wp\/v2\/comments?post=576629"}],"version-history":[{"count":0,"href":"https:\/\/www.europesays.com\/fr\/wp-json\/wp\/v2\/posts\/576629\/revisions"}],"wp:featuredmedia":[{"embeddable":true,"href":"https:\/\/www.europesays.com\/fr\/wp-json\/wp\/v2\/media\/576630"}],"wp:attachment":[{"href":"https:\/\/www.europesays.com\/fr\/wp-json\/wp\/v2\/media?parent=576629"}],"wp:term":[{"taxonomy":"category","embeddable":true,"href":"https:\/\/www.europesays.com\/fr\/wp-json\/wp\/v2\/categories?post=576629"},{"taxonomy":"post_tag","embeddable":true,"href":"https:\/\/www.europesays.com\/fr\/wp-json\/wp\/v2\/tags?post=576629"}],"curies":[{"name":"wp","href":"https:\/\/api.w.org\/{rel}","templated":true}]}}