{"id":576631,"date":"2025-12-04T02:51:41","date_gmt":"2025-12-04T02:51:41","guid":{"rendered":"https:\/\/www.europesays.com\/fr\/576631\/"},"modified":"2025-12-04T02:51:41","modified_gmt":"2025-12-04T02:51:41","slug":"juge-pour-viol-aggrave-a-nancy-baptiste-valette-ex-joueur-de-lasnl-a-ete-acquitte","status":"publish","type":"post","link":"https:\/\/www.europesays.com\/fr\/576631\/","title":{"rendered":"Jug\u00e9 pour viol aggrav\u00e9 \u00e0 Nancy, Baptiste Valette, ex-joueur de l&rsquo;ASNL, a \u00e9t\u00e9 acquitt\u00e9"},"content":{"rendered":"<p>                    Par<br \/>\n        <strong><br \/>\n            <a href=\"https:\/\/actu.fr\/auteur\/redaction-lorraine\" title=\"Consulter tous les articles de R\u00e9daction Lorraine\" target=\"_blank\" rel=\"noopener\">R\u00e9daction Lorraine<\/a><br \/>\n                    <\/strong><\/p>\n<p>        Publi\u00e9 le<\/p>\n<p>            3 d\u00e9c. 2025 \u00e0 19h17        <\/p>\n<p>Depuis lundi,<a href=\"https:\/\/actu.fr\/grand-est\/nancy_54395\/baptiste-valette-ancien-joueur-de-l-asnl-juge-pour-viol-aggrave-a-nancy-ce-qu-il-faut-savoir_63516275.html\" target=\"_blank\" rel=\"noopener\"> Baptiste Valette, ancien joueur de l\u2019ASNL \u00e9tait jug\u00e9 pour viol aggrav\u00e9<\/a> \u00e0 <a href=\"https:\/\/actu.fr\/grand-est\/nancy_54395\" target=\"_blank\" rel=\"noopener\">Nancy<\/a>. <strong>L\u2019ancien gardien de but \u00e2g\u00e9 de 33\u00a0ans a \u00e9t\u00e9 acquitt\u00e9<\/strong> mercredi par la cour criminelle de Meurthe-et-Moselle.<\/p>\n<p class=\" wall-content\">Les faits reproch\u00e9s ont \u00e9t\u00e9 commis <a href=\"https:\/\/actu.fr\/grand-est\/nancy_54395\/nancy-gardien-lasnl-baptiste-valette-mis-examen-viol_30213910.html\" target=\"_blank\" rel=\"noopener\">en d\u00e9cembre\u00a02019 aupr\u00e8s d\u2019une jeune femme de 18\u00a0ans<\/a> \u00e0 la sortie d\u2019une bo\u00eete de nuit <a href=\"https:\/\/actu.fr\/tag\/place-stanislas\" target=\"_blank\" rel=\"noopener\">place Stanislas<\/a> \u00e0 Nancy. Des faits qu\u2019il a <strong>pr\u00e9sent\u00e9s comme un rapport consenti<\/strong>.<\/p>\n<p>La question du consentement au c\u0153ur du proc\u00e8s<\/p>\n<p class=\" wall-content\">Mercredi matin, l\u2019avocat g\u00e9n\u00e9ral Mohager Benmerouche avait requis <strong>huit ans d\u2019emprisonnement et un mandat de d\u00e9p\u00f4t contre le joueur<\/strong>, qui \u00e9tait en \u00e9tat d\u2019\u00e9bri\u00e9t\u00e9 le soir des faits.<\/p>\n<p class=\" wall-content\">Durant trois jours d\u2019audience, la question du consentement a \u00e9t\u00e9 au c\u0153ur des d\u00e9bats. La jeune fille, qui a racont\u00e9 avoir \u00ab\u2009manifest\u00e9 son refus\u2009\u00bb \u00e0 plusieurs reprises, s\u2019\u00e9tait \u00ab\u2009pr\u00e9par\u00e9e \u00e0 la possibilit\u00e9 d\u2019un acquittement\u2009\u00bb, a soulign\u00e9 son avocat, St\u00e9phane Mass\u00e9. Deux ans apr\u00e8s les faits, elle \u00e9tait <strong>\u00ab\u2009toujours en \u00e9tat de stress post-traumatique\u2009\u00bb<\/strong>, selon les experts qui l\u2019ont examin\u00e9e.<\/p>\n<p>\u00ab\u2009Un grand soulagement\u2009\u00bb pour le footballeur<\/p>\n<p class=\" wall-content\"><strong>Cette affaire \u00ab\u2009m\u00e9riterait un nouveau d\u00e9bat, devant une cour d\u2019assises cette fois\u2009\u00bb<\/strong>, a comment\u00e9 Me Mass\u00e9, qui esp\u00e8re un appel du parquet.<\/p>\n<p class=\" wall-content\">L\u2019acquittement constitue <strong>\u00ab\u2009un grand soulagement\u2009\u00bb pour le footballeur<\/strong>, qui n\u2019a jamais ni\u00e9 avoir eu une relation sexuelle avec la plaignante et \u00ab\u2009attendait d\u2019\u00eatre jug\u00e9 depuis six ans\u2009\u00bb, s\u2019est f\u00e9licit\u00e9e son avocate, Caroline Toby.<\/p>\n<p class=\" wall-content\">Depuis sa mise en examen, le joueur \u00e9tait sous contr\u00f4le judiciaire. Parti de Nancy en 2022, Baptiste Valette a depuis jou\u00e9 \u00e0 Cholet, Sochaux puis Grasse (Nationale 2), o\u00f9 il est actuellement en poste.<\/p>\n<p class=\" wall-content\">Avec AFP.<\/p>\n<p class=\" wall-content\">Personnalisez votre actualit\u00e9 en ajoutant vos villes et m\u00e9dias en favori avec <a href=\"https:\/\/moncompte.actu.fr\" title=\"D\u00e9couvez Mon Actu\" rel=\"nofollow noopener\" data-trk=\"{&quot;cta&quot;:{&quot;action&quot;:&quot;https:\\\/\\\/moncompte.actu.fr&quot;,&quot;category&quot;:&quot;mon compte&quot;,&quot;from&quot;:&quot;article footer&quot;,&quot;name&quot;:&quot;Mon actu&quot;,&quot;type&quot;:&quot;cta&quot;}}\" target=\"_blank\">Mon Actu<\/a>.<\/p>\n","protected":false},"excerpt":{"rendered":"Par R\u00e9daction Lorraine Publi\u00e9 le 3 d\u00e9c. 2025 \u00e0 19h17 Depuis lundi, Baptiste Valette, ancien joueur de l\u2019ASNL&hellip;\n","protected":false},"author":2,"featured_media":576632,"comment_status":"","ping_status":"","sticky":false,"template":"","format":"standard","meta":{"footnotes":""},"categories":[9635],"tags":[1111,11,3703,1777,674,118,1011,27,775,303,1702,12,25],"class_list":{"0":"post-576631","1":"post","2":"type-post","3":"status-publish","4":"format-standard","5":"has-post-thumbnail","7":"category-nancy","8":"tag-actu","9":"tag-actualites","10":"tag-asnl","11":"tag-eu","12":"tag-europe","13":"tag-faits-divers","14":"tag-fr","15":"tag-france","16":"tag-grand-est","17":"tag-justice","18":"tag-nancy","19":"tag-news","20":"tag-republique-francaise"},"share_on_mastodon":{"url":"https:\/\/pubeurope.com\/@fr\/115659032723728601","error":""},"_links":{"self":[{"href":"https:\/\/www.europesays.com\/fr\/wp-json\/wp\/v2\/posts\/576631","targetHints":{"allow":["GET"]}}],"collection":[{"href":"https:\/\/www.europesays.com\/fr\/wp-json\/wp\/v2\/posts"}],"about":[{"href":"https:\/\/www.europesays.com\/fr\/wp-json\/wp\/v2\/types\/post"}],"author":[{"embeddable":true,"href":"https:\/\/www.europesays.com\/fr\/wp-json\/wp\/v2\/users\/2"}],"replies":[{"embeddable":true,"href":"https:\/\/www.europesays.com\/fr\/wp-json\/wp\/v2\/comments?post=576631"}],"version-history":[{"count":0,"href":"https:\/\/www.europesays.com\/fr\/wp-json\/wp\/v2\/posts\/576631\/revisions"}],"wp:featuredmedia":[{"embeddable":true,"href":"https:\/\/www.europesays.com\/fr\/wp-json\/wp\/v2\/media\/576632"}],"wp:attachment":[{"href":"https:\/\/www.europesays.com\/fr\/wp-json\/wp\/v2\/media?parent=576631"}],"wp:term":[{"taxonomy":"category","embeddable":true,"href":"https:\/\/www.europesays.com\/fr\/wp-json\/wp\/v2\/categories?post=576631"},{"taxonomy":"post_tag","embeddable":true,"href":"https:\/\/www.europesays.com\/fr\/wp-json\/wp\/v2\/tags?post=576631"}],"curies":[{"name":"wp","href":"https:\/\/api.w.org\/{rel}","templated":true}]}}