{"id":576635,"date":"2025-12-04T02:55:25","date_gmt":"2025-12-04T02:55:25","guid":{"rendered":"https:\/\/www.europesays.com\/fr\/576635\/"},"modified":"2025-12-04T02:55:25","modified_gmt":"2025-12-04T02:55:25","slug":"un-rendez-vous-de-danse-au-theatre-jean-vilar","status":"publish","type":"post","link":"https:\/\/www.europesays.com\/fr\/576635\/","title":{"rendered":"un rendez-vous de danse au th\u00e9\u00e2tre Jean Vilar"},"content":{"rendered":"<p>                    Par<br \/>\n        <strong><br \/>\n            <a href=\"https:\/\/actu.fr\/auteur\/g-martin\" title=\"Consulter tous les articles de Gil Martin\" target=\"_blank\" rel=\"noopener\">Gil Martin<\/a><br \/>\n                    <\/strong><\/p>\n<p>        Publi\u00e9 le<\/p>\n<p>            3 d\u00e9c. 2025 \u00e0 16h25        <\/p>\n<p>Le chor\u00e9graphe montpelli\u00e9rain <strong>Fran\u00e7ois Rascalou<\/strong> pr\u00e9sente au <strong>th\u00e9\u00e2tre Jean Vilar,<\/strong>\u00a0\u00e0 <strong>Montpellier<\/strong>, ce jeudi 4 d\u00e9cembre 2025, son dernier spectacle \u00ab C\u2019est comment qu\u2019on fait ! \u00bb.<\/p>\n<p class=\" wall-content\">La grande affaire au c\u0153ur de ce spectacle, c\u2019est l\u2019amour.\u00a0 C\u2019est \u00ab\u00a0comment qu\u2019on fait quand on est amoureux\u00a0\u00bb, un spectacle du chor\u00e9graphe montpelli\u00e9rain Fran\u00e7ois Rascalou qui s\u2019inspire de la pr\u00e9adolescence, o\u00f9 l\u2019auteur m\u00eale danse et texte, notamment \u00ab\u00a0Xitation\u00a0\u00bb de l\u2019\u00e9crivain Emmanuel Darley. Plus concr\u00e8tement, ce spectacle fait r\u00e9f\u00e9rence \u00e0 la propre histoire du chor\u00e9graphe dont l\u2019ambition est ici de parler \u00e0 toute personne ayant pass\u00e9 cette p\u00e9riode ou \u00e9tant en train de la vivre.<\/p>\n<p>Adolescence et questionnements<\/p>\n<p class=\" wall-content\">\u00ab Il n\u2019est ici nullement question d\u2019enfantillage, mais d\u2019interroger le tranchant de ces questions, entre d\u00e9sirs charnels ardents et figures idylliques d\u2019un amour id\u00e9alis\u00e9 \u00bb, explique Fran\u00e7ois Rascalou en rappelant que l\u2019adolescence est la p\u00e9riode des questionnements intenses : \u00ab Deux adolescents, figures h\u00e9ro\u00efques de la rencontre, entrav\u00e9s des \u00e9toffes trop pesantes des grandes histoires d\u2019amour \u00bb, raconte le chor\u00e9graphe.<\/p>\n<p>Toute toute premi\u00e8re fois<\/p>\n<p class=\" wall-content\">\u00ab Une rencontre cach\u00e9e pour la chose du corps \u00e0 corps, tentative fragile et path\u00e9tique de la premi\u00e8re fois. Ils ne savent pas, ils n\u2019en sauront pas plus\u00bb, poursuit Fran\u00e7ois Rascalou :\u00a0\u00ab Une \u00e9nergie sans ma\u00eetrise, une pouss\u00e9e imp\u00e9rieuse vers la rencontre charnelle, vers l\u2019intensit\u00e9 inconnue et suppos\u00e9e\u2026 Passions, fragilit\u00e9s, chairs, se heurtent \u00e0 fleur de peau, graphique, tragique et comique \u00bb.<\/p>\n<p>    <a href=\"https:\/\/www.google.com\/maps\/embed?pb=!1m18!1m12!1m3!1d2887.9586506334354!2d3.814133175450794!3d43.62821955404724!2m3!1f0!2f0!3f0!3m2!1i1024!2i768!4f13.1!3m3!1m2!1s0x12b6ac23acd8d0e1%3A0xdbad244396ace4d5!2zVGjDqcOidHJlIEplYW4gVmlsYXI!5e0!3m2!1sfr!2sfr!4v1764703528063!5m2!1sfr!2sfr\" title=\"Ouvrie le lien\" target=\"_blank\" rel=\"noopener\">Cliquez ici pour visualiser le contenu<\/a><\/p>\n<p>Vid\u00e9os : en ce moment sur ActuL\u2019irruption intempestive des d\u00e9sirs\u00a0<\/p>\n<p class=\" wall-content\">\u00ab Quand Fran\u00e7ois avait l\u2019\u00e2ge de se poser ces questions, dans les ann\u00e9es 70 et 80, le cin\u00e9ma, la litt\u00e9rature ou la religion renvoyaient le mot sacr\u00e9 \u00e0 quelque-chose de stable et durable, \u00e0 un absolu romantique, qui paraissait bienheureux et \u00e9vident \u00e0 vivre \u00bb, racontent les organisateurs. \u00ab Mais cet amour exhibait aussi la nudit\u00e9, les postures, l\u2019opulence des corps, par le biais d\u2019images plus audacieuses et d\u00e9routantes que les grands se faisaient passer sous le manteau\u2026 Dur de marcher sur ce fil, entre injonctions sociales contradictoires et irruptions intempestives de d\u00e9sirs et de sensations. Dur d\u2019obtenir des r\u00e9ponses \u00e0 ces questionnements flous : d\u00e9sir ou amour ? \u00catre amoureux, c\u2019est toucher ? Faut-il en passer par l\u00e0 ? \u00bb<\/p>\n<p class=\" wall-content\">Dans cette pi\u00e8ce, Fran\u00e7ois Rascalou, danseur et chor\u00e9graphe, se livre dans une d\u00e9marche o\u00f9 l\u2019\u00e9criture conduit les interpr\u00e8tes \u00e0 agir <strong>autant qu\u2019\u00e0 danser et dire<\/strong>.<\/p>\n<p>Votre r\u00e9gion, votre actu !<\/p>\n<p>Recevez chaque jour les infos qui comptent pour vous.<\/p>\n<p>\t<a href=\"https:\/\/actu.fr\/newsletter\" class=\"ac-btn ac-btn--corner ac-btn--medium ac-btn--blue800\" target=\"_blank\" rel=\"noopener\">S&rsquo;incrire<\/a><br \/>\n<strong>&gt; <\/strong>Danse : \u00ab\u00a0C\u2019est comment qu\u2019on fait !\u00a0\u00bb.\u00a0Par la Cie Action d\u2019espace \/ Fran\u00e7ois Rascalou.\u00a0Jeudi 4 d\u00e9cembre 2025 \u00e0 20h.\u00a0Th\u00e9\u00e2tre Jean Vilar.\u00a0Dur\u00e9e : 40mn.\u00a0Tout public \u00e0 partir de 12 ans.\u00a0Tarifs : 20\u20ac \/ 11\u20ac (r\u00e9duit) \/ 5\u20ac (- 16 ans) Plus d\u2019infos :<a href=\"http:\/\/www.theatrejeanvilar.montpellier.fr\/\" target=\"_blank\" rel=\"noopener\"> www.theatrejeanvilar.montpellier.fr\/<\/a><\/p>\n<p class=\" wall-content\">Personnalisez votre actualit\u00e9 en ajoutant vos villes et m\u00e9dias en favori avec <a href=\"https:\/\/moncompte.actu.fr\" title=\"D\u00e9couvez Mon Actu\" rel=\"nofollow noopener\" data-trk=\"{&quot;cta&quot;:{&quot;action&quot;:&quot;https:\\\/\\\/moncompte.actu.fr&quot;,&quot;category&quot;:&quot;mon compte&quot;,&quot;from&quot;:&quot;article footer&quot;,&quot;name&quot;:&quot;Mon actu&quot;,&quot;type&quot;:&quot;cta&quot;}}\" target=\"_blank\">Mon Actu<\/a>.<\/p>\n","protected":false},"excerpt":{"rendered":"Par Gil Martin Publi\u00e9 le 3 d\u00e9c. 2025 \u00e0 16h25 Le chor\u00e9graphe montpelli\u00e9rain Fran\u00e7ois Rascalou pr\u00e9sente au th\u00e9\u00e2tre&hellip;\n","protected":false},"author":2,"featured_media":576636,"comment_status":"","ping_status":"","sticky":false,"template":"","format":"standard","meta":{"footnotes":""},"categories":[9599],"tags":[1111,11,5972,1777,674,1011,27,1652,2208,12,2680,25],"class_list":{"0":"post-576635","1":"post","2":"type-post","3":"status-publish","4":"format-standard","5":"has-post-thumbnail","7":"category-montpellier","8":"tag-actu","9":"tag-actualites","10":"tag-danse","11":"tag-eu","12":"tag-europe","13":"tag-fr","14":"tag-france","15":"tag-loisirs-culture","16":"tag-montpellier","17":"tag-news","18":"tag-occitanie","19":"tag-republique-francaise"},"share_on_mastodon":{"url":"https:\/\/pubeurope.com\/@fr\/115659048384784324","error":""},"_links":{"self":[{"href":"https:\/\/www.europesays.com\/fr\/wp-json\/wp\/v2\/posts\/576635","targetHints":{"allow":["GET"]}}],"collection":[{"href":"https:\/\/www.europesays.com\/fr\/wp-json\/wp\/v2\/posts"}],"about":[{"href":"https:\/\/www.europesays.com\/fr\/wp-json\/wp\/v2\/types\/post"}],"author":[{"embeddable":true,"href":"https:\/\/www.europesays.com\/fr\/wp-json\/wp\/v2\/users\/2"}],"replies":[{"embeddable":true,"href":"https:\/\/www.europesays.com\/fr\/wp-json\/wp\/v2\/comments?post=576635"}],"version-history":[{"count":0,"href":"https:\/\/www.europesays.com\/fr\/wp-json\/wp\/v2\/posts\/576635\/revisions"}],"wp:featuredmedia":[{"embeddable":true,"href":"https:\/\/www.europesays.com\/fr\/wp-json\/wp\/v2\/media\/576636"}],"wp:attachment":[{"href":"https:\/\/www.europesays.com\/fr\/wp-json\/wp\/v2\/media?parent=576635"}],"wp:term":[{"taxonomy":"category","embeddable":true,"href":"https:\/\/www.europesays.com\/fr\/wp-json\/wp\/v2\/categories?post=576635"},{"taxonomy":"post_tag","embeddable":true,"href":"https:\/\/www.europesays.com\/fr\/wp-json\/wp\/v2\/tags?post=576635"}],"curies":[{"name":"wp","href":"https:\/\/api.w.org\/{rel}","templated":true}]}}