{"id":576641,"date":"2025-12-04T03:01:13","date_gmt":"2025-12-04T03:01:13","guid":{"rendered":"https:\/\/www.europesays.com\/fr\/576641\/"},"modified":"2025-12-04T03:01:13","modified_gmt":"2025-12-04T03:01:13","slug":"tennis-grace-a-son-nul-face-a-grenoble-le-snuc-officialise-son-retour-en-pro-a-sport","status":"publish","type":"post","link":"https:\/\/www.europesays.com\/fr\/576641\/","title":{"rendered":"Tennis. Gr\u00e2ce \u00e0 son nul face \u00e0 Grenoble, le Snuc officialise son retour en Pro A . Sport"},"content":{"rendered":"<p>Il y a des campagnes plus significatives que d\u2019autres, alors m\u00eame qu\u2019elles aboutissement au m\u00eame r\u00e9sultat. Celle qui s\u2019est achev\u00e9e hier soir pour les Nantais, sur leurs terrains du stade Pascal-Laporte, est pleine d\u2019espoir pour la suite. Le Snuc va retrouver la Pro A l\u2019an prochain, encore une fois, comme en\u00a02022 et\u00a02024. Mais en terminant invaincus, en leaders incontest\u00e9s, les hommes de S\u00e9bastien Tesson semblent avoir prouv\u00e9 qu\u2019ils pourraient \u00eatre davantage que de simples figurants dans l\u2019\u00e9lite.<\/p>\n<p>Face \u00e0 Grenoble, une formation qui les avait contrari\u00e9s il y a deux saisons (nul 3-3), on a pu mesurer leurs progr\u00e8s. Prenez Cl\u00e9ment Tabur. <a href=\"https:\/\/nantes.maville.com\/sport\/detail_-loire-atlantique-tennis.-clement-tabur-une-fin-d-annee-en-apotheose-_8-7084343_actu.Htm\" target=\"_blank\" rel=\"noopener\">Apr\u00e8s son Roland-Garros 2025, son quart de finale \u00e0 l\u2019ATP 250\u00a0de Metz<\/a>, le n\u00b0\u00a01 nantais n\u2019est plus tout \u00e0 fait le m\u00eame joueur. Et Loann Massard (N65), qui l\u2019avait battu il y a deux ans, s\u2019en est rendu compte. Plus solide, plus s\u00fbr de ses forces, le Beaucouz\u00e9en a pris sa revanche hier (6-3, 6-3), et confirmer du m\u00eame coup l\u2019avantage des locaux sur la rencontre (3-0).<\/p>\n<p>Le nul tr\u00e8s rapidement acquis<\/p>\n<p>Car, avant lui, Alexandre Reco et Lucas Poullain, un autre pilier de l\u2019escouade nantaise, n\u2019avaient pas tra\u00een\u00e9 lors de la premi\u00e8re rotation des simples. R\u00e9sultat, <a href=\"https:\/\/nantes.maville.com\/sport\/detail_-loire-atlantique-tennis.-j-ai-envie-de-passer-un-cap-au-snuc-nantes-martin-sabas-enre-dans-un-nouveau-monde-_8-7065093_actu.Htm\" target=\"_blank\" rel=\"noopener\">Martin Sabas, en n\u00b0\u00a03<\/a>, n\u2019avait pas fini son match que le nul \u00e9tait d\u00e9j\u00e0 acquis pour le Snuc, aussi bien que la mont\u00e9e. \u00a0On savait qu\u2019un nul nous suffisait, confiera un S\u00e9bastien Tesson forc\u00e9ment ravi du sc\u00e9nario de la rencontre. Comme le travail \u00e9tait fait, ce sont ceux qui voulaient jouer les doubles qui y sont all\u00e9s.\u00a0<\/p>\n<p>Lucas Poullain, un peu malade, et Cl\u00e9ment Tabur, qui avait besoin de souffler apr\u00e8s une saison harassante, ont laiss\u00e9 cordialement leur place. Benjamin Paranque a pu prendre part \u00e0 la f\u00eate. \u00a0On aurait aim\u00e9 finir malgr\u00e9 tout sur un quatri\u00e8me succ\u00e8s, mais les paires, en face, \u00e9taient solides. Ce n\u2019est pas bien grave, on est hyper content de remonter\u00a0!\u00a0<\/p>\n<p><strong>Simples. <\/strong> <strong>C. Tabur (N26)<\/strong> bat L. Massard (N65) 6-3, 6-3\u00a0; <strong>L. Poullain (N42)<\/strong> bat N. Visker (N67) 6-2, 6-0\u00a0; S. Fanselow (T100) bat <strong>M. Sabas (N82)<\/strong> 6-7, 7-5, 10-5\u00a0; <strong>A. Reco (N98) <\/strong>bat J. Jans (-15) 6-2, 7-6.<\/p>\n<p><strong>Doubles.<\/strong> Massard \u2013 Fanselow battent<strong> Reco \u2013 Sakharov <\/strong>6-4, 6-2\u00a0; Visker \u2013 Jans battent <strong>Sabas \u2013 Paranque<\/strong> 6-4, 6-3.<\/p>\n<p>\u00a0<\/p>\n","protected":false},"excerpt":{"rendered":"Il y a des campagnes plus significatives que d\u2019autres, alors m\u00eame qu\u2019elles aboutissement au m\u00eame r\u00e9sultat. Celle qui&hellip;\n","protected":false},"author":2,"featured_media":576642,"comment_status":"","ping_status":"","sticky":false,"template":"","format":"standard","meta":{"footnotes":""},"categories":[9566],"tags":[1111,11,2430,3809,1465,3450,1777,674,63,1011,27,2731,1792,1922,12,25,479,517,1470],"class_list":{"0":"post-576641","1":"post","2":"type-post","3":"status-publish","4":"format-standard","5":"has-post-thumbnail","7":"category-grenoble","8":"tag-actu","9":"tag-actualites","10":"tag-auvergne-rhone-alpes","11":"tag-ball","12":"tag-basket","13":"tag-brest","14":"tag-eu","15":"tag-europe","16":"tag-football","17":"tag-fr","18":"tag-france","19":"tag-grenoble","20":"tag-handball","21":"tag-info","22":"tag-news","23":"tag-republique-francaise","24":"tag-rugby","25":"tag-sport","26":"tag-volley"},"share_on_mastodon":{"url":"https:\/\/pubeurope.com\/@fr\/115659072171535368","error":""},"_links":{"self":[{"href":"https:\/\/www.europesays.com\/fr\/wp-json\/wp\/v2\/posts\/576641","targetHints":{"allow":["GET"]}}],"collection":[{"href":"https:\/\/www.europesays.com\/fr\/wp-json\/wp\/v2\/posts"}],"about":[{"href":"https:\/\/www.europesays.com\/fr\/wp-json\/wp\/v2\/types\/post"}],"author":[{"embeddable":true,"href":"https:\/\/www.europesays.com\/fr\/wp-json\/wp\/v2\/users\/2"}],"replies":[{"embeddable":true,"href":"https:\/\/www.europesays.com\/fr\/wp-json\/wp\/v2\/comments?post=576641"}],"version-history":[{"count":0,"href":"https:\/\/www.europesays.com\/fr\/wp-json\/wp\/v2\/posts\/576641\/revisions"}],"wp:featuredmedia":[{"embeddable":true,"href":"https:\/\/www.europesays.com\/fr\/wp-json\/wp\/v2\/media\/576642"}],"wp:attachment":[{"href":"https:\/\/www.europesays.com\/fr\/wp-json\/wp\/v2\/media?parent=576641"}],"wp:term":[{"taxonomy":"category","embeddable":true,"href":"https:\/\/www.europesays.com\/fr\/wp-json\/wp\/v2\/categories?post=576641"},{"taxonomy":"post_tag","embeddable":true,"href":"https:\/\/www.europesays.com\/fr\/wp-json\/wp\/v2\/tags?post=576641"}],"curies":[{"name":"wp","href":"https:\/\/api.w.org\/{rel}","templated":true}]}}