{"id":576649,"date":"2025-12-04T03:05:14","date_gmt":"2025-12-04T03:05:14","guid":{"rendered":"https:\/\/www.europesays.com\/fr\/576649\/"},"modified":"2025-12-04T03:05:14","modified_gmt":"2025-12-04T03:05:14","slug":"previsions-du-jeudi-4-decembre-2025-5","status":"publish","type":"post","link":"https:\/\/www.europesays.com\/fr\/576649\/","title":{"rendered":"pr\u00e9visions du jeudi 4 d\u00e9cembre 2025"},"content":{"rendered":"<p>\u00c0 Strasbourg, le ciel va progressivement s&rsquo;obscurcir durant la journ\u00e9e avec l&rsquo;apparition de nuages. Les temp\u00e9ratures seront comprises entre 4 et 8\u00b0C. Un vent de sud rafra\u00eechira l\u00e9g\u00e8rement l&rsquo;atmosph\u00e8re. D&rsquo;un autre c\u00f4t\u00e9, la matin\u00e9e qui s&rsquo;annonce, promet d&rsquo;\u00eatre belle et ensoleill\u00e9e ! On pr\u00e9voit des valeurs d&rsquo;environ 6\u00b0C. La ville aura quelques \u00e9claircies l&rsquo;apr\u00e8s-midi. Les temp\u00e9ratures seront de 5\u00b0C au minimum et de 8\u00b0C au plus haut. Le soir, on sera sous un ciel bien gris, couvert de nuages. On s&rsquo;attend \u00e0 une nuit l\u00e9g\u00e8rement voil\u00e9e entre jeudi et vendredi.<\/p>\n<p>Encore de la grisaille demain. Les nuages vont s&rsquo;attarder sur Strasbourg. Il va faire en moyenne 6\u00b0C. Un petit vent de sud sera ressenti par les habitants. La grisaille ne se disperse toujours pas, il y aura encore des nuages le matin. Les valeurs iront de 6 \u00e0 7\u00b0C. Demain apr\u00e8s-midi, le soleil sera cach\u00e9 derri\u00e8re des nuages. Les temp\u00e9ratures s&rsquo;\u00e9chelonneront entre 6 et 7\u00b0C. On pr\u00e9voit des \u00e9claircies pour cette soir\u00e9e. Le thermom\u00e8tre affichera 4\u00b0C en moyenne.<\/p>\n<p>La m\u00e9t\u00e9o restera stable les prochains jours. Un ciel nuageux, avec des temp\u00e9ratures de 8\u00b0C environ, est attendu.<\/p>\n<p><\/p>\n","protected":false},"excerpt":{"rendered":"\u00c0 Strasbourg, le ciel va progressivement s&rsquo;obscurcir durant la journ\u00e9e avec l&rsquo;apparition de nuages. Les temp\u00e9ratures seront comprises&hellip;\n","protected":false},"author":2,"featured_media":576650,"comment_status":"","ping_status":"","sticky":false,"template":"","format":"standard","meta":{"footnotes":""},"categories":[2820],"tags":[1111,11,1777,674,1011,27,775,12,2119,25,640],"class_list":{"0":"post-576649","1":"post","2":"type-post","3":"status-publish","4":"format-standard","5":"has-post-thumbnail","7":"category-strasbourg","8":"tag-actu","9":"tag-actualites","10":"tag-eu","11":"tag-europe","12":"tag-fr","13":"tag-france","14":"tag-grand-est","15":"tag-news","16":"tag-previsions-meteo","17":"tag-republique-francaise","18":"tag-strasbourg"},"share_on_mastodon":{"url":"https:\/\/pubeurope.com\/@fr\/115659087771343424","error":""},"_links":{"self":[{"href":"https:\/\/www.europesays.com\/fr\/wp-json\/wp\/v2\/posts\/576649","targetHints":{"allow":["GET"]}}],"collection":[{"href":"https:\/\/www.europesays.com\/fr\/wp-json\/wp\/v2\/posts"}],"about":[{"href":"https:\/\/www.europesays.com\/fr\/wp-json\/wp\/v2\/types\/post"}],"author":[{"embeddable":true,"href":"https:\/\/www.europesays.com\/fr\/wp-json\/wp\/v2\/users\/2"}],"replies":[{"embeddable":true,"href":"https:\/\/www.europesays.com\/fr\/wp-json\/wp\/v2\/comments?post=576649"}],"version-history":[{"count":0,"href":"https:\/\/www.europesays.com\/fr\/wp-json\/wp\/v2\/posts\/576649\/revisions"}],"wp:featuredmedia":[{"embeddable":true,"href":"https:\/\/www.europesays.com\/fr\/wp-json\/wp\/v2\/media\/576650"}],"wp:attachment":[{"href":"https:\/\/www.europesays.com\/fr\/wp-json\/wp\/v2\/media?parent=576649"}],"wp:term":[{"taxonomy":"category","embeddable":true,"href":"https:\/\/www.europesays.com\/fr\/wp-json\/wp\/v2\/categories?post=576649"},{"taxonomy":"post_tag","embeddable":true,"href":"https:\/\/www.europesays.com\/fr\/wp-json\/wp\/v2\/tags?post=576649"}],"curies":[{"name":"wp","href":"https:\/\/api.w.org\/{rel}","templated":true}]}}