{"id":576655,"date":"2025-12-04T03:08:39","date_gmt":"2025-12-04T03:08:39","guid":{"rendered":"https:\/\/www.europesays.com\/fr\/576655\/"},"modified":"2025-12-04T03:08:39","modified_gmt":"2025-12-04T03:08:39","slug":"trafic-teleguide-depuis-la-prison-une-quinquagenaire-et-un-jeune-nantais-en","status":"publish","type":"post","link":"https:\/\/www.europesays.com\/fr\/576655\/","title":{"rendered":"\u00ab\u00a0Trafic t\u00e9l\u00e9guid\u00e9 depuis la prison\u00a0\u00bb\u00a0: une quinquag\u00e9naire et un jeune Nantais en"},"content":{"rendered":"<tr wp_automatic_readability=\"2.9457831325301\">\n<td valign=\"middle\" align=\"center\" class=\"col-logo\">\n    <img decoding=\"async\" src=\"https:\/\/www.europesays.com\/fr\/wp-content\/uploads\/2025\/04\/courrier-ouest.gif\" alt=\"logo Courrier de l'Ouest\" height=\"66\"\/><\/p>\n<\/td>\n<td class=\"col-titre\">\n\t\t\tMercredi 03 d\u00e9cembre 2025 17:33<br \/>\n\t\t\t<a class=\"icon-bulle sizeL count\" href=\"#ancreAvis\"><br \/>\n\t&#8230;<br \/>\n<\/a><\/td>\n<\/tr>\n<p>\t\t<a class=\"mavillebox2 elmt-photo\" href=\"https:\/\/maville.com\/photosmvi\/2025\/12\/03\/P35617701D7092326G.jpg\" title=\" Les gendarmes ont interpell\u00e9 la quinquag\u00e9naire le 25\u00a0novembre.  \u00a9  Archives CO \u2013 JC  \" rel=\"galerie_actu noopener\" target=\"_blank\"><br \/>\n\t<img decoding=\"async\" src=\"https:\/\/www.europesays.com\/fr\/wp-content\/uploads\/2025\/12\/P35617701D7092326G_crop_640-330_.jpg\" alt=\"photo  les gendarmes ont interpell\u00e9 la quinquag\u00e9naire le 25\u00a0novembre.  \u00a9  archives co \u2013 jc \"\/><br \/>\n\t1<br \/>\n<\/a><\/p>\n<p class=\"elmt-legende\"> Les gendarmes ont interpell\u00e9 la quinquag\u00e9naire le 25\u00a0novembre.  \u00a9  Archives CO \u2013 JC  <\/p>\n<p>\t\tUne femme de 53\u00a0ans et un homme de 22\u00a0ans comparaissaient ce vendredi 28\u00a0novembre 2025 devant le tribunal correctionnel de Saumur pour trafic de stup\u00e9fiants \u00e0 Dou\u00e9-en-Anjou (Maine-et-Loire). Leurs avocats ont obtenu le renvoi de l\u2019audience \u00e0 janvier\u00a02026. Ils resteront d\u2019ici l\u00e0 en d\u00e9tention.<\/p>\n<p><b>Cet article est r\u00e9serv\u00e9 aux abonn\u00e9s<\/b><\/p>\n<p>Pour un acc\u00e8s imm\u00e9diat, abonnez-vous<\/p>\n<p><b>1\u00e8re semaine offerte<\/b><\/p>\n<p>\t\t Carl GUILLET \u00a0\u00a0<br \/>\n\t\tCourrier de l&rsquo;Ouest<\/p>\n<p>Retrouvez d&rsquo;autres actus sur les communes de :<\/p>\n<p>\t\t&#13;<\/p>\n","protected":false},"excerpt":{"rendered":"Mercredi 03 d\u00e9cembre 2025 17:33 &#8230; 1 Les gendarmes ont interpell\u00e9 la quinquag\u00e9naire le 25\u00a0novembre. \u00a9 Archives CO&hellip;\n","protected":false},"author":2,"featured_media":576656,"comment_status":"","ping_status":"","sticky":false,"template":"","format":"standard","meta":{"footnotes":""},"categories":[2818],"tags":[1111,11,1438,18314,4773,1777,674,1011,27,3913,4715,766,12,2636,806,2694,33889,25,69086,1097],"class_list":{"0":"post-576655","1":"post","2":"type-post","3":"status-publish","4":"format-standard","5":"has-post-thumbnail","7":"category-nantes","8":"tag-actu","9":"tag-actualites","10":"tag-angers","11":"tag-anjou","12":"tag-detention","13":"tag-eu","14":"tag-europe","15":"tag-fr","16":"tag-france","17":"tag-jeune","18":"tag-nantais","19":"tag-nantes","20":"tag-news","21":"tag-pays-de-la-loire","22":"tag-prison","23":"tag-proces","24":"tag-quinquagenaire","25":"tag-republique-francaise","26":"tag-teleguide","27":"tag-trafic"},"share_on_mastodon":{"url":"https:\/\/pubeurope.com\/@fr\/115659101247351834","error":""},"_links":{"self":[{"href":"https:\/\/www.europesays.com\/fr\/wp-json\/wp\/v2\/posts\/576655","targetHints":{"allow":["GET"]}}],"collection":[{"href":"https:\/\/www.europesays.com\/fr\/wp-json\/wp\/v2\/posts"}],"about":[{"href":"https:\/\/www.europesays.com\/fr\/wp-json\/wp\/v2\/types\/post"}],"author":[{"embeddable":true,"href":"https:\/\/www.europesays.com\/fr\/wp-json\/wp\/v2\/users\/2"}],"replies":[{"embeddable":true,"href":"https:\/\/www.europesays.com\/fr\/wp-json\/wp\/v2\/comments?post=576655"}],"version-history":[{"count":0,"href":"https:\/\/www.europesays.com\/fr\/wp-json\/wp\/v2\/posts\/576655\/revisions"}],"wp:featuredmedia":[{"embeddable":true,"href":"https:\/\/www.europesays.com\/fr\/wp-json\/wp\/v2\/media\/576656"}],"wp:attachment":[{"href":"https:\/\/www.europesays.com\/fr\/wp-json\/wp\/v2\/media?parent=576655"}],"wp:term":[{"taxonomy":"category","embeddable":true,"href":"https:\/\/www.europesays.com\/fr\/wp-json\/wp\/v2\/categories?post=576655"},{"taxonomy":"post_tag","embeddable":true,"href":"https:\/\/www.europesays.com\/fr\/wp-json\/wp\/v2\/tags?post=576655"}],"curies":[{"name":"wp","href":"https:\/\/api.w.org\/{rel}","templated":true}]}}