{"id":576657,"date":"2025-12-04T03:09:35","date_gmt":"2025-12-04T03:09:35","guid":{"rendered":"https:\/\/www.europesays.com\/fr\/576657\/"},"modified":"2025-12-04T03:09:35","modified_gmt":"2025-12-04T03:09:35","slug":"coupe-de-france-brest-le-vendredi-concarneau-nantes-le-dimanche-la-programmation-des-32es-de-finale","status":"publish","type":"post","link":"https:\/\/www.europesays.com\/fr\/576657\/","title":{"rendered":"Coupe de France\u00a0: Brest le vendredi, Concarneau-Nantes le dimanche, la programmation des 32es de finale"},"content":{"rendered":"<p>Coupe de France (32e de finale)<\/p>\n<p>Les six clubs bretons qualifi\u00e9s pour les 32es de finale sont fix\u00e9s. La F\u00e9d\u00e9ration Fran\u00e7aise de Football a d\u00e9voil\u00e9 ce mercredi, la programmation des affiches. Le Stade Brestois (L1), en d\u00e9placement \u00e0 Avranches (N2), et En Avant Guingamp (L2), qui re\u00e7oit Laval (L2), ouvriront le bal, le vendredi 19 d\u00e9cembre \u00e0 20 h 45.<\/p>\n<p>Le FC Lorient affrontera les Guadeloup\u00e9ens de l\u2019AS Le Gosier (R1) de Claudio Beauvue le samedi \u00e0 15 h 30. Le lieu reste cependant \u00e0 d\u00e9terminer.<\/p>\n<p>L\u2019int\u00e9gralit\u00e9 des rencontres sera diffus\u00e9e sur les diff\u00e9rentes chaines de Bein Sport.<\/p>\n<p class=\"titre-tech\">La programmation compl\u00e8te des 32es de finale<\/p>\n<p><strong class=\"tech\">Vendredi 19 d\u00e9cembre (20 h 45)<\/strong><\/p>\n<p>Multiplex Bein Sport 2<\/p>\n<p>Les Herbiers (N2) &#8211; Angers (L1)<\/p>\n<p>US Avranches (N2) &#8211; STADE BRESTOIS (L1)<\/p>\n<p>Olympique Marc en Baroeul (R1) &#8211; Estac Troyes (L2)<\/p>\n<p>FC Perigny (R1) &#8211; Le Mans (L2)<\/p>\n<p>EN AVANT GUINGAMP (L2) &#8211; Stade Lavallois (L2)<\/p>\n<p>Canet (N3) &#8211; Montpellier (L2)<\/p>\n<p><strong class=\"tech\">Vendredi 19 d\u00e9cembre (21 h)<\/strong><\/p>\n<p>Bein Sport 1<\/p>\n<p>RC Lens (L1) &#8211; Feignies Aulnoye FC (N2)<\/p>\n<p><strong class=\"tech\">Samedi 20 d\u00e9cembre (15 h 30)<\/strong><\/p>\n<p>Multiplex Bein Sport 1<\/p>\n<p>FC Freyming (R2) &#8211; US Chantilly (N2)<\/p>\n<p>US St Maur Lusitanos (N2) &#8211; Losc Lille (L1)<\/p>\n<p>AS Le Gosier (R1) &#8211; FC LORIENT (L1)<\/p>\n<p>ASC Biesheim (N2) &#8211; FC Metz (L1)<\/p>\n<p>IC Croix Football (N3) &#8211; Stade de Reims (L2)<\/p>\n<p>Bayeux FC (R1) &#8211; Blois Foot 41 (N2)<\/p>\n<p><strong class=\"tech\">Samedi 20 d\u00e9cembre (18 h)<\/strong><\/p>\n<p>Multiplex Bein Sport 1<\/p>\n<p>Grenoble Foot 38 (L2) &#8211; AS Nancy Lorraine (L2)<\/p>\n<p>US Raon l\u2019Etape (R1) &#8211; Paris FC (L1)<\/p>\n<p>SA Merignac (R1) &#8211; Istres (N2)<\/p>\n<p>Lyon La Duch\u00e8re (N3) &#8211; Toulouse FC (L1)<\/p>\n<p>GSI PONTIVY (N3) &#8211; SC Bastia (L2)<\/p>\n<p>Stade B\u00e9thunois (R1) &#8211; FC Sochaux Montb\u00e9liard (N1)<\/p>\n<p><strong class=\"tech\">Samedi 20 d\u00e9cembre (21 h)<\/strong><\/p>\n<p>Bein Sport 1<\/p>\n<p>Vend\u00e9e Fontenay Foot (N3) &#8211; PSG (L1)<\/p>\n<p><strong class=\"tech\">Dimanche 21 d\u00e9cembre (14 h 45)<\/strong><\/p>\n<p>France TV et Bein Sport 1<\/p>\n<p>Bourg-P\u00e9ronnas (Nat.) &#8211; Olympique de Marseille (L1)<\/p>\n<p>France TV R\u00e9gion et Multiplex Bein Sport<\/p>\n<p>OGC Nice (L1) &#8211; Saint-\u00c9tienne (L2)<\/p>\n<p>AJ Auxerre (L1) &#8211; AS Monaco (L1)<\/p>\n<p>RC Strasbourg (L1) &#8211; USL Dunkerque (L2)<\/p>\n<p>US CONCARNEAU (Nat.) &#8211; FC Nantes (L1)<\/p>\n<p><strong class=\"tech\">Dimanche 21 d\u00e9cembre (17 h 30)<\/strong><\/p>\n<p>Multiplex Bein Sport 1<\/p>\n<p>STADE RENNAIS (L1) &#8211; Les Sables VF (N3)<\/p>\n<p>FC Bassin d\u2019Arcachon (N3) &#8211; Haut Lyonnais (N3)<\/p>\n<p>Le Puy Foot 43 (Nat.) &#8211; FC Girondins de Bordeaux (N2)<\/p>\n<p>Le Havre AC (L1) &#8211; Amiens (L2)<\/p>\n<p>Montreuil (R1) ou US Granvillaise (N2) &#8211; US Chauvigny (N3)<\/p>\n<p>US Orl\u00e9ans (N1) &#8211; FC Dieppe (N2)<\/p>\n<p><strong class=\"tech\">Dimanche 21 d\u00e9cembre<\/strong><\/p>\n<p>Bein Sport 1<\/p>\n<p>FC Saint Cyr Collonges Mont d&rsquo;Or (R1) &#8211; Olympique Lyonnais (L1)<\/p>\n","protected":false},"excerpt":{"rendered":"Coupe de France (32e de finale) Les six clubs bretons qualifi\u00e9s pour les 32es de finale sont fix\u00e9s.&hellip;\n","protected":false},"author":2,"featured_media":576658,"comment_status":"","ping_status":"","sticky":false,"template":"","format":"standard","meta":{"footnotes":""},"categories":[2818],"tags":[1111,11,3450,3322,3166,1777,674,3317,63,1011,27,4044,1781,766,12,2636,6099,584,25,60,4449,3087,14656],"class_list":{"0":"post-576657","1":"post","2":"type-post","3":"status-publish","4":"format-standard","5":"has-post-thumbnail","7":"category-nantes","8":"tag-actu","9":"tag-actualites","10":"tag-brest","11":"tag-concarneau","12":"tag-en-continu-sports","13":"tag-eu","14":"tag-europe","15":"tag-fc-lorient","16":"tag-football","17":"tag-fr","18":"tag-france","19":"tag-guingamp","20":"tag-lorient","21":"tag-nantes","22":"tag-news","23":"tag-pays-de-la-loire","24":"tag-pontivy","25":"tag-rennes","26":"tag-republique-francaise","27":"tag-sports","28":"tag-stade-brestois","29":"tag-stade-rennais","30":"tag-us-concarneau"},"share_on_mastodon":{"url":"https:\/\/pubeurope.com\/@fr\/115659103464157777","error":""},"_links":{"self":[{"href":"https:\/\/www.europesays.com\/fr\/wp-json\/wp\/v2\/posts\/576657","targetHints":{"allow":["GET"]}}],"collection":[{"href":"https:\/\/www.europesays.com\/fr\/wp-json\/wp\/v2\/posts"}],"about":[{"href":"https:\/\/www.europesays.com\/fr\/wp-json\/wp\/v2\/types\/post"}],"author":[{"embeddable":true,"href":"https:\/\/www.europesays.com\/fr\/wp-json\/wp\/v2\/users\/2"}],"replies":[{"embeddable":true,"href":"https:\/\/www.europesays.com\/fr\/wp-json\/wp\/v2\/comments?post=576657"}],"version-history":[{"count":0,"href":"https:\/\/www.europesays.com\/fr\/wp-json\/wp\/v2\/posts\/576657\/revisions"}],"wp:featuredmedia":[{"embeddable":true,"href":"https:\/\/www.europesays.com\/fr\/wp-json\/wp\/v2\/media\/576658"}],"wp:attachment":[{"href":"https:\/\/www.europesays.com\/fr\/wp-json\/wp\/v2\/media?parent=576657"}],"wp:term":[{"taxonomy":"category","embeddable":true,"href":"https:\/\/www.europesays.com\/fr\/wp-json\/wp\/v2\/categories?post=576657"},{"taxonomy":"post_tag","embeddable":true,"href":"https:\/\/www.europesays.com\/fr\/wp-json\/wp\/v2\/tags?post=576657"}],"curies":[{"name":"wp","href":"https:\/\/api.w.org\/{rel}","templated":true}]}}