{"id":576663,"date":"2025-12-04T03:13:37","date_gmt":"2025-12-04T03:13:37","guid":{"rendered":"https:\/\/www.europesays.com\/fr\/576663\/"},"modified":"2025-12-04T03:13:37","modified_gmt":"2025-12-04T03:13:37","slug":"cest-un-mois-essentiel-a-toulouse-pourquoi-les-commercants-misent-sur-les-fetes-de-noel-pour-se-refaire-une-sante","status":"publish","type":"post","link":"https:\/\/www.europesays.com\/fr\/576663\/","title":{"rendered":"\u00ab\u00a0C\u2019est un mois essentiel\u00a0\u00bb\u00a0: \u00e0 Toulouse, pourquoi les commer\u00e7ants misent sur les f\u00eates de No\u00ebl pour se refaire une sant\u00e9"},"content":{"rendered":"<p>\n                                                                    l&rsquo;essentiel<br \/>\n                                                                Malgr\u00e9 un mois de novembre en de\u00e7\u00e0 des attentes, la p\u00e9riode des f\u00eates de No\u00ebl reste l\u2019\u00e9v\u00e9nement le plus crucial pour les commer\u00e7ants ind\u00e9pendants toulousains. On fait le point sur les d\u00e9fis de la consommation actuelle avec Sandrine Rossignol, directrice de la F\u00e9d\u00e9ration des associations de commer\u00e7ants, artisans et professionnels de Toulouse.\n                            <\/p>\n<p class=\"txt-question\">La D\u00e9p\u00eache. La p\u00e9riode des f\u00eates de fin d\u2019ann\u00e9e est-elle toujours cruciale pour les commer\u00e7ants, malgr\u00e9 un contexte \u00e9conomique ambiant compliqu\u00e9\u00a0?<\/p>\n<p><strong>Sandrine Rossignol.<\/strong> Ils ne doivent surtout pas passer \u00e0 c\u00f4t\u00e9 des festivit\u00e9s de fin d\u2019ann\u00e9e. C\u2019est un mois essentiel, sur lequel ils comptent \u00e9norm\u00e9ment. D\u2019autant que le mois dernier a \u00e9t\u00e9 tr\u00e8s difficile\u00a0: on est g\u00e9n\u00e9ralement entre \u2013 20 et \u2013 30\u00a0% de chiffre d\u2019affaires par rapport \u00e0 novembre\u00a02024. Je suis optimiste sur les ventes en d\u00e9cembre, car les gens ont besoin de se faire plaisir.<\/p>\n<p>        <img decoding=\"async\" class=\"std-img__img responsive-img\" src=\"https:\/\/www.europesays.com\/fr\/wp-content\/uploads\/2025\/12\/1764818017_118_image.jpg\" alt=\"Sandrine Rossignol est la directrice de la F\u00e9d\u00e9ration des associations de commer\u00e7ants, artisans et professionnels de Toulouse depuis d\u00e9cembre\u00a02023.\"\/><\/p>\n<p>                Sandrine Rossignol est la directrice de la F\u00e9d\u00e9ration des associations de commer\u00e7ants, artisans et professionnels de Toulouse depuis d\u00e9cembre\u00a02023.<br \/>\n                                    DDM archives &#8211; LAURENT DARD<\/p>\n<p class=\"txt-question\">\u00c0 quoi est due cette baisse\u00a0?<\/p>\n<p>Principalement au contexte \u00e9conomique g\u00e9n\u00e9ral, mais il y a beaucoup de facteurs qui entrent en compte dans la consommation des m\u00e9nages. On pointe souvent du doigt Internet, mais ce n\u2019est que 20\u00a0% des achats. Par contre, les gens consomment aujourd\u2019hui davantage de services que de biens. De plus, les consommateurs ont peut-\u00eatre tendance \u00e0 attendre le dernier moment, \u00e0 \u00e9viter les foules.<\/p>\n<p class=\"std-elt__inline\">\n        <strong>\u00c0 lire aussi :<\/strong><br \/>\n        <a href=\"https:\/\/www.ladepeche.fr\/2025\/12\/03\/si-on-se-rate-la-on-ferme-apres-un-automne-morose-les-commercants-du-centre-ville-misent-tout-sur-noel-13086165.php\" target=\"_blank\" rel=\"noopener\">\u00ab\u00a0Si on se rate l\u00e0, on ferme\u00a0\u00bb: apr\u00e8s un automne morose, les commer\u00e7ants du centre-ville misent tout sur No\u00ebl<\/a>\n    <\/p>\n<p class=\"txt-question\">L\u2019acc\u00e8s au centre-ville est un point remont\u00e9 par les professionnels\u00a0?<\/p>\n<p>Si l\u2019on regarde les chiffres de Tiss\u00e9o, la fr\u00e9quentation des transports est en augmentation constante, les parkings sont pleins. Il y a beaucoup de monde partout. Mais \u00e7a ne veut pas dire que les gens ach\u00e8tent en boutique. Les commer\u00e7ants doivent aussi se remettre en question sur le parcours client\u00a0: il faut savoir l\u2019attirer, avec un bon accueil, un \u00e9change. Aujourd\u2019hui, on ne peut plus juste se dire\u00a0: \u00ab\u00a0J\u2019ouvre un magasin, j\u2019ach\u00e8te un pas-de-porte, je pose une collection et voil\u00e0.\u00a0\u00bb On ne peut plus faire au doigt mouill\u00e9.<\/p>\n<p class=\"std-elt__inline\">\n        <strong>\u00c0 lire aussi :<\/strong><br \/>\n        <a href=\"https:\/\/www.ladepeche.fr\/2025\/12\/03\/jusqua-1-h-30-pour-trouver-une-place-la-galerie-commerciale-blagnac-ne-connait-pas-la-crise-13086156.php\" target=\"_blank\" rel=\"noopener\">\u00ab\u00a0Jusqu\u2019\u00e0 1\u00a0h\u00a030 pour trouver une place\u00a0\u00bb\u00a0: la galerie commerciale Blagnac ne conna\u00eet pas la crise<\/a>\n    <\/p>\n<p class=\"txt-question\">Quels sont les conseils pour s\u2019adapter aux nouveaux modes de consommation\u00a0?<\/p>\n<p>Il faut utiliser les r\u00e9seaux sociaux, exploiter la donn\u00e9e, se r\u00e9actualiser, regarder ce qui se fait ailleurs. Il faut \u00eatre un sp\u00e9cialiste de la communication quand on ouvre un commerce. La majorit\u00e9 s\u2019adapte, montre une maturit\u00e9 num\u00e9rique, avec un compte Instagram notamment. Par exemple, le nouveau magasin de v\u00e9lo et trail <a href=\"https:\/\/www.ladepeche.fr\/2025\/10\/09\/un-coffee-shop-un-atelier-velo-et-un-espace-running-reunis-par-trois-amis-en-un-seul-lieu-en-plein-coeur-de-toulouse-12977618.php\" target=\"_self\" rel=\"noopener\">Recovery<\/a>, situ\u00e9 rue de Metz, a cr\u00e9\u00e9 une grosse communaut\u00e9\u00a0: ils proposent des sorties gratuites de course, des soir\u00e9es avec des fabricants. Les gens s\u2019identifient ainsi \u00e0 des produits, une marque, une fa\u00e7on de vivre.<\/p>\n<p class=\"std-elt__inline\">\n        <strong>\u00c0 lire aussi :<\/strong><br \/>\n        <a href=\"https:\/\/www.ladepeche.fr\/2025\/10\/09\/un-coffee-shop-un-atelier-velo-et-un-espace-running-reunis-par-trois-amis-en-un-seul-lieu-en-plein-coeur-de-toulouse-12977618.php\" target=\"_blank\" rel=\"noopener\">Un coffee shop, un atelier v\u00e9lo et un espace running r\u00e9unis par trois amis en un seul lieu en plein c\u0153ur de Toulouse<\/a>\n    <\/p>\n<p class=\"txt-question\">Y a-t-il plus de fermetures chez les ind\u00e9pendants\u00a0?<\/p>\n<p>Il faut faire attention aux chiffres de la restauration rapide qui ouvrent et ferment tr\u00e8s rapidement, faussant notre perception globale. Le taux de vacances commerciales en centre-ville \u00e0 Toulouse (sous les 10\u00a0%) est en dessous du taux national (entre 14 et 16\u00a0%). La ville reste dynamique. Les boutiques ind\u00e9pendantes de d\u00e9co ou \u00e9quipement de la personne sont souvent l\u00e0 depuis un certain temps.<\/p>\n","protected":false},"excerpt":{"rendered":"l&rsquo;essentiel Malgr\u00e9 un mois de novembre en de\u00e7\u00e0 des attentes, la p\u00e9riode des f\u00eates de No\u00ebl reste l\u2019\u00e9v\u00e9nement&hellip;\n","protected":false},"author":2,"featured_media":576664,"comment_status":"","ping_status":"","sticky":false,"template":"","format":"standard","meta":{"footnotes":""},"categories":[2816],"tags":[1111,11,7227,33,1777,674,1011,27,2722,12,2680,25,2312],"class_list":{"0":"post-576663","1":"post","2":"type-post","3":"status-publish","4":"format-standard","5":"has-post-thumbnail","7":"category-toulouse","8":"tag-actu","9":"tag-actualites","10":"tag-commerces","11":"tag-economie","12":"tag-eu","13":"tag-europe","14":"tag-fr","15":"tag-france","16":"tag-haute-garonne","17":"tag-news","18":"tag-occitanie","19":"tag-republique-francaise","20":"tag-toulouse"},"share_on_mastodon":{"url":"https:\/\/pubeurope.com\/@fr\/115659120321954582","error":""},"_links":{"self":[{"href":"https:\/\/www.europesays.com\/fr\/wp-json\/wp\/v2\/posts\/576663","targetHints":{"allow":["GET"]}}],"collection":[{"href":"https:\/\/www.europesays.com\/fr\/wp-json\/wp\/v2\/posts"}],"about":[{"href":"https:\/\/www.europesays.com\/fr\/wp-json\/wp\/v2\/types\/post"}],"author":[{"embeddable":true,"href":"https:\/\/www.europesays.com\/fr\/wp-json\/wp\/v2\/users\/2"}],"replies":[{"embeddable":true,"href":"https:\/\/www.europesays.com\/fr\/wp-json\/wp\/v2\/comments?post=576663"}],"version-history":[{"count":0,"href":"https:\/\/www.europesays.com\/fr\/wp-json\/wp\/v2\/posts\/576663\/revisions"}],"wp:featuredmedia":[{"embeddable":true,"href":"https:\/\/www.europesays.com\/fr\/wp-json\/wp\/v2\/media\/576664"}],"wp:attachment":[{"href":"https:\/\/www.europesays.com\/fr\/wp-json\/wp\/v2\/media?parent=576663"}],"wp:term":[{"taxonomy":"category","embeddable":true,"href":"https:\/\/www.europesays.com\/fr\/wp-json\/wp\/v2\/categories?post=576663"},{"taxonomy":"post_tag","embeddable":true,"href":"https:\/\/www.europesays.com\/fr\/wp-json\/wp\/v2\/tags?post=576663"}],"curies":[{"name":"wp","href":"https:\/\/api.w.org\/{rel}","templated":true}]}}