{"id":576669,"date":"2025-12-04T03:17:12","date_gmt":"2025-12-04T03:17:12","guid":{"rendered":"https:\/\/www.europesays.com\/fr\/576669\/"},"modified":"2025-12-04T03:17:12","modified_gmt":"2025-12-04T03:17:12","slug":"vent-dinquietude-sur-la-base-marseillaise-dair-france","status":"publish","type":"post","link":"https:\/\/www.europesays.com\/fr\/576669\/","title":{"rendered":"vent d&rsquo;inqui\u00e9tude sur la base marseillaise d&rsquo;Air France"},"content":{"rendered":"<p>Comme de la tension dans l\u2019air. D\u00e9j\u00e0 mobilis\u00e9 en\u00a02021 pour s\u2019opposer fermement au projet de fermeture des trois bases provinciales d<a href=\"https:\/\/www.laprovence.com\/article\/region\/5973347285178814\/vols-annules-par-air-france-laeroport-marseille-provence-impacte\" target=\"_blank\" rel=\"noopener\">\u2019Air France<\/a>, situ\u00e9es \u00e0 Nice, Toulouse et Marseille, St\u00e9phane Pasqualini, chef de cabine, d\u00e9nonce \u00e0 nouveau une d\u00e9gradation des conditions de travail pour le personnel navigant de la cit\u00e9 phoc\u00e9enne.<\/p>\n<p>Un \u00ab\u00a0pi\u00e8ge ficel\u00e9\u00a0\u00bb selon le d\u00e9l\u00e9gu\u00e9 du personnel Unac<\/p>\n<p>Le d\u00e9l\u00e9gu\u00e9 du personnel Unac cible notamment une baisse progressive de l\u2019activit\u00e9, retir\u00e9e aux bases provinciales et transf\u00e9r\u00e9e aux \u00e9quipages parisiens et l\u2019obligation r\u00e9cente de d\u00e9coucher \u00e0 l\u2019a\u00e9roport Charles-de-Gaulle sans imposer une r\u00e9elle limite.<\/p>\n<p>\u00ab\u00a0Ils nous enl\u00e8vent l\u2019activit\u00e9, puis ils nous disent qu\u2019on n\u2019est pas rentables. Pendant deux-trois mois, on a eu des plannings all\u00e9g\u00e9s et on pensait que c\u2019\u00e9tait parce qu\u2019il y avait moins d\u2019avions, mais ils refourguent tout aux Parisiens. C\u2019\u00e9tait au moment de l\u2019Automne, donc ils pr\u00e9paraient leurs coups. C\u2019est pervers, car au lieu de venir en frontal comme en 2021, ils arrivent avec un pi\u00e8ge ficel\u00e9 et ils nous font dormir \u00e0 Charles-de-Gaulle. Au d\u00e9but, ils ont parl\u00e9 de deux nuits sur le mois, sauf qu\u2019il y en a d\u00e9j\u00e0 trois ou quatre en programmation\u00a0\u00bb, d\u00e9plore-t-il.<\/p>\n","protected":false},"excerpt":{"rendered":"Comme de la tension dans l\u2019air. D\u00e9j\u00e0 mobilis\u00e9 en\u00a02021 pour s\u2019opposer fermement au projet de fermeture des trois&hellip;\n","protected":false},"author":2,"featured_media":576670,"comment_status":"","ping_status":"","sticky":false,"template":"","format":"standard","meta":{"footnotes":""},"categories":[2814],"tags":[17,1111,11,69089,33,69087,1777,674,1011,27,6085,69088,884,12,3946,882,25,3356,7919],"class_list":{"0":"post-576669","1":"post","2":"type-post","3":"status-publish","4":"format-standard","5":"has-post-thumbnail","7":"category-marseille","8":"tag-17","9":"tag-actu","10":"tag-actualites","11":"tag-dinquietude","12":"tag-economie","13":"tag-enlevent","14":"tag-eu","15":"tag-europe","16":"tag-fr","17":"tag-france","18":"tag-ils","19":"tag-lactivite","20":"tag-marseille","21":"tag-news","22":"tag-nous","23":"tag-provence-alpes-cote-dazur","24":"tag-republique-francaise","25":"tag-sur","26":"tag-vent"},"share_on_mastodon":{"url":"https:\/\/pubeurope.com\/@fr\/115659135067614309","error":""},"_links":{"self":[{"href":"https:\/\/www.europesays.com\/fr\/wp-json\/wp\/v2\/posts\/576669","targetHints":{"allow":["GET"]}}],"collection":[{"href":"https:\/\/www.europesays.com\/fr\/wp-json\/wp\/v2\/posts"}],"about":[{"href":"https:\/\/www.europesays.com\/fr\/wp-json\/wp\/v2\/types\/post"}],"author":[{"embeddable":true,"href":"https:\/\/www.europesays.com\/fr\/wp-json\/wp\/v2\/users\/2"}],"replies":[{"embeddable":true,"href":"https:\/\/www.europesays.com\/fr\/wp-json\/wp\/v2\/comments?post=576669"}],"version-history":[{"count":0,"href":"https:\/\/www.europesays.com\/fr\/wp-json\/wp\/v2\/posts\/576669\/revisions"}],"wp:featuredmedia":[{"embeddable":true,"href":"https:\/\/www.europesays.com\/fr\/wp-json\/wp\/v2\/media\/576670"}],"wp:attachment":[{"href":"https:\/\/www.europesays.com\/fr\/wp-json\/wp\/v2\/media?parent=576669"}],"wp:term":[{"taxonomy":"category","embeddable":true,"href":"https:\/\/www.europesays.com\/fr\/wp-json\/wp\/v2\/categories?post=576669"},{"taxonomy":"post_tag","embeddable":true,"href":"https:\/\/www.europesays.com\/fr\/wp-json\/wp\/v2\/tags?post=576669"}],"curies":[{"name":"wp","href":"https:\/\/api.w.org\/{rel}","templated":true}]}}