{"id":576671,"date":"2025-12-04T03:18:20","date_gmt":"2025-12-04T03:18:20","guid":{"rendered":"https:\/\/www.europesays.com\/fr\/576671\/"},"modified":"2025-12-04T03:18:20","modified_gmt":"2025-12-04T03:18:20","slug":"stephane-ravier-denonce-un-tag-christianophobe-sur-une-eglise","status":"publish","type":"post","link":"https:\/\/www.europesays.com\/fr\/576671\/","title":{"rendered":"St\u00e9phane Ravier d\u00e9nonce un tag \u00ab christianophobe\u00bb sur une \u00e9glise"},"content":{"rendered":"<p><a href=\"https:\/\/www.lejdd.fr\/culture\/censure-du-film-sacre-coeur-a-marseille-stephane-ravier-accuse-benoit-payan-de-christianophobie-163277\" target=\"_blank\" rel=\"noopener\">St\u00e9phane Ravier<\/a> sonne l\u2019alerte. Le s\u00e9nateur des Bouches-du-Rh\u00f4ne s\u2019est film\u00e9 \u00e0 c\u00f4t\u00e9 de l\u2019\u00e9glise Sainte-Marie-Madeleine des Chartreux, dans le IVe arrondissement de <a href=\"https:\/\/www.lejdd.fr\/politique\/municipales-a-marseille-martine-vassal-nexclut-pas-un-accord-avec-le-rn-au-second-tour-164579\" target=\"_blank\" rel=\"noopener\">Marseille<\/a>, pour d\u00e9noncer un tag inscrit sur la fa\u00e7ade\u00a0: \u00ab\u00a0La seule \u00e9glise qui illumine est celle qui br\u00fble.\u00a0\u00bb L\u2019ancien maire d\u2019arrondissement souligne que cette phrase avait d\u00e9j\u00e0 \u00e9t\u00e9 employ\u00e9e par des \u00ab\u00a0antifas au lendemain de l\u2019incendie de Notre-Dame de Paris\u00a0\u00bb. Selon lui, aucun doute\u00a0: il s\u2019agit d\u2019une inscription \u00ab\u00a0christianophobe\u00a0\u00bb.<\/p>\n<blockquote class=\"twitter-tweet\">\n<p lang=\"fr\" dir=\"ltr\">\u00ab\u00a0La seule \u00e9glise qui illumine est celle qui br\u00fble\u00a0\u00bb.<\/p>\n<p>La christianophobie s&rsquo;affiche sur l&rsquo;\u00e9glise des Chartreux en plein c\u0153ur de Marseille. Le m\u00eame tag outrancier que celui des antifas au lendemain de l&rsquo;incendie de ND de Paris. <br \/>Le maire doit retrouver et poursuivre ses auteurs. <a href=\"https:\/\/t.co\/DsyHB2hKc6\">pic.twitter.com\/DsyHB2hKc6<\/a><\/p>\n<p>\u2014 St\u00e9phane Ravier (@Stephane_Ravier) <a href=\"https:\/\/twitter.com\/Stephane_Ravier\/status\/1995883174224658580?ref_src=twsrc%5Etfw\" target=\"_blank\" rel=\"noopener\">December 2, 2025<\/a><\/p><\/blockquote>\n<p>Pour St\u00e9phane Ravier les nombreux actes antichr\u00e9tiens r\u00e9cemment survenus dans le pays commencent \u00e0 \u00ab\u00a0faire beaucoup\u00a0\u00bb. Avant d\u2019\u00e9num\u00e9rer\u00a0: \u00ab\u00a0Une cr\u00e8che vandalis\u00e9e \u00e0 Amiens, une \u00e9glise vandalis\u00e9e \u00e0 Lourdes. \u00c0 l\u2019entr\u00e9e de la ville de Marseille, il y avait un grand panneau sur lequel \u00e9tait \u00e9crit \u00ab\u00a0le Christ est mort pour nos p\u00e9ch\u00e9s\u00a0\u00bb et qui a \u00e9t\u00e9 remplac\u00e9 par Gaza.\u00a0\u00bb Puis d\u2019interpeller le maire de Marseille, <a href=\"https:\/\/www.lejdd.fr\/Societe\/marseille-apres-la-polemique-benoit-payan-celebre-les-santons-164064\" target=\"_blank\" rel=\"noopener\">Beno\u00eet Payan<\/a>, qui avait promis d\u2019attaquer en justice les auteurs d\u2019actes \u00ab\u00a0islamophobes\u00a0\u00bb. \u00ab\u00a0Je l\u2019invite \u00e0 avoir la m\u00eame r\u00e9action lorsque des propos christianophobes sont inscrits sur cette magnifique \u00e9glise des Chartreux\u00a0\u00bb, a-t-il lanc\u00e9.<\/p>\n<p>    La suite apr\u00e8s cette publicit\u00e9<\/p>\n<p>Le dioc\u00e8se r\u00e9agit<\/p>\n<p>Le premier magistrat de la ville a ensuite r\u00e9agi pour condamner ces inscriptions. Dans un message publi\u00e9 sur X, il a d\u00e9nonc\u00e9 \u00ab\u00a0un tag haineux\u00a0\u00bb visant une \u00e9glise de la ville, rappelant que \u00ab\u00a0les menaces et la stigmatisation des croyants n\u2019ont pas leur place dans notre ville, quelle que soit leur religion\u00a0\u00bb. Il a assur\u00e9 que Marseille \u00ab\u00a0restera une ville de respect et de fraternit\u00e9\u00a0\u00bb et annonc\u00e9 que la municipalit\u00e9 d\u00e9poserait plainte d\u00e8s le mercredi\u00a03\u00a0d\u00e9cembre. Le maire a \u00e9galement affirm\u00e9 que la Ville \u00ab\u00a0restera pleinement mobilis\u00e9e pour prot\u00e9ger chaque lieu de culte\u00a0\u00bb, alors que les r\u00e9actions politiques se multiplient face \u00e0 ces d\u00e9gradations.<\/p>\n<p>    La suite apr\u00e8s cette publicit\u00e9<\/p>\n<blockquote class=\"twitter-tweet\">\n<p lang=\"fr\" dir=\"ltr\">Un tag haineux a vis\u00e9 une \u00e9glise \u00e0 Marseille. Les menaces et la stigmatisation des croyants n\u2019ont pas leur place dans notre ville, quelle que soit leur religion. <br \/>Marseille est et restera une ville de respect et de fraternit\u00e9. <br \/>La Ville d\u00e9posera plainte d\u00e8s demain et restera\u2026 <a href=\"https:\/\/t.co\/0NgClvFyFX\">pic.twitter.com\/0NgClvFyFX<\/a><\/p>\n<p>\u2014 Beno\u00eet Payan (@BenoitPayan) <a href=\"https:\/\/twitter.com\/BenoitPayan\/status\/1995947084844073313?ref_src=twsrc%5Etfw\" target=\"_blank\" rel=\"noopener\">December 2, 2025<\/a><\/p><\/blockquote>\n<p>Dans un communiqu\u00e9, le dioc\u00e8se de Marseille a pr\u00e9cis\u00e9 que les faits se sont produits dans la nuit de dimanche \u00e0 lundi. \u00c0 la suite de ces d\u00e9gradations, le cur\u00e9 de la paroisse a \u00e9galement d\u00e9pos\u00e9 plainte afin que les tags soient effac\u00e9s au plus t\u00f4t. Une messe sera c\u00e9l\u00e9br\u00e9e ce mercredi \u00e0 18 h 30 \u00ab\u00a0pour r\u00e9unir et consoler la communaut\u00e9 paroissiale et les habitants du quartier affect\u00e9s par ces actes\u00a0\u00bb. Le dioc\u00e8se exprime sa \u00ab\u00a0grande tristesse\u00a0\u00bb, rappelant que \u00ab\u00a0s\u2019en prendre \u00e0 une \u00e9glise, c\u2019est toucher en plein c\u0153ur la communaut\u00e9 catholique\u00a0\u00bb.<\/p>\n<p>Pour rappel, les actes antichr\u00e9tiens sont en hausse depuis le d\u00e9but de l\u2019ann\u00e9e. Delon le minist\u00e8re de l\u2019Int\u00e9rieur, \u00ab\u00a0401 faits [ont \u00e9t\u00e9] relev\u00e9s entre janvier et juin, contre 354 sur la m\u00eame p\u00e9riode en 2024, soit une hausse de 13\u00a0%\u00a0\u00bb.<\/p>\n<p>                                                                        <script async src=\"https:\/\/platform.twitter.com\/widgets.js\" charset=\"utf-8\"><\/script><\/p>\n","protected":false},"excerpt":{"rendered":"St\u00e9phane Ravier sonne l\u2019alerte. Le s\u00e9nateur des Bouches-du-Rh\u00f4ne s\u2019est film\u00e9 \u00e0 c\u00f4t\u00e9 de l\u2019\u00e9glise Sainte-Marie-Madeleine des Chartreux, dans&hellip;\n","protected":false},"author":2,"featured_media":576672,"comment_status":"","ping_status":"","sticky":false,"template":"","format":"standard","meta":{"footnotes":""},"categories":[2814],"tags":[1111,11,1777,674,1011,27,884,12,882,25],"class_list":{"0":"post-576671","1":"post","2":"type-post","3":"status-publish","4":"format-standard","5":"has-post-thumbnail","7":"category-marseille","8":"tag-actu","9":"tag-actualites","10":"tag-eu","11":"tag-europe","12":"tag-fr","13":"tag-france","14":"tag-marseille","15":"tag-news","16":"tag-provence-alpes-cote-dazur","17":"tag-republique-francaise"},"share_on_mastodon":{"url":"https:\/\/pubeurope.com\/@fr\/115659139351694065","error":""},"_links":{"self":[{"href":"https:\/\/www.europesays.com\/fr\/wp-json\/wp\/v2\/posts\/576671","targetHints":{"allow":["GET"]}}],"collection":[{"href":"https:\/\/www.europesays.com\/fr\/wp-json\/wp\/v2\/posts"}],"about":[{"href":"https:\/\/www.europesays.com\/fr\/wp-json\/wp\/v2\/types\/post"}],"author":[{"embeddable":true,"href":"https:\/\/www.europesays.com\/fr\/wp-json\/wp\/v2\/users\/2"}],"replies":[{"embeddable":true,"href":"https:\/\/www.europesays.com\/fr\/wp-json\/wp\/v2\/comments?post=576671"}],"version-history":[{"count":0,"href":"https:\/\/www.europesays.com\/fr\/wp-json\/wp\/v2\/posts\/576671\/revisions"}],"wp:featuredmedia":[{"embeddable":true,"href":"https:\/\/www.europesays.com\/fr\/wp-json\/wp\/v2\/media\/576672"}],"wp:attachment":[{"href":"https:\/\/www.europesays.com\/fr\/wp-json\/wp\/v2\/media?parent=576671"}],"wp:term":[{"taxonomy":"category","embeddable":true,"href":"https:\/\/www.europesays.com\/fr\/wp-json\/wp\/v2\/categories?post=576671"},{"taxonomy":"post_tag","embeddable":true,"href":"https:\/\/www.europesays.com\/fr\/wp-json\/wp\/v2\/tags?post=576671"}],"curies":[{"name":"wp","href":"https:\/\/api.w.org\/{rel}","templated":true}]}}