{"id":576675,"date":"2025-12-04T03:20:14","date_gmt":"2025-12-04T03:20:14","guid":{"rendered":"https:\/\/www.europesays.com\/fr\/576675\/"},"modified":"2025-12-04T03:20:14","modified_gmt":"2025-12-04T03:20:14","slug":"victime-dun-petit-malaise-le-maire-gregory-doucet-est-sorti-de-lhopital","status":"publish","type":"post","link":"https:\/\/www.europesays.com\/fr\/576675\/","title":{"rendered":"Victime d\u2019un \u00ab\u00a0petit malaise\u00a0\u00bb, le maire Gr\u00e9gory Doucet est sorti de l\u2019h\u00f4pital"},"content":{"rendered":"<p>Tout va mieux pour Gr\u00e9gory Doucet, tout du moins en mati\u00e8re de sant\u00e9. Le maire de Lyon est sorti mercredi de l\u2019h\u00f4pital <a href=\"https:\/\/www.20minutes.fr\/lyon\/4189437-20251203-lyon-maire-gregory-doucet-hospitalise-apres-malaise\" target=\"_blank\" class=\"c-link c-link--is-underlined\" rel=\"noopener\">o\u00f9 il avait \u00e9t\u00e9 admis pour des examens<\/a> la veille en fin de journ\u00e9e, apr\u00e8s avoir \u00e9t\u00e9 victime d\u2019un malaise, a indiqu\u00e9 son entourage.<\/p>\n<p>\u00ab\u00a0Les v\u00e9rifications m\u00e9dicales sont rassurantes. Par pr\u00e9caution et \u00e0 la demande des m\u00e9decins, le maire est rest\u00e9 \u00e0 l\u2019h\u00f4pital la nuit derni\u00e8re. Il va bien et il est sorti aujourd\u2019hui\u00a0\u00bb, a pr\u00e9cis\u00e9 cette source en fin de journ\u00e9e.<\/p>\n<p>Candidat \u00e0 un second mandat<\/p>\n<p>Le maire \u00e9cologiste, \u00e2g\u00e9 de 52 ans, avait fait un \u00ab\u00a0petit malaise en r\u00e9union\u00a0\u00bb \u00e0 la mairie mardi vers 17h30. Il avait \u00ab\u00a0tout de suite repris connaissance\u00a0\u00bb avant d\u2019\u00eatre pris en charge par les pompiers et transport\u00e9 \u00e0 l\u2019h\u00f4pital de la Croix-Rousse pour des \u00ab\u00a0v\u00e9rifications\u00a0\u00bb, selon son entourage. Comme il l\u2019avait fait en\u00a02024, l\u2019\u00e9dile avait particip\u00e9 dans la nuit de samedi \u00e0 dimanche \u00e0 une course \u00e0 pied de 13\u00a0km, l\u2019une des \u00e9preuves de la Saint\u00e9Lyon, disput\u00e9e entre Saint-\u00c9tienne et Lyon.<\/p>\n<\/p>\n<p>\u00c9lu en\u00a02020 \u00e0 la t\u00eate de la troisi\u00e8me ville de France, Gr\u00e9gory Doucet, ancien cadre dans l\u2019humanitaire, est <a href=\"https:\/\/www.20minutes.fr\/politique\/4183569-20251104-municipales-2026-lyon-gregory-doucet-maire-ecologiste-sortant-lance-campagne-gauche-lfi\" target=\"_blank\" class=\"c-link c-link--is-underlined\" rel=\"noopener\">candidat \u00e0 un second mandat aux prochaines \u00e9lections municipales<\/a>.<\/p>\n<p>Jean-Michel Aulas en t\u00eate des sondages<\/p>\n<p>Des sondages publi\u00e9s ces derniers mois cr\u00e9ditent le maire autour de 24\u00a0% au premier tour, loin derri\u00e8re <a href=\"https:\/\/www.20minutes.fr\/politique\/4175164-20250925-municipales-lyon-veux-rendre-ville-lettre-jean-michel-aulas-lyonnais\" target=\"_blank\" class=\"c-link c-link--is-underlined\" rel=\"noopener\">Jean-Michel Aulas, candidat de la droite et du centre<\/a> (47\u00a0%), et il est donn\u00e9 nettement perdant au second tour (39\u00a0%) face \u00e0 l\u2019ancien pr\u00e9sident de l\u2019Olympique lyonnais.<\/p>\n<p><a href=\"https:\/\/www.20minutes.fr\/municipales\/\" target=\"_blank\" class=\"c-link c-btn c-btn--primary\" rel=\"noopener\">Notre dossier sur les Municipales 2026<\/a><\/p>\n<p>Mardi soir, Jean-Michel Aulas, 76 ans, dont l\u2019\u00e2ge est parfois mis en avant par ses opposants, avait tr\u00e8s vite souhait\u00e9 sur X \u00ab\u00a0un prompt et complet r\u00e9tablissement\u00a0\u00bb \u00e0 M. Doucet.<\/p>\n","protected":false},"excerpt":{"rendered":"Tout va mieux pour Gr\u00e9gory Doucet, tout du moins en mati\u00e8re de sant\u00e9. Le maire de Lyon est&hellip;\n","protected":false},"author":2,"featured_media":576676,"comment_status":"","ping_status":"","sticky":false,"template":"","format":"standard","meta":{"footnotes":""},"categories":[1889],"tags":[1111,47,11,2430,2761,1777,674,1011,27,5226,5227,2428,12,316,25,2429,2431,133],"class_list":{"0":"post-576675","1":"post","2":"type-post","3":"status-publish","4":"format-standard","5":"has-post-thumbnail","7":"category-lyon","8":"tag-actu","9":"tag-actualite","10":"tag-actualites","11":"tag-auvergne-rhone-alpes","12":"tag-elections-municipales-2026","13":"tag-eu","14":"tag-europe","15":"tag-fr","16":"tag-france","17":"tag-gregory-doucet","18":"tag-jean-michel-aulas","19":"tag-lyon","20":"tag-news","21":"tag-politique","22":"tag-republique-francaise","23":"tag-rhone","24":"tag-rhone-alpes","25":"tag-video"},"share_on_mastodon":{"url":"https:\/\/pubeurope.com\/@fr\/115659146709577603","error":""},"_links":{"self":[{"href":"https:\/\/www.europesays.com\/fr\/wp-json\/wp\/v2\/posts\/576675","targetHints":{"allow":["GET"]}}],"collection":[{"href":"https:\/\/www.europesays.com\/fr\/wp-json\/wp\/v2\/posts"}],"about":[{"href":"https:\/\/www.europesays.com\/fr\/wp-json\/wp\/v2\/types\/post"}],"author":[{"embeddable":true,"href":"https:\/\/www.europesays.com\/fr\/wp-json\/wp\/v2\/users\/2"}],"replies":[{"embeddable":true,"href":"https:\/\/www.europesays.com\/fr\/wp-json\/wp\/v2\/comments?post=576675"}],"version-history":[{"count":0,"href":"https:\/\/www.europesays.com\/fr\/wp-json\/wp\/v2\/posts\/576675\/revisions"}],"wp:featuredmedia":[{"embeddable":true,"href":"https:\/\/www.europesays.com\/fr\/wp-json\/wp\/v2\/media\/576676"}],"wp:attachment":[{"href":"https:\/\/www.europesays.com\/fr\/wp-json\/wp\/v2\/media?parent=576675"}],"wp:term":[{"taxonomy":"category","embeddable":true,"href":"https:\/\/www.europesays.com\/fr\/wp-json\/wp\/v2\/categories?post=576675"},{"taxonomy":"post_tag","embeddable":true,"href":"https:\/\/www.europesays.com\/fr\/wp-json\/wp\/v2\/tags?post=576675"}],"curies":[{"name":"wp","href":"https:\/\/api.w.org\/{rel}","templated":true}]}}