{"id":576679,"date":"2025-12-04T03:23:14","date_gmt":"2025-12-04T03:23:14","guid":{"rendered":"https:\/\/www.europesays.com\/fr\/576679\/"},"modified":"2025-12-04T03:23:14","modified_gmt":"2025-12-04T03:23:14","slug":"fermeture-de-la-librairie-le-point-du-jour-a-paris-apres-42-ans-dexistence-une-grande-braderie-organisee","status":"publish","type":"post","link":"https:\/\/www.europesays.com\/fr\/576679\/","title":{"rendered":"Fermeture de la librairie Le Point du Jour \u00e0 Paris apr\u00e8s 42 ans d&rsquo;existence, une grande braderie organis\u00e9e"},"content":{"rendered":"<p>                    Par<br \/>\n        <strong><br \/>\n            <a href=\"https:\/\/actu.fr\/auteur\/marie-amelie-marchal\" title=\"Consulter tous les articles de Marie Amelie Marchal\" target=\"_blank\" rel=\"noopener\">Marie Amelie Marchal<\/a><br \/>\n                    <\/strong><\/p>\n<p>        Publi\u00e9 le<\/p>\n<p>            3 d\u00e9c. 2025 \u00e0 18h16        <\/p>\n<p>Alors que la droite vient de ravir aux librairies parisiennes une <a href=\"https:\/\/actu.fr\/ile-de-france\/paris_75056\/a-paris-la-droite-bloque-une-subvention-de-500-000-euros-destinee-aux-librairies-independantes_63464529.html\" target=\"_blank\" rel=\"noopener\">subvention de 500\u2009000\u00a0euros<\/a>, une institution du <a href=\"https:\/\/actu.fr\/ile-de-france\/paris_75056\/plusieurs-librairies-ferment-le-quartier-latin-de-paris-est-il-encore-le-quartier-du-livre_34058368.html\" target=\"_blank\" rel=\"noopener\">Quartier latin<\/a> va d\u00e9finitivement clore un chapitre de son histoire. La <strong>librairie Le Point du Jour<\/strong> baissera le rideau \u00e0 la fin du mois de d\u00e9cembre. Patrick Bobulesco, son fondateur, organise une<strong> grande braderie les 12, 13 et 14\u00a0d\u00e9cembre 2025<\/strong>.<\/p>\n<p>Une librairie \u00ab\u2009propice aux rencontres\u2009\u00bb<\/p>\n<p class=\" wall-content\">Il va faire valoir ses droits \u00e0 la <strong>retraite<\/strong>. Il y a une quarantaine d\u2019ann\u00e9es, Patrick Bobulesco docteur en virologie, participait \u00e0 la cr\u00e9ation d\u2019une librairie, entour\u00e9 de deux associ\u00e9s, anim\u00e9 par l\u2019envie de \u00ab\u2009maintenir des lieux o\u00f9 l\u2019on puisse certes trouver de la litt\u00e9rature, mais aussi des<strong> espaces propices aux rencontres<\/strong> entre ceux qui r\u00e9fl\u00e9chissent \u00e0 la mani\u00e8re de<strong> transformer la soci\u00e9t\u00e9<\/strong>, d\u2019agir, sans tout attendre du pouvoir\u2009\u00bb, livre le propri\u00e9taire \u00e0 <a href=\"https:\/\/actualitte.com\/article\/127905\/librairie\/la-fin-d-une-librairie-engagee-au-coeur-du-quartier-latin\" target=\"_blank\" rel=\"noopener\">actualitt\u00e9<\/a>.<\/p>\n<p class=\" wall-content\">\n<p class=\" wall-content\">Fini donc, les livres en pagaille, empil\u00e9s sur des cagettes et d\u00e9bordant sur le trottoir. La librairie proposait en grande majorit\u00e9 des<strong> essais li\u00e9s \u00e0 l\u2019histoire sociale<\/strong>, au monde du travail et \u00e0 la politique \u00e9trang\u00e8re notamment, comme le rappelait la <a href=\"https:\/\/www.quartierlatin.paris\/article%20librairie%20point%20du%20jour\" target=\"_blank\" rel=\"noopener\">Revue web du Comit\u00e9 quartier latin<\/a> en 2021.<\/p>\n<p class=\" wall-content\">Pour le moment, aucun repreneur ne s\u2019est officiellement pr\u00e9sent\u00e9. Certainement \u00e0 cause du <strong>loyer \u00e9lev\u00e9<\/strong> d\u2019apr\u00e8s le commer\u00e7ant. En attendant la fermeture d\u00e9finitive, une grande braderie se tiendra mi-d\u00e9cembre,<strong> de 9\u00a0heures \u00e0 19\u00a0heures<\/strong>.<\/p>\n<p class=\" wall-content\">Personnalisez votre actualit\u00e9 en ajoutant vos villes et m\u00e9dias en favori avec <a href=\"https:\/\/moncompte.actu.fr\" title=\"D\u00e9couvez Mon Actu\" rel=\"nofollow noopener\" data-trk=\"{&quot;cta&quot;:{&quot;action&quot;:&quot;https:\\\/\\\/moncompte.actu.fr&quot;,&quot;category&quot;:&quot;mon compte&quot;,&quot;from&quot;:&quot;article footer&quot;,&quot;name&quot;:&quot;Mon actu&quot;,&quot;type&quot;:&quot;cta&quot;}}\" target=\"_blank\">Mon Actu<\/a>.<\/p>\n","protected":false},"excerpt":{"rendered":"Par Marie Amelie Marchal Publi\u00e9 le 3 d\u00e9c. 2025 \u00e0 18h16 Alors que la droite vient de ravir&hellip;\n","protected":false},"author":2,"featured_media":576680,"comment_status":"","ping_status":"","sticky":false,"template":"","format":"standard","meta":{"footnotes":""},"categories":[1888],"tags":[1111,1928,11,1927,215,1777,674,1011,27,12,1926,626,1925,25,137,104],"class_list":{"0":"post-576679","1":"post","2":"type-post","3":"status-publish","4":"format-standard","5":"has-post-thumbnail","7":"category-paris","8":"tag-actu","9":"tag-actu-paris","10":"tag-actualites","11":"tag-actualites-paris","12":"tag-commerce","13":"tag-eu","14":"tag-europe","15":"tag-fr","16":"tag-france","17":"tag-news","18":"tag-news-paris","19":"tag-paris","20":"tag-paris-news","21":"tag-republique-francaise","22":"tag-retraite","23":"tag-societe"},"share_on_mastodon":{"url":"https:\/\/pubeurope.com\/@fr\/115659158646848242","error":""},"_links":{"self":[{"href":"https:\/\/www.europesays.com\/fr\/wp-json\/wp\/v2\/posts\/576679","targetHints":{"allow":["GET"]}}],"collection":[{"href":"https:\/\/www.europesays.com\/fr\/wp-json\/wp\/v2\/posts"}],"about":[{"href":"https:\/\/www.europesays.com\/fr\/wp-json\/wp\/v2\/types\/post"}],"author":[{"embeddable":true,"href":"https:\/\/www.europesays.com\/fr\/wp-json\/wp\/v2\/users\/2"}],"replies":[{"embeddable":true,"href":"https:\/\/www.europesays.com\/fr\/wp-json\/wp\/v2\/comments?post=576679"}],"version-history":[{"count":0,"href":"https:\/\/www.europesays.com\/fr\/wp-json\/wp\/v2\/posts\/576679\/revisions"}],"wp:featuredmedia":[{"embeddable":true,"href":"https:\/\/www.europesays.com\/fr\/wp-json\/wp\/v2\/media\/576680"}],"wp:attachment":[{"href":"https:\/\/www.europesays.com\/fr\/wp-json\/wp\/v2\/media?parent=576679"}],"wp:term":[{"taxonomy":"category","embeddable":true,"href":"https:\/\/www.europesays.com\/fr\/wp-json\/wp\/v2\/categories?post=576679"},{"taxonomy":"post_tag","embeddable":true,"href":"https:\/\/www.europesays.com\/fr\/wp-json\/wp\/v2\/tags?post=576679"}],"curies":[{"name":"wp","href":"https:\/\/api.w.org\/{rel}","templated":true}]}}