{"id":576681,"date":"2025-12-04T03:24:21","date_gmt":"2025-12-04T03:24:21","guid":{"rendered":"https:\/\/www.europesays.com\/fr\/576681\/"},"modified":"2025-12-04T03:24:21","modified_gmt":"2025-12-04T03:24:21","slug":"la-saison-5-demily-in-paris-nous-prepare-a-un-nouveau-couple-et-on-pose-deja-notre-veto","status":"publish","type":"post","link":"https:\/\/www.europesays.com\/fr\/576681\/","title":{"rendered":"La saison 5 d&rsquo;Emily in Paris nous pr\u00e9pare \u00e0 un nouveau couple et on pose d\u00e9j\u00e0 notre veto !"},"content":{"rendered":"<p>Netflix vient de d\u00e9voiler la premi\u00e8re bande-annonce de la saison 5 d\u2019Emily in Paris. Et quelle ne fut pas notre surprise en d\u00e9couvrant un nouveau couple potentiel dans ces images in\u00e9dites. Netflix, on te le dit tout de suite : ce n\u2019est PAS POSSIBLE.<\/p>\n<p>Encore 15 jours avant de retrouver Emily Cooper sur Netflix. C\u2019est le 18 d\u00e9cembre prochain que la plateforme d\u00e9voilera les dix \u00e9pisodes de la cinqui\u00e8me saison des aventures de l\u2019h\u00e9ro\u00efne incarn\u00e9e par <a href=\"https:\/\/www.programme-tv.net\/biographie\/187516-collins-lily\/\" data-link-people=\"c3cb9652-7732-492b-9239-ea51e14bf180\" target=\"_blank\" rel=\"noopener\">Lily Collins<\/a>. Apr\u00e8s avoir tent\u00e9 de trouver ses rep\u00e8res \u00e0 Paris &#8211; et bris\u00e9 quelques coeurs au passage &#8211; c\u2019est du c\u00f4t\u00e9 de Rome qu\u2019Emily a pos\u00e9 ses valises \u00e0 la fin de la saison 4. Pas seulement pour y diriger le bureau romain de l\u2019agence Grateau, mais aussi pour poursuivre sa romance avec le beau Marcello (Eugenio Franceschini). Alors que de nombreux fans se demandent si le c\u0153ur de la jolie brune balancera toujours entre son nouvel amoureux et le cuisinier Gabriel (<a href=\"https:\/\/www.programme-tv.net\/news\/series-tv\/390673-zappe-de-la-bande-annonce-de-la-saison-5-demily-in-paris-lucas-bravo-sexprime\/\" data-api-deeplink=\"teleloisirs:\/\/news\/390673\" target=\"_blank\" rel=\"noopener\">Lucas Bravo<\/a>), c\u2019est une autre intrigue majeure qui est teaser dans la premi\u00e8re bande-annonce de <a href=\"https:\/\/www.programme-tv.net\/news\/series-tv\/362079-emily-in-paris-saison-5-netflix-casting-intrigues-les-premieres-informations-sur-les-prochains-episodes-de-la-serie\/\" data-api-deeplink=\"teleloisirs:\/\/news\/362079\" target=\"_blank\" rel=\"noopener\">la saison 5 d\u2019Emily in Paris<\/a>, d\u00e9voil\u00e9e ce mardi 3 d\u00e9cembre par Netflix. On n\u2019\u00e9tait pas pr\u00eats pour \u00e7a\u2026<\/p>\n<p>Dans Emily in Paris, Emily n\u2019est pas la seule dont la vie amoureuse est mouvement\u00e9e. Celle de sa meilleure amie Mindy (Ashley Park) n\u2019est pas vraiment plus calme, ni plus rose. Alors qu\u2019elle pensait avoir trouv\u00e9 le bon en la personne de Nicolas (<a href=\"https:\/\/www.programme-tv.net\/biographie\/2583479-forman-paul\/\" data-link-people=\"711e1013-f3ef-4a2a-959c-9cb6a0c1cf1e\" target=\"_blank\" rel=\"noopener\">Paul Forman<\/a>, avec qui Ashley Park a \u00e9t\u00e9 en couple dans la vie), elle s\u2019est par la suite rapproch\u00e9e de Beno\u00eet (Kevin Dias). C\u2019est pourtant c\u00e9libataire qu\u2019elle terminait la saison 4. Mais cela pourrait bien ne pas durer tr\u00e8s longtemps.<\/p>\n<p>C\u2019est un grand NON pour ce couple dans la saison 5 d\u2019Emily in Paris<\/p>\n<p>Dans la bande-annonce de la cinqui\u00e8me saison d\u2019Emily in Paris \u00e0 voir ci-dessous, on peut d\u00e9couvrir la nouvelle vie d\u2019Emily \u00e0 Rome o\u00f9 elle tente m\u00eame &#8211; \u00f4 miracle &#8211; de prendre les transports en commun. En plus d\u2019avoir tap\u00e9 notre meilleur fou rire face \u00e0 l\u2019accent de Lily Collins dans la derni\u00e8re sc\u00e8ne de ce trailer, un autre moment nous a choqu\u00e9. Si bien qu\u2019on s\u2019est empress\u00e9 de prendre notre clavier pour \u00e9crire cet article ! \u00c0 environ 1m24 dans la vid\u00e9o, on peut assister \u00e0 un rapprochement qu\u2019on n\u2019aurait jamais cru possible : celui de Mindy et d\u2019Alfie.<\/p>\n<\/p>\n<p>Il avait \u00e9t\u00e9 annonc\u00e9 que Lucien Laviscount serait bien de retour dans cette saison 5 d\u2019Emily in Paris (contrairement \u00e0 <a href=\"https:\/\/www.programme-tv.net\/news\/series-tv\/377369-emily-in-paris-une-aventure-incroyable-camille-razat-confirme-son-depart-avant-la-saison-5\/\" data-api-deeplink=\"teleloisirs:\/\/news\/377369\" target=\"_blank\" rel=\"noopener\">Camille Razat qui, elle, a annonc\u00e9 son d\u00e9part de la s\u00e9rie<\/a>), bien que l\u2019histoire entre Alfie et Emily soit d\u00e9finitivement termin\u00e9e. On n\u2019aurait cependant jamais pari\u00e9 sur un possible rapprochement entre Alfie et Mindy. Pour la simple et bonne raison que Mindy est la meilleure amie d\u2019Emily. Et que, s\u2019il faut le rappeler, on ne sort pas avec les ex de ses copines. Jamais ! Sans oublier que, si cette relation se confirme, on n\u2019ose m\u00eame pas imaginer la r\u00e9action d\u2019Emily. Cette histoire pourrait-elle mettre en p\u00e9ril la meilleure relation de la s\u00e9rie, \u00e0 savoir celle entre Mindy et Emily ?<\/p>\n<p>On ne sait pas encore si les sc\u00e9naristes ont os\u00e9 mettre Mindy et Alfie en couple mais pour nous c\u2019est clair : c\u2019est une tr\u00e8s mauvaise id\u00e9e et on met d\u00e9j\u00e0 notre veto !<\/p>\n","protected":false},"excerpt":{"rendered":"Netflix vient de d\u00e9voiler la premi\u00e8re bande-annonce de la saison 5 d\u2019Emily in Paris. Et quelle ne fut&hellip;\n","protected":false},"author":2,"featured_media":576682,"comment_status":"","ping_status":"","sticky":false,"template":"","format":"standard","meta":{"footnotes":""},"categories":[1888],"tags":[1111,1928,11,1927,69090,244,11739,1777,674,1011,27,35105,127,12,1926,626,1925,1722,25,4496,129],"class_list":{"0":"post-576681","1":"post","2":"type-post","3":"status-publish","4":"format-standard","5":"has-post-thumbnail","7":"category-paris","8":"tag-actu","9":"tag-actu-paris","10":"tag-actualites","11":"tag-actualites-paris","12":"tag-ashley-park","13":"tag-commentaire","14":"tag-emily-in-paris","15":"tag-eu","16":"tag-europe","17":"tag-fr","18":"tag-france","19":"tag-lucien-laviscount","20":"tag-netflix","21":"tag-news","22":"tag-news-paris","23":"tag-paris","24":"tag-paris-news","25":"tag-pub-streaming-netflix","26":"tag-republique-francaise","27":"tag-superstream","28":"tag-svod"},"share_on_mastodon":{"url":"https:\/\/pubeurope.com\/@fr\/115659162412201549","error":""},"_links":{"self":[{"href":"https:\/\/www.europesays.com\/fr\/wp-json\/wp\/v2\/posts\/576681","targetHints":{"allow":["GET"]}}],"collection":[{"href":"https:\/\/www.europesays.com\/fr\/wp-json\/wp\/v2\/posts"}],"about":[{"href":"https:\/\/www.europesays.com\/fr\/wp-json\/wp\/v2\/types\/post"}],"author":[{"embeddable":true,"href":"https:\/\/www.europesays.com\/fr\/wp-json\/wp\/v2\/users\/2"}],"replies":[{"embeddable":true,"href":"https:\/\/www.europesays.com\/fr\/wp-json\/wp\/v2\/comments?post=576681"}],"version-history":[{"count":0,"href":"https:\/\/www.europesays.com\/fr\/wp-json\/wp\/v2\/posts\/576681\/revisions"}],"wp:featuredmedia":[{"embeddable":true,"href":"https:\/\/www.europesays.com\/fr\/wp-json\/wp\/v2\/media\/576682"}],"wp:attachment":[{"href":"https:\/\/www.europesays.com\/fr\/wp-json\/wp\/v2\/media?parent=576681"}],"wp:term":[{"taxonomy":"category","embeddable":true,"href":"https:\/\/www.europesays.com\/fr\/wp-json\/wp\/v2\/categories?post=576681"},{"taxonomy":"post_tag","embeddable":true,"href":"https:\/\/www.europesays.com\/fr\/wp-json\/wp\/v2\/tags?post=576681"}],"curies":[{"name":"wp","href":"https:\/\/api.w.org\/{rel}","templated":true}]}}