{"id":576685,"date":"2025-12-04T03:26:14","date_gmt":"2025-12-04T03:26:14","guid":{"rendered":"https:\/\/www.europesays.com\/fr\/576685\/"},"modified":"2025-12-04T03:26:14","modified_gmt":"2025-12-04T03:26:14","slug":"que-faire-a-paris-ce-week-end-du-5-6-et-7-decembre-2025","status":"publish","type":"post","link":"https:\/\/www.europesays.com\/fr\/576685\/","title":{"rendered":"Que faire \u00e0 Paris ce week-end du 5, 6, et 7 d\u00e9cembre 2025 ?"},"content":{"rendered":"<p>Chausser ses patins avec vue sur tout Paris<\/p>\n<p class=\"mb-4 text-lg md:leading-8 break-words\"><a href=\"https:\/\/www.elle.fr\/Mode\/Les-news-mode\/10-createurs-nous-racontent-leur-rencontre-avec-les-Galeries-Lafayette-4254478#\" rel=\"nofollow noopener\" target=\"_blank\" data-ylk=\"slk:Les Galeries Lafayette;elm:context_link;itc:0;sec:content-canvas\" class=\"link \">Les Galeries Lafayette<\/a> installent une patinoire sur le rooftop, et soudain l\u2019hiver para\u00eet beaucoup plus supportable. Panorama \u00e0 couper le souffle, organisation irr\u00e9prochable, public ravi de jouer les patineurs urbains : le boulevard Haussmann devient une mini station alpine. La piste \u00e9co-responsable fonctionne parfaitement, la r\u00e9servation est simple, et l\u2019ensemble donne surtout envie d\u2019y retourner. Un week-end o\u00f9 tout marche, m\u00eame la glisse.<\/p>\n<p>Explorer les artisans d\u2019art du Marais au Caroussel des M\u00e9tiers d\u2019Art<\/p>\n<p class=\"mb-4 text-lg md:leading-8 break-words\">Au Carreau du Temple, 130 artisans transforment <a href=\"https:\/\/fr.style.yahoo.com\/bonnes-adresses-dines-fressange-promenez-041100951.html\" data-ylk=\"slk:le Marais;elm:context_link;itc:0;sec:content-canvas;outcm:mb_qualified_link;_E:mb_qualified_link;ct:story;\" class=\"link  yahoo-link\" target=\"_blank\" rel=\"noopener\">le Marais<\/a> en v\u00e9ritable coffre aux tr\u00e9sors. Verre souffl\u00e9, bois sculpt\u00e9, bijoux qui semblent sortir d\u2019un roman\u2026 On s\u2019y prom\u00e8ne comme dans un mus\u00e9e o\u00f9 l\u2019on peut enfin admirer et acqu\u00e9rir chaque pi\u00e8ce. C\u2019est gratuit, lumineux, joyeux : l\u2019endroit parfait pour rappeler que le beau existe encore, fa\u00e7onn\u00e9 par des mains expertes. Vous pensiez faire du shopping ? Vous allez faire mieux : vous \u00e9merveiller.<\/p>\n<p>D\u00e9couvrir le pop-up de cr\u00e9ations \u00ab D\u00e9cembre \u00bb<\/p>\n<p class=\"mb-4 text-lg md:leading-8 break-words\">Au 11 rue Commines, 200 m\u00b2 se transforment en petite ONU du style : parfums chinois qui racontent des villes, bijoux britanniques qui captent la lumi\u00e8re, mode \u00e9coresponsable, photos japonaises iconiques\u2026 M\u00eame les bougies fran\u00e7aises semblent faire pousser des fleurs. Gratuit, pointu, joyeusement cosmopolite : le genre d\u2019adresse qu\u2019on note pour impressionner ses amis\u2026 et qu\u2019on garde aussi un peu pour soi.<\/p>\n<p>D\u00e9guster les sp\u00e9cialit\u00e9s alsaciennes au march\u00e9 de No\u00ebl<\/p>\n<p class=\"mb-4 text-lg md:leading-8 break-words\">Sur le parvis de la Gare de l\u2019Est, <a href=\"https:\/\/www.elle.fr\/Loisirs\/Evasion\/Eguisheim-en-Alsace-parmi-les-plus-beaux-du-monde#\" rel=\"nofollow noopener\" target=\"_blank\" data-ylk=\"slk:l\u2019Alsace;elm:context_link;itc:0;sec:content-canvas\" class=\"link \">l\u2019Alsace<\/a> s\u2019invite avec tout ce que d\u00e9cembre fait de meilleur : bredele dor\u00e9s, kougelhopf nuageux, mannele souriants, pains d\u2019\u00e9pices qui rappellent l\u2019enfance, et un Munster capable de r\u00e9concilier tout Paris. Depuis plus de 40 ans, les producteurs viennent eux-m\u00eames, transmettant leurs recettes comme de v\u00e9ritables tr\u00e9sors. Simple, chaleureux, d\u00e9licieux : le genre de tradition que l\u2019on croit conna\u00eetre\u2026 jusqu\u2019\u00e0 la premi\u00e8re bouch\u00e9e.<\/p>\n<p class=\"mb-4 text-lg md:leading-8 break-words\"><a href=\"https:\/\/www.elle.fr\/Loisirs\/Sorties\/News\/Que-faire-a-Paris-ce-week-end-du-5-6-et-7-decembre-2025-4419169\" rel=\"nofollow noopener\" target=\"_blank\" data-ylk=\"slk:Voir l&#039;article original sur ELLE;elm:context_link;itc:0;sec:content-canvas\" class=\"link \">Voir l&rsquo;article original sur ELLE<\/a><\/p>\n","protected":false},"excerpt":{"rendered":"Chausser ses patins avec vue sur tout Paris Les Galeries Lafayette installent une patinoire sur le rooftop, et&hellip;\n","protected":false},"author":2,"featured_media":576686,"comment_status":"","ping_status":"","sticky":false,"template":"","format":"standard","meta":{"footnotes":""},"categories":[1888],"tags":[11,51612,30461,49832,1777,674,1011,27,4238,12,626,25],"class_list":{"0":"post-576685","1":"post","2":"type-post","3":"status-publish","4":"format-standard","5":"has-post-thumbnail","7":"category-paris","8":"tag-actualites","9":"tag-artisans-dart","10":"tag-carreau-du-temple","11":"tag-decembre","12":"tag-eu","13":"tag-europe","14":"tag-fr","15":"tag-france","16":"tag-galeries-lafayette","17":"tag-news","18":"tag-paris","19":"tag-republique-francaise"},"share_on_mastodon":{"url":"https:\/\/pubeurope.com\/@fr\/115659170415612168","error":""},"_links":{"self":[{"href":"https:\/\/www.europesays.com\/fr\/wp-json\/wp\/v2\/posts\/576685","targetHints":{"allow":["GET"]}}],"collection":[{"href":"https:\/\/www.europesays.com\/fr\/wp-json\/wp\/v2\/posts"}],"about":[{"href":"https:\/\/www.europesays.com\/fr\/wp-json\/wp\/v2\/types\/post"}],"author":[{"embeddable":true,"href":"https:\/\/www.europesays.com\/fr\/wp-json\/wp\/v2\/users\/2"}],"replies":[{"embeddable":true,"href":"https:\/\/www.europesays.com\/fr\/wp-json\/wp\/v2\/comments?post=576685"}],"version-history":[{"count":0,"href":"https:\/\/www.europesays.com\/fr\/wp-json\/wp\/v2\/posts\/576685\/revisions"}],"wp:featuredmedia":[{"embeddable":true,"href":"https:\/\/www.europesays.com\/fr\/wp-json\/wp\/v2\/media\/576686"}],"wp:attachment":[{"href":"https:\/\/www.europesays.com\/fr\/wp-json\/wp\/v2\/media?parent=576685"}],"wp:term":[{"taxonomy":"category","embeddable":true,"href":"https:\/\/www.europesays.com\/fr\/wp-json\/wp\/v2\/categories?post=576685"},{"taxonomy":"post_tag","embeddable":true,"href":"https:\/\/www.europesays.com\/fr\/wp-json\/wp\/v2\/tags?post=576685"}],"curies":[{"name":"wp","href":"https:\/\/api.w.org\/{rel}","templated":true}]}}