{"id":576689,"date":"2025-12-04T03:28:16","date_gmt":"2025-12-04T03:28:16","guid":{"rendered":"https:\/\/www.europesays.com\/fr\/576689\/"},"modified":"2025-12-04T03:28:16","modified_gmt":"2025-12-04T03:28:16","slug":"trump-optimiste-sur-la-volonte-de-poutine-de-mettre-fin-au-conflit","status":"publish","type":"post","link":"https:\/\/www.europesays.com\/fr\/576689\/","title":{"rendered":"Trump optimiste sur la volont\u00e9 de Poutine de \u00ab\u00a0mettre fin\u00a0\u00bb au conflit"},"content":{"rendered":"<p>Alors que les n\u00e9gociations men\u00e9es par les Am\u00e9ricains sont difficiles, Donald Trump reste optimiste sur la perspective de trouver un chemin vers la paix en Ukraine. Le locataire de la Maison-Blanche a ainsi assur\u00e9 mercredi que Vladimir Poutine voulait <a href=\"https:\/\/www.20minutes.fr\/monde\/ukraine\/4189499-20251203-guerre-ukraine-moscou-montre-muscles-europe-scepticisme-negociations-patinent\" target=\"_blank\" class=\"c-link c-link--is-underlined\" rel=\"noopener\">\u00ab\u00a0mettre fin \u00e0 la guerre\u00a0\u00bb<\/a>.<\/p>\n<p>Selon le pr\u00e9sident am\u00e9ricain, son \u00e9missaire Steve Witkoff et son gendre Jared Kushner ont eu cette \u00ab\u00a0impression\u00a0\u00bb <a href=\"https:\/\/www.20minutes.fr\/monde\/ukraine\/4189324-20251203-guerre-ukraine-face-emissaire-trump-poutine-reste-intransigeant-revendications\" target=\"_blank\" class=\"c-link c-link--is-underlined\" rel=\"noopener\">lors de leur \u00ab\u00a0tr\u00e8s bonne rencontre\u00a0\u00bb avec le dirigeant russe mardi au Kremlin<\/a>.<\/p>\n<p>Un plan am\u00e9ricain initialement favorable \u00e0 Moscou<\/p>\n<p>\u00ab\u00a0Nous verrons si cela va se produire\u00a0\u00bb, a ajout\u00e9 Donald Trump devant la presse \u00e0 la Maison-Blanche, \u00e0 propos d\u2019un accord pour mettre un terme au conflit, apr\u00e8s que Washington a pr\u00e9sent\u00e9 un plan il y a deux semaines, retravaill\u00e9 depuis lors de consultations avec les Ukrainiens car jug\u00e9 par Kiev \u2013 mais aussi les Europ\u00e9ens \u2013 comme initialement trop favorable \u00e0 Moscou. \u00ab\u00a0Ce qui ressortira de cette rencontre (de mardi au Kremlin)\u00a0? Je ne peux pas vous le dire\u00a0\u00bb, a par contre d\u00e9clar\u00e9 le pr\u00e9sident am\u00e9ricain, soulignant le besoin d\u2019une volont\u00e9 de dialogue de la part des deux parties.<\/p>\n<\/p>\n<p>Washington cherche \u00e0 faire adopter un plan pour mettre fin \u00e0 la guerre. Mais la recherche d\u2019un compromis est tr\u00e8s difficile, alors que sur le front l\u2019arm\u00e9e russe continue d\u2019avancer lentement malgr\u00e9 des pertes consid\u00e9rables. Avant les derni\u00e8res d\u00e9clarations de Donald Trump, le conseiller diplomatique du pr\u00e9sident russe, Iouri Ouchakov, avait d\u2019ailleurs estim\u00e9 que les r\u00e9cents \u00ab\u00a0succ\u00e8s\u00a0\u00bb de l\u2019arm\u00e9e russe avaient \u00ab\u00a0influenc\u00e9 le d\u00e9roulement\u00a0\u00bb des pourparlers russo-am\u00e9ricains de mardi.<\/p>\n<p>Witkoff va voir le n\u00e9gociateur ukrainien<\/p>\n<p>Lundi, Moscou a ainsi revendiqu\u00e9 la prise de la ville de Pokrovsk dans l\u2019est de l\u2019Ukraine, un carrefour clef pour Kiev. Les observateurs militaires du projet DeepState, proches des forces ukrainiennes, confirment qu\u2019une grande partie de la ville est sous contr\u00f4le russe, mais pas son enti\u00e8ret\u00e9. L\u2019unit\u00e9 ukrainienne qui d\u00e9fend ce secteur a pour sa part affirm\u00e9 mercredi que les forces russes \u00e9taient \u00ab\u00a0emp\u00eatr\u00e9es\u00a0\u00bb dans des combats urbains et diffusaient de \u00ab\u00a0la d\u00e9sinformation\u00a0\u00bb sur \u00ab\u00a0la pr\u00e9tendue prise de Pokrovsk\u00a0\u00bb.<\/p>\n<p><a href=\"https:\/\/www.20minutes.fr\/monde\/ukraine\/\" target=\"_blank\" class=\"c-link c-btn c-btn--primary\" rel=\"noopener\">Notre dossier sur la Guerre en Ukraine<\/a><\/p>\n<p>Les n\u00e9gociations vont donc se poursuivre. L\u2019\u00e9missaire am\u00e9ricain <a href=\"https:\/\/www.20minutes.fr\/monde\/ukraine\/4189203-20251202-guerre-ukraine-roule-steve-witkoff-emissaire-americain-donald-trump-russie\" target=\"_blank\" class=\"c-link c-link--is-underlined\" rel=\"noopener\">Steve Witkoff<\/a> et Jared Kushner vont rencontrer le n\u00e9gociateur ukrainien Roustem Oumerov ce jeudi en Floride, a indiqu\u00e9 mercredi un responsable am\u00e9ricain sous couvert de l\u2019anonymat. Cette intense activit\u00e9 diplomatique n\u2019a pas permis pour l\u2019heure de parvenir \u00e0 un accord, en particulier sur la question sensible des territoires\u00a0: Moscou veut notamment que Kiev lui c\u00e8de enti\u00e8rement la r\u00e9gion de Donetsk, dans l\u2019est de l\u2019Ukraine, qui est toujours l\u2019\u00e9picentre des combats.<\/p>\n","protected":false},"excerpt":{"rendered":"Alors que les n\u00e9gociations men\u00e9es par les Am\u00e9ricains sont difficiles, Donald Trump reste optimiste sur la perspective de&hellip;\n","protected":false},"author":2,"featured_media":576690,"comment_status":"","ping_status":"","sticky":false,"template":"","format":"standard","meta":{"footnotes":""},"categories":[1590],"tags":[47,11,75,73,1777,674,131,74,12,132,220,133,135,134],"class_list":{"0":"post-576689","1":"post","2":"type-post","3":"status-publish","4":"format-standard","5":"has-post-thumbnail","7":"category-ukraine","8":"tag-actualite","9":"tag-actualites","10":"tag-donald-trump","11":"tag-etats-unis","12":"tag-eu","13":"tag-europe","14":"tag-guerre-en-ukraine","15":"tag-monde","16":"tag-news","17":"tag-russie","18":"tag-ukraine","19":"tag-video","20":"tag-vladimir-poutine","21":"tag-volodymyr-zelensky"},"share_on_mastodon":{"url":"https:\/\/pubeurope.com\/@fr\/115659178276731257","error":""},"_links":{"self":[{"href":"https:\/\/www.europesays.com\/fr\/wp-json\/wp\/v2\/posts\/576689","targetHints":{"allow":["GET"]}}],"collection":[{"href":"https:\/\/www.europesays.com\/fr\/wp-json\/wp\/v2\/posts"}],"about":[{"href":"https:\/\/www.europesays.com\/fr\/wp-json\/wp\/v2\/types\/post"}],"author":[{"embeddable":true,"href":"https:\/\/www.europesays.com\/fr\/wp-json\/wp\/v2\/users\/2"}],"replies":[{"embeddable":true,"href":"https:\/\/www.europesays.com\/fr\/wp-json\/wp\/v2\/comments?post=576689"}],"version-history":[{"count":0,"href":"https:\/\/www.europesays.com\/fr\/wp-json\/wp\/v2\/posts\/576689\/revisions"}],"wp:featuredmedia":[{"embeddable":true,"href":"https:\/\/www.europesays.com\/fr\/wp-json\/wp\/v2\/media\/576690"}],"wp:attachment":[{"href":"https:\/\/www.europesays.com\/fr\/wp-json\/wp\/v2\/media?parent=576689"}],"wp:term":[{"taxonomy":"category","embeddable":true,"href":"https:\/\/www.europesays.com\/fr\/wp-json\/wp\/v2\/categories?post=576689"},{"taxonomy":"post_tag","embeddable":true,"href":"https:\/\/www.europesays.com\/fr\/wp-json\/wp\/v2\/tags?post=576689"}],"curies":[{"name":"wp","href":"https:\/\/api.w.org\/{rel}","templated":true}]}}