{"id":576703,"date":"2025-12-04T03:38:18","date_gmt":"2025-12-04T03:38:18","guid":{"rendered":"https:\/\/www.europesays.com\/fr\/576703\/"},"modified":"2025-12-04T03:38:18","modified_gmt":"2025-12-04T03:38:18","slug":"pour-donner-un-budget-a-la-france-sebastien-lecornu-doit-envisager-le-49-3","status":"publish","type":"post","link":"https:\/\/www.europesays.com\/fr\/576703\/","title":{"rendered":"\u00abPour donner un budget \u00e0 la France, S\u00e9bastien Lecornu doit envisager le 49.3\u00bb"},"content":{"rendered":"<p>\n    <strong>ENTRETIEN EXCLUSIF &#8211;<\/strong> Le pr\u00e9sident LR du S\u00e9nat d\u00e9fend une \u00abarme constitutionnelle\u00bb et rappelle que \u00abce ne sont pas les socialistes qui font \u00e0 eux seuls le budget de la France\u00bb.<\/p>\n<p class=\"fig-paragraph\"><strong>LE FIGARO. &#8211; Le S\u00e9nat doit voter jeudi la partie \u00abrecettes\u00bb du budget de l\u2019\u00c9tat. Quel sens avez-vous souhait\u00e9 donner \u00e0 cette copie\u00a0?<\/strong><\/p>\n<p class=\"fig-paragraph\"><strong>G\u00e9rard LARCHER. &#8211;<\/strong> La France est d\u00e9j\u00e0 m\u00e9daille d\u2019or des pr\u00e9l\u00e8vements obligatoires, le ras-le-bol fiscal est \u00e0 notre porte, le pays devra emprunter 390 milliards l\u2019ann\u00e9e prochaine pour financer ses d\u00e9ficits. L\u2019heure est donc \u00e0 la r\u00e9duction de la d\u00e9pense publique et non \u00e0 la surfiscalisation des Fran\u00e7ais.\u00a0<a href=\"http:\/\/www.lefigaro.fr\/politique\/je-ne-le-sens-pas-a-l-assemblee-des-debats-de-la-derniere-chance-pour-faire-adopter-le-budget-de-la-secu-20251201\" target=\"_blank\" data-fig-type=\"Article\" rel=\"noopener\" data-gtm-custom-categorie=\"navigation\" data-gtm-custom-action=\"crossclick\" data-gtm-custom-label=\"Contextuel\" data-gtm-event=\"customEventSPE\" data-fig-domain=\"LEFIGARO\">En opposition \u00e0 l\u2019hyst\u00e9rie fiscale de l\u2019Assembl\u00e9e<\/a>, nous avons essay\u00e9 de retrouver la raison en pr\u00e9servant une certaine \u00e9quit\u00e9. Nous avons voulu prot\u00e9ger l\u2019activit\u00e9 \u00e9conomique, en excluant par exemple la surtaxe d\u2019imp\u00f4t sur les soci\u00e9t\u00e9s. Nous avons aussi \u00e9t\u00e9 attentifs \u00e0 ce que les hausses d\u2019imp\u00f4ts ne p\u00e8sent pas sur les classes modestes en indexant la premi\u00e8re tranche de l\u2019imp\u00f4t sur le revenu. Pour les sujets de justice fiscale, nous avons cherch\u00e9 l\u2019\u00e9quilibre en pr\u00e9cisant le p\u00e9rim\u00e8tre de l\u2019imp\u00f4t sur la fortune et en incluant dans l\u2019assiette de nouveaux types\u2026<\/p>\n<p class=\"fig-premium-paywall__infos\">\n        Cet article est r\u00e9serv\u00e9 aux abonn\u00e9s.        Il vous reste 88% \u00e0 d\u00e9couvrir.\n    <\/p>\n<p>                <img  data- alt=\"Le Figaro\" class=\"fig-img--complete fig-img\"\/><\/p>\n<p class=\"fig-premium-paywall__title\">Vous avez envie de lire la suite ?<\/p>\n<p class=\"fig-premium-paywall__subtitle\">D\u00e9bloquez tous les articles imm\u00e9diatement.<\/p>\n<p class=\"fig-premium-paywall__connect\">\n                D\u00e9j\u00e0 abonn\u00e9\u00a0?                <a class=\"fig-premium-paywall__connect-link\" href=\"https:\/\/connect.lefigaro.fr\/login?client=horizon_web&amp;type=main&amp;redirect_uri=https%3A%2F%2Fwww.lefigaro.fr%2Fpolitique%2Fgerard-larcher-au-figaro-pour-donner-un-budget-a-la-france-sebastien-lecornu-doit-envisager-le-49-3-20251203\" data-js-gtm=\"{&quot;customCategorie&quot;: &quot;conversion&quot;, &quot;customAction&quot;: &quot;before_Landing_Connexion_paywall_auto&quot;, &quot;customLabel&quot;: &quot;bGVmaWdhcm8uZnJfXzFmMGQwM2ViLWY4MDgtNjljNi1iYTc1LWJmZGI4NGU5MWQ1OF9fQXJ0aWNsZQ==_G\u00e9rard Larcher au &lt;i&gt;Figaro &lt;\/i&gt;: \u00abPour donner un budget \u00e0 la France, S\u00e9bastien Lecornu doit envisager le 49.3\u00bb_863&quot;, &quot;customIDSPE&quot;: &quot;bGVmaWdhcm8uZnJfXzFmMGQwM2ViLWY4MDgtNjljNi1iYTc1LWJmZGI4NGU5MWQ1OF9fQXJ0aWNsZQ==&quot;, &quot;event&quot;: &quot;customEventSPE&quot;}\" target=\"_blank\" rel=\"noopener\"><br \/>\n                    Connectez-vous<br \/>\n                <\/a>\n            <\/p>\n","protected":false},"excerpt":{"rendered":"ENTRETIEN EXCLUSIF &#8211; Le pr\u00e9sident LR du S\u00e9nat d\u00e9fend une \u00abarme constitutionnelle\u00bb et rappelle que \u00abce ne sont&hellip;\n","protected":false},"author":2,"featured_media":576704,"comment_status":"","ping_status":"","sticky":false,"template":"","format":"standard","meta":{"footnotes":""},"categories":[2],"tags":[11,1013,1011,27,32399,5639,6319,12,25,11067],"class_list":{"0":"post-576703","1":"post","2":"type-post","3":"status-publish","4":"format-standard","5":"has-post-thumbnail","7":"category-actualites","8":"tag-actualites","9":"tag-bruno-retailleau","10":"tag-fr","11":"tag-france","12":"tag-gerard-larcher","13":"tag-laurent-wauquiez","14":"tag-les-republicains","15":"tag-news","16":"tag-republique-francaise","17":"tag-sebastien-lecornu"},"share_on_mastodon":{"url":"https:\/\/pubeurope.com\/@fr\/115659217582088934","error":""},"_links":{"self":[{"href":"https:\/\/www.europesays.com\/fr\/wp-json\/wp\/v2\/posts\/576703","targetHints":{"allow":["GET"]}}],"collection":[{"href":"https:\/\/www.europesays.com\/fr\/wp-json\/wp\/v2\/posts"}],"about":[{"href":"https:\/\/www.europesays.com\/fr\/wp-json\/wp\/v2\/types\/post"}],"author":[{"embeddable":true,"href":"https:\/\/www.europesays.com\/fr\/wp-json\/wp\/v2\/users\/2"}],"replies":[{"embeddable":true,"href":"https:\/\/www.europesays.com\/fr\/wp-json\/wp\/v2\/comments?post=576703"}],"version-history":[{"count":0,"href":"https:\/\/www.europesays.com\/fr\/wp-json\/wp\/v2\/posts\/576703\/revisions"}],"wp:featuredmedia":[{"embeddable":true,"href":"https:\/\/www.europesays.com\/fr\/wp-json\/wp\/v2\/media\/576704"}],"wp:attachment":[{"href":"https:\/\/www.europesays.com\/fr\/wp-json\/wp\/v2\/media?parent=576703"}],"wp:term":[{"taxonomy":"category","embeddable":true,"href":"https:\/\/www.europesays.com\/fr\/wp-json\/wp\/v2\/categories?post=576703"},{"taxonomy":"post_tag","embeddable":true,"href":"https:\/\/www.europesays.com\/fr\/wp-json\/wp\/v2\/tags?post=576703"}],"curies":[{"name":"wp","href":"https:\/\/api.w.org\/{rel}","templated":true}]}}