{"id":576710,"date":"2025-12-04T03:48:19","date_gmt":"2025-12-04T03:48:19","guid":{"rendered":"https:\/\/www.europesays.com\/fr\/576710\/"},"modified":"2025-12-04T03:48:19","modified_gmt":"2025-12-04T03:48:19","slug":"lom-change-davis-au-mercato-langleterre-sinquiete-foot01","status":"publish","type":"post","link":"https:\/\/www.europesays.com\/fr\/576710\/","title":{"rendered":"L&#039;OM change d&#039;avis au mercato, l&#039;Angleterre s&#039;inqui\u00e8te &#8211; Foot01"},"content":{"rendered":"<ol>\n<li><a href=\"https:\/\/news.google.com\/rss\/articles\/CBMiigFBVV95cUxNWEJhVjljdUJvWElkbmF6WTFWdGdxR05fck41MjlNM1VnZUdHLW1pelRDb2RlSzRBVDdjQzdVblZaYXkzNGM0b0V2QW9jZWlVMFhvWVZtZktzUnBteklLb2xHU3RwdHNmeE8yTmhUZnVHLS1nM2dyOUZMZUF4dHM5bC1sWnZ3U1hRWmc?oc=5\" target=\"_blank\" rel=\"noopener\">L&rsquo;OM change d&rsquo;avis au mercato, l&rsquo;Angleterre s&rsquo;inqui\u00e8te<\/a>&nbsp;&nbsp;Foot01<\/li>\n<li><a href=\"https:\/\/news.google.com\/rss\/articles\/CBMikAFBVV95cUxPTW5MaE8yY2hOOXFDUDZNTE5PTTNQR2lneTA0Y1NGdVdiOEhVZUVQd0JzRURBZ3JXeDl6N0dRMGZLV0ZPclFNTXBfdHRkc0pkblRpVE5MdkUwMHhYTXptcUFIVDJOTnQ0RFdSekg2UjhwWmp6NHNBVGhwdTVYSFctWHhoSDdNV2tvS3JwWnBHNnc?oc=5\" target=\"_blank\" rel=\"noopener\">Transfert \u00e0 l&rsquo;OM : Les menaces sont r\u00e9v\u00e9l\u00e9es !<\/a>&nbsp;&nbsp;Le10Sport<\/li>\n<li><a href=\"https:\/\/news.google.com\/rss\/articles\/CBMimwFBVV95cUxOSmZ2MjVjN2lMcF9KZUpJeWhXT2lWeHNyUG5uM2tqXy1JWDJOc1ZNTFNUMkhyNDNjTWxnMGtqb054NWJOeUxCdVFiYTc5bTQ1S01ITFFUVUQ1aWhJbXNvUTJsRlZfT3hKa0RxZVkzb1BpV1JYdGt3c1dDWGwwYnFJVWRSQm9JbndyeHMzbVI3S3M2MEs0MVRzNlV6aw?oc=5\" target=\"_blank\" rel=\"noopener\">L\u2019OM pr\u00eat \u00e0 frapper vite : discussions lanc\u00e9es pour recruter Matt O\u2019Riley d\u00e8s janvier !<\/a>&nbsp;&nbsp;But! Football Club<\/li>\n<li><a href=\"https:\/\/news.google.com\/rss\/articles\/CBMidkFVX3lxTE5BOTdBUnkxV0lGbWk3VE5SX2pQMVdaZ1poMGhSMS0tVE0zc05aNW84Yk5LZG8ydXU1T2gzNzkwQ0VMay1IYTFnM0ZhOU41aHdMQUpYZ3VLNXJYaTNETmk0SldiSXlnVWhsNVhjZXE3dU9zRUFtTXfSAXtBVV95cUxPX3NIVUxPNE1BLTFNdHJHZVhhcUtMZ1pVYjVkUk1vbFZCY0pxV0VyYzZlLVZzSFNsMmExcTZmN3lPNHo4WjlabDlIQTcwSWNrLS14SHRYSTh3MVM2aW9JTUtHaHVrNE5icEpTZW5EZl9ZV1RQUmVLRkpFU28?oc=5\" target=\"_blank\" rel=\"noopener\">OM : Prix fix\u00e9 pour O\u2019Riley<\/a>&nbsp;&nbsp;Sport.fr<\/li>\n<li><a href=\"https:\/\/news.google.com\/rss\/articles\/CBMiogFBVV95cUxPdEdveEphVHFRRU5WZmxoLXBjTTA1V2RmVzEwRHRxc3cwbWNQOFVsdF9ESGNlNHZaTl9HYzZ0aXFIUWRjMDdTV1FST1NvZXVqYkJha2RnUlRBc1NWYlJwQjI3VnhBa3NMek1lMFJXcXZZZGxwcEVDejdjNERmZDNOWjFEbmh4WVgtTnV2UU9wV1o2X3lOcUl1UGE4Ykg1RVZHX0E?oc=5\" target=\"_blank\" rel=\"noopener\">Mercato OM : 20M\u20ac pour un rempla\u00e7ant de luxe ?<\/a>&nbsp;&nbsp;MSN<\/li>\n<\/ol>\n","protected":false},"excerpt":{"rendered":"L&rsquo;OM change d&rsquo;avis au mercato, l&rsquo;Angleterre s&rsquo;inqui\u00e8te&nbsp;&nbsp;Foot01 Transfert \u00e0 l&rsquo;OM : Les menaces sont r\u00e9v\u00e9l\u00e9es !&nbsp;&nbsp;Le10Sport L\u2019OM pr\u00eat&hellip;\n","protected":false},"author":2,"featured_media":576711,"comment_status":"","ping_status":"","sticky":false,"template":"","format":"standard","meta":{"footnotes":""},"categories":[1410],"tags":[63,1011,27,149,70,60],"class_list":{"0":"post-576710","1":"post","2":"type-post","3":"status-publish","4":"format-standard","5":"has-post-thumbnail","7":"category-football","8":"tag-football","9":"tag-fr","10":"tag-france","11":"tag-om","12":"tag-premier-league","13":"tag-sports"},"share_on_mastodon":{"url":"https:\/\/pubeurope.com\/@fr\/115659257189892052","error":""},"_links":{"self":[{"href":"https:\/\/www.europesays.com\/fr\/wp-json\/wp\/v2\/posts\/576710","targetHints":{"allow":["GET"]}}],"collection":[{"href":"https:\/\/www.europesays.com\/fr\/wp-json\/wp\/v2\/posts"}],"about":[{"href":"https:\/\/www.europesays.com\/fr\/wp-json\/wp\/v2\/types\/post"}],"author":[{"embeddable":true,"href":"https:\/\/www.europesays.com\/fr\/wp-json\/wp\/v2\/users\/2"}],"replies":[{"embeddable":true,"href":"https:\/\/www.europesays.com\/fr\/wp-json\/wp\/v2\/comments?post=576710"}],"version-history":[{"count":0,"href":"https:\/\/www.europesays.com\/fr\/wp-json\/wp\/v2\/posts\/576710\/revisions"}],"wp:featuredmedia":[{"embeddable":true,"href":"https:\/\/www.europesays.com\/fr\/wp-json\/wp\/v2\/media\/576711"}],"wp:attachment":[{"href":"https:\/\/www.europesays.com\/fr\/wp-json\/wp\/v2\/media?parent=576710"}],"wp:term":[{"taxonomy":"category","embeddable":true,"href":"https:\/\/www.europesays.com\/fr\/wp-json\/wp\/v2\/categories?post=576710"},{"taxonomy":"post_tag","embeddable":true,"href":"https:\/\/www.europesays.com\/fr\/wp-json\/wp\/v2\/tags?post=576710"}],"curies":[{"name":"wp","href":"https:\/\/api.w.org\/{rel}","templated":true}]}}