{"id":576714,"date":"2025-12-04T03:50:57","date_gmt":"2025-12-04T03:50:57","guid":{"rendered":"https:\/\/www.europesays.com\/fr\/576714\/"},"modified":"2025-12-04T03:50:57","modified_gmt":"2025-12-04T03:50:57","slug":"a-bayonne-le-musee-bonnat-helleu-devoile-a-nouveau-ses-tresors","status":"publish","type":"post","link":"https:\/\/www.europesays.com\/fr\/576714\/","title":{"rendered":"\u00c0 Bayonne, le mus\u00e9e Bonnat-Helleu d\u00e9voile \u00e0 nouveau ses tr\u00e9sors"},"content":{"rendered":"<p class=\"editor-content__paragraph\">Il aura fallu de la patience pour le red\u00e9couvrir. <strong>Ferm\u00e9 en 2011<\/strong>, il y a pas moins de quatorze ans, en raison d\u2019un risque d\u2019effondrement de la verri\u00e8re de son patio, le <strong>mus\u00e9e Bonnat-Helleu<\/strong> (mus\u00e9e des beaux-arts de la ville de Bayonne) a enfin rouvert <strong>ses portes au public<\/strong> le jeudi 27\u00a0novembre, au lendemain d\u2019une inauguration en pr\u00e9sence de la ministre de la Culture Rachida Dati, marquant la fin d\u2019un <strong>chantier \u00e0 30\u00a0millions d\u2019euros<\/strong>. Enti\u00e8rement r\u00e9nov\u00e9 et agrandi, il remet en lumi\u00e8re<strong> l\u2019une des collections publiques les plus riches et qualitatives<\/strong> de France \u2013 mais aussi, paradoxalement, l\u2019une des plus m\u00e9connues en raison, notamment, de sa situation g\u00e9ographique et de cette longue travers\u00e9e du d\u00e9sert.<\/p>\n<p class=\"editor-content__paragraph\"><strong>Install\u00e9 au d\u00e9but des ann\u00e9es 1900<\/strong> dans un b\u00e2timent Belle \u00c9poque construit en 1896\u00a0par l\u2019architecte Charles Planckaert, cet \u00e9tablissement fut cr\u00e9\u00e9 notamment pour accueillir <strong>une donation faite en 1891<\/strong> par le peintre acad\u00e9mique et collectionneur bayonnais <strong>L\u00e9on Bonnat<\/strong> (1833\u20131922), compl\u00e9t\u00e9e \u00e0 la mort de ce dernier par un autre legs \u2013 soit un total de<strong> 3\u00a0000 \u0153uvres<\/strong> donn\u00e9es officiellement au Louvre, avec obligation de d\u00e9p\u00f4t permanent au mus\u00e9e de Bayonne, ce qui en fait le <strong>plus grand ensemble de d\u00e9p\u00f4ts du Louvre<\/strong> en France.<\/p>\n<p>    <img loading=\"lazy\" decoding=\"async\" class=\"image__img\" src=\"https:\/\/www.europesays.com\/fr\/wp-content\/uploads\/2025\/12\/ajmb-15-964x643.jpg\" alt=\"La sc\u00e9nographie du mus\u00e9e Bonnat-Helleu\" width=\"964\" height=\"643\"\/><\/p>\n<p>La sc\u00e9nographie du mus\u00e9e Bonnat-Helleu, 2025<\/p>\n<p>    i<\/p>\n<p class=\"legende__cartel\">\u00a9 Lo\u00efc Simon pour BeauxArts \u00e9ditions<\/p>\n<p>De nombreux chefs-d\u2019\u0153uvre\u00a0de la peinture, du dessin, de la gravure\u2026<\/p>\n<blockquote class=\"editor-content__blockquote editor-content__blockquote--align-left\">\n<p>Fra\u00eechement restaur\u00e9e, la Baigneuse \u00e0 mi-corps d\u2019Ingres, v\u00e9ritable \u00ab\u00a0Joconde\u00a0\u00bb du mus\u00e9e bayonnais, figure en bonne place dans le nouveau parcours.<\/p>\n<\/blockquote>\n<p class=\"editor-content__paragraph\">D\u00e9crite par Pierre Rosenberg comme \u00ab\u00a0la plus belle entre Paris et Madrid\u00a0\u00bb, cette <strong>collection de 7\u00a0000\u00a0peintures, sculptures et dessins<\/strong> allant du Moyen \u00c2ge au XIXe si\u00e8cle, dont<strong> 1\u00a0300\u00a0ont \u00e9t\u00e9 restaur\u00e9s<\/strong> pour l\u2019occasion, a \u00e9t\u00e9 remise en valeur par un <strong>parcours chrono-th\u00e9matique<\/strong> a\u00e9r\u00e9 aux cimaises color\u00e9es qui en pr\u00e9sente pas moins de 1000. Avec en bonne place la \u00ab\u00a0Joconde\u00a0\u00bb du mus\u00e9e fra\u00eechement restaur\u00e9e\u00a0: <strong>la Baigneuse \u00e0 mi-corps de <a href=\"https:\/\/www.beauxarts.com\/grand-format\/jean-auguste-dominique-ingres-en-2-minutes\/\" target=\"_blank\" rel=\"noopener\">Jean-Auguste-Dominique Ingres<\/a><\/strong> (1807), l\u2019un de ses trois \u00ab\u00a0envois d\u2019acad\u00e9mie\u00a0\u00bb r\u00e9alis\u00e9s \u00e0 la Villa M\u00e9dicis (Acad\u00e9mie de France \u00e0 Rome) aux c\u00f4t\u00e9s de La Baigneuse de Valpin\u00e7on et d\u2019\u0152dipe et le Sphinx, conserv\u00e9s quant \u00e0 eux au Louvre.<\/p>\n<p>    <img loading=\"lazy\" decoding=\"async\" class=\"image__img\" src=\"https:\/\/www.europesays.com\/fr\/wp-content\/uploads\/2025\/12\/aajmb-4-964x643.jpg\" alt=\"Salle consacr\u00e9e \u00e0 Paul Helleu\" width=\"964\" height=\"643\"\/><\/p>\n<p>Salle consacr\u00e9e \u00e0 Paul Helleu<\/p>\n<p>    i<\/p>\n<p class=\"legende__cartel\">\u00a9 Lo\u00efc Simon pour BeauxArts \u00e9ditions<\/p>\n<p class=\"editor-content__paragraph\">Parmi les nombreux autres <strong>chefs-d\u2019\u0153uvre<\/strong> de l\u2019\u00e9tablissement, figurent La Vierge \u00e0 l\u2019hostie du m\u00eame artiste (1866), une envo\u00fbtante Cl\u00e9op\u00e2tre de Domenico Beccafumi (vers 1508), un superbe <strong>portrait peint de <a href=\"https:\/\/www.beauxarts.com\/grand-format\/greco-en-2-minutes\/\" target=\"_blank\" rel=\"noopener\">Greco<\/a> <\/strong>(1576\u20131578), plusieurs <a href=\"https:\/\/www.beauxarts.com\/grand-format\/pierre-paul-rubens-en-2-minutes\/\" target=\"_blank\" rel=\"noopener\">Rubens<\/a>, des <strong>\u0153uvres de L\u00e9on Bonnat et Paul Helleu<\/strong> (l\u00e9gu\u00e9es par la fille de ce dernier \u00e0 la Ville de Bayonne en 2009), ainsi que de <strong>belles peintures de <a href=\"https:\/\/www.beauxarts.com\/grand-format\/simon-vouet-en-2-minutes\/\" target=\"_blank\" rel=\"noopener\">Simon Vouet<\/a>, <a href=\"https:\/\/www.beauxarts.com\/grand-format\/francisco-de-goya-en-3-minutes\/\" target=\"_blank\" rel=\"noopener\">Francisco de Goya<\/a>,<a href=\"https:\/\/www.beauxarts.com\/grand-format\/theodore-gericault-en-2-minutes\/\" target=\"_blank\" rel=\"noopener\"> Th\u00e9odore G\u00e9ricault<\/a><\/strong>, <a href=\"https:\/\/www.beauxarts.com\/grand-format\/john-constable-en-2-minutes\/\" target=\"_blank\" rel=\"noopener\">John Constable<\/a>, Armand Guillaumin, <a href=\"https:\/\/www.beauxarts.com\/grand-format\/maurice-denis-en-2-minutes\/\" target=\"_blank\" rel=\"noopener\">Maurice Denis<\/a> ou <a href=\"https:\/\/www.beauxarts.com\/grand-format\/joaquin-sorolla-en-2-minutes\/\" target=\"_blank\" rel=\"noopener\">Joaqu\u00edn Sorolla<\/a>.<\/p>\n<p class=\"editor-content__paragraph\">S\u2019y ajoute un <strong>cabinet d\u2019arts graphiques<\/strong> exceptionnel (l\u2019un des 30\u00a0plus importants au monde) rassemblant des <strong>dessins de <a href=\"https:\/\/www.beauxarts.com\/grand-format\/michel-ange-en-3-minutes\/\" target=\"_blank\" rel=\"noopener\">Michel-Ange<\/a>, <a href=\"https:\/\/www.beauxarts.com\/grand-format\/raphael-en-2-minutes\/\" target=\"_blank\" rel=\"noopener\">Rapha\u00ebl<\/a>, <a href=\"https:\/\/www.beauxarts.com\/grand-format\/titien-en-2-minutes\/\" target=\"_blank\" rel=\"noopener\">Titien<\/a><\/strong>, <a href=\"https:\/\/www.beauxarts.com\/grand-format\/le-parmesan-en-2-minutes\/\" target=\"_blank\" rel=\"noopener\">Le Parmesan<\/a>, les Tiepolo, <a href=\"https:\/\/www.beauxarts.com\/grand-format\/leonard-de-vinci-en-3-minutes\/\" target=\"_blank\" rel=\"noopener\">L\u00e9onard de Vinci<\/a>, <a href=\"https:\/\/www.beauxarts.com\/grand-format\/nicolas-poussin-en-2-minutes\/\" target=\"_blank\" rel=\"noopener\">Nicolas Poussin<\/a>, <a href=\"https:\/\/www.beauxarts.com\/grand-format\/antoine-watteau-en-2-minutes\/\" target=\"_blank\" rel=\"noopener\">Antoine Watteau<\/a>, <a href=\"https:\/\/www.beauxarts.com\/grand-format\/pierre-paul-prudhon-en-2-minutes\/\" target=\"_blank\" rel=\"noopener\">Pierre-Paul Prud\u2019hon<\/a>, <a href=\"https:\/\/www.beauxarts.com\/grand-format\/jean-baptiste-greuze-en-2-minutes\/\" target=\"_blank\" rel=\"noopener\">Jean-Baptiste Greuze<\/a>, <a href=\"https:\/\/www.beauxarts.com\/encyclo\/jacques-louis-david-en-2-minutes\/\" target=\"_blank\" rel=\"noopener\">Jacques-Louis David<\/a>, <a href=\"https:\/\/www.beauxarts.com\/grand-format\/eugene-delacroix-en-2-minutes\/\" target=\"_blank\" rel=\"noopener\">Eug\u00e8ne Delacroix<\/a>, ou encore Ingres et G\u00e9ricault, ainsi que des<strong> gravures de <a href=\"https:\/\/www.beauxarts.com\/grand-format\/rembrandt-en-2-minutes\/\" target=\"_blank\" rel=\"noopener\">Rembrandt<\/a><\/strong>.<\/p>\n<p>Un mus\u00e9e agrandi et \u00e0 la splendeur retrouv\u00e9e<\/p>\n<p class=\"editor-content__paragraph\">R\u00e9nov\u00e9 par le cabinet d\u2019architecture bordelais <strong>BLP &amp; associ\u00e9s<\/strong>, qui avait donn\u00e9 un coup de jeune au mus\u00e9e de l\u2019Orangerie \u00e0 Paris dans les ann\u00e9es 2000, le mus\u00e9e bayonnais a \u00e9t\u00e9 <strong>prolong\u00e9 pour inclure le b\u00e2timent voisin<\/strong> \u2013 un \u00e9difice des ann\u00e9es 1930\u00a0qui accueillait jusqu\u2019\u00e0 r\u00e9cemment une \u00e9cole, et o\u00f9 se trouvent d\u00e9sormais les bureaux des \u00e9quipes, les r\u00e9serves et les salles de recherche.<\/p>\n<p>    <img loading=\"lazy\" decoding=\"async\" class=\"image__img\" src=\"https:\/\/www.europesays.com\/fr\/wp-content\/uploads\/2025\/12\/web000_866b7ke-964x734.jpg\" alt=\"Dans le patio, le \u00ab\u00a0Triptyque bayonnais\u00a0\u00bb de Henri-Achille Zo\u00a0\u00bb o\u00f9 l\u2019on voit Bonnat et ses \u00e9l\u00e8ves basques et b\u00e9arnais\" width=\"964\" height=\"734\"\/><\/p>\n<p>Dans le patio, le \u00ab\u00a0Triptyque bayonnais\u00a0\u00bb de Henri-Achille Zo\u00a0\u00bb o\u00f9 l\u2019on voit Bonnat et ses \u00e9l\u00e8ves basques et b\u00e9arnais, 2025<\/p>\n<p>    i<\/p>\n<p class=\"editor-content__paragraph\">Dot\u00e9 d\u2019un <strong>nouveau hall d\u2019accueil<\/strong> situ\u00e9 \u00e0 la jonction entre l\u2019ancien pr\u00e9au de l\u2019\u00e9cole et le patio historique du mus\u00e9e, l\u2019\u00e9tablissement s\u2019est aussi vu greffer une <strong>extension moderne vitr\u00e9e<\/strong> abritant un monte-charge et des zones de repos pour les visiteurs. \u00c0 l\u2019int\u00e9rieur, les<strong> volumes initiaux du b\u00e2timent<\/strong>, occult\u00e9s par d\u2019anciennes r\u00e9novations, ont \u00e9t\u00e9 retrouv\u00e9s pour une <strong>circulation plus fluide<\/strong> et une<strong> surface doubl\u00e9e<\/strong>, qui atteint \u00e0 pr\u00e9sent 7\u00a0000\u00a0m\u00b2, dont<strong> 2\u00a0500\u00a0m\u00b2 d\u00e9di\u00e9s au parcours permanent<\/strong>, et 450\u00a0m\u00b2 aux expositions temporaires.<\/p>\n<p>Un long chantier enfin termin\u00e9<\/p>\n<p class=\"editor-content__paragraph\">Mais pourquoi une aussi longue fermeture\u00a0? R\u00e9put\u00e9 \u00ab\u00a0maudit\u00a0\u00bb, le projet a \u00e9t\u00e9 <strong>ralenti<\/strong> par une f\u00e2cheuse succession d\u2019\u00e9v\u00e9nements\u00a0: un<strong> changement d\u2019\u00e9quipe municipale<\/strong>, l\u2019opposition de parents d\u2019\u00e9l\u00e8ves locaux \u00e0 l\u2019annexion de l\u2019\u00e9cole voisine, des <strong>fouilles arch\u00e9ologiques<\/strong> ayant r\u00e9v\u00e9l\u00e9 la pr\u00e9sence d\u2019un ancien cimeti\u00e8re sur le site, <strong>l\u2019arr\u00eat du chantier<\/strong> pendant le Covid et la flamb\u00e9e des prix des mat\u00e9riaux.<\/p>\n<p>    <img loading=\"lazy\" decoding=\"async\" class=\"image__img\" src=\"https:\/\/www.europesays.com\/fr\/wp-content\/uploads\/2025\/12\/web075_pinon-francera251126_npyqj-964x643.jpg\" alt=\"Rachida Dati et Laurence Des Cars lors de l\u2019inauguration du mus\u00e9e Bonnat-Helleu\" width=\"964\" height=\"643\"\/><\/p>\n<p>Rachida Dati et Laurence Des Cars lors de l\u2019inauguration du mus\u00e9e Bonnat-Helleu, 26\u00a0novembre 2025<\/p>\n<p>    i<\/p>\n<p class=\"legende__cartel\">\u00a9 Guillaume Pinon \/ NurPhoto \/ NurPhoto via AFP<\/p>\n<p class=\"editor-content__paragraph\">Apr\u00e8s avoir \u00e9t\u00e9 <strong>dirig\u00e9 par Sophie Harent, puis Benjamin Couilleaux<\/strong> (qui, pendant la fermeture de 2018 \u00e0 2022, a r\u00e9alis\u00e9 plusieurs acquisitions d\u2019\u0153uvres dont une superbe peinture de Nicol\u00f3 Bambini), le mus\u00e9e est pass\u00e9 depuis f\u00e9vrier 2025 (apr\u00e8s un int\u00e9rim assur\u00e9 par la directrice du mus\u00e9e Basque, Sabine Cazenave) sous la houlette du jeune historien de l\u2019art <strong>Barth\u00e9l\u00e9my Etchegoyen Glama<\/strong>. \u00c2g\u00e9 de 32\u00a0ans, cet ancien \u00e9l\u00e8ve de l\u2019\u00c9cole normale sup\u00e9rieure originaire du Pays basque fut auparavant <strong>conseiller de la pr\u00e9sidente du Louvre Laurence des Cars<\/strong>, et professeur d\u2019histoire de l\u2019art et d\u2019arch\u00e9ologie \u00e0 l\u2019Universit\u00e9 Columbia de New York. Du sang neuf pour une renaissance tr\u00e8s attendue\u00a0!<\/p>\n<p>  Arrow<\/p>\n<p>Mus\u00e9e Bonnat-Helleu<\/p>\n<p class=\"annexe-content__infos\">5 Rue Jacques Laffitte \u2022 64100 Bayonne<br \/><a href=\"https:\/\/webmuseo.com\/ws\/musee-bonnat-helleu\/app\/report\/index.html\" target=\"_blank\" rel=\"noopener\">webmuseo.com<\/a><\/p>\n<p>        \u00c0 lire aussi :<br \/>\n        <a class=\"renvoi-explicite__link\" href=\"https:\/\/www.beauxarts.com\/grand-format\/de-la-france-au-japon-les-nouveaux-musees-les-plus-spectaculaires-du-monde\/\" target=\"_blank\" rel=\"noopener\">De la France au Japon, les nouveaux mus\u00e9es les plus spectaculaires du monde !<\/a><\/p>\n","protected":false},"excerpt":{"rendered":"Il aura fallu de la patience pour le red\u00e9couvrir. Ferm\u00e9 en 2011, il y a pas moins de&hellip;\n","protected":false},"author":2,"featured_media":576715,"comment_status":"","ping_status":"","sticky":false,"template":"","format":"standard","meta":{"footnotes":""},"categories":[1358],"tags":[1348,1384,1385,1386,58,59,1011,27,53431,7107],"class_list":{"0":"post-576714","1":"post","2":"type-post","3":"status-publish","4":"format-standard","5":"has-post-thumbnail","7":"category-arts-et-design","8":"tag-arts","9":"tag-arts-and-design","10":"tag-arts-et-design","11":"tag-design","12":"tag-divertissement","13":"tag-entertainment","14":"tag-fr","15":"tag-france","16":"tag-musee-bonnat-helleu","17":"tag-musees"},"share_on_mastodon":{"url":"https:\/\/pubeurope.com\/@fr\/115659269695683972","error":""},"_links":{"self":[{"href":"https:\/\/www.europesays.com\/fr\/wp-json\/wp\/v2\/posts\/576714","targetHints":{"allow":["GET"]}}],"collection":[{"href":"https:\/\/www.europesays.com\/fr\/wp-json\/wp\/v2\/posts"}],"about":[{"href":"https:\/\/www.europesays.com\/fr\/wp-json\/wp\/v2\/types\/post"}],"author":[{"embeddable":true,"href":"https:\/\/www.europesays.com\/fr\/wp-json\/wp\/v2\/users\/2"}],"replies":[{"embeddable":true,"href":"https:\/\/www.europesays.com\/fr\/wp-json\/wp\/v2\/comments?post=576714"}],"version-history":[{"count":0,"href":"https:\/\/www.europesays.com\/fr\/wp-json\/wp\/v2\/posts\/576714\/revisions"}],"wp:featuredmedia":[{"embeddable":true,"href":"https:\/\/www.europesays.com\/fr\/wp-json\/wp\/v2\/media\/576715"}],"wp:attachment":[{"href":"https:\/\/www.europesays.com\/fr\/wp-json\/wp\/v2\/media?parent=576714"}],"wp:term":[{"taxonomy":"category","embeddable":true,"href":"https:\/\/www.europesays.com\/fr\/wp-json\/wp\/v2\/categories?post=576714"},{"taxonomy":"post_tag","embeddable":true,"href":"https:\/\/www.europesays.com\/fr\/wp-json\/wp\/v2\/tags?post=576714"}],"curies":[{"name":"wp","href":"https:\/\/api.w.org\/{rel}","templated":true}]}}