{"id":576716,"date":"2025-12-04T03:53:14","date_gmt":"2025-12-04T03:53:14","guid":{"rendered":"https:\/\/www.europesays.com\/fr\/576716\/"},"modified":"2025-12-04T03:53:14","modified_gmt":"2025-12-04T03:53:14","slug":"emission-du-mercredi-3-decembre-2025-en-replay-c-a-vous-la-suite-france-tv","status":"publish","type":"post","link":"https:\/\/www.europesays.com\/fr\/576716\/","title":{"rendered":"\u00c9mission du mercredi 3 d\u00e9cembre 2025 en replay &#8211; C \u00e0 vous la suite &#8211; France TV"},"content":{"rendered":"<ol>\n<li><a href=\"https:\/\/news.google.com\/rss\/articles\/CBMirAFBVV95cUxPTzNQYXhCZ1hUZUJST3NpdUxNZ2Ntblp2NXMzS0Y2eExxRlFnamJVS1pVN01oSnNBbzFqX1JlclFveTZKQ18yVzlrRWQtWlByUkRuOThfX2doUy1zRE9lY3lxTjZSNXlTX1RiVTM4RU9NRDk2NUFGNzA5dkQwVVdDb0NOX21NWXVucTlHWWNvSmhIYlM0YWNzbk45MmNJb3RiYkhuQ0tvc29fNXVU?oc=5\" target=\"_blank\" rel=\"noopener\">\u00c9mission du mercredi 3 d\u00e9cembre 2025 en replay &#8211; C \u00e0 vous la suite<\/a>&nbsp;&nbsp;France TV<\/li>\n<li><a href=\"https:\/\/news.google.com\/rss\/articles\/CBMioAFBVV95cUxQMDBjOEpuRWZLODlLSlpNZHB4NkZQNURkRW9qbnZrUU5nN1h4enY2MWZwdzk2V2w3ZDhDRmFEOUM1Vmh2ZWF2bDJ2Z2J6aXg2c0poSTFCejlYRzVuRTAyemtCM0hnaDZ4dFI0bGNZcEl5MkFjVkt0amZ3aWlLQmk2bkJnS1k3c0h5XzNsLW81dTB4cGZyQkxiRzh1alJVNnBn?oc=5\" target=\"_blank\" rel=\"noopener\">\u00c9mission du mercredi 3 d\u00e9cembre 2025 en replay &#8211; C \u00e0 vous<\/a>&nbsp;&nbsp;France TV<\/li>\n<li><a href=\"https:\/\/news.google.com\/rss\/articles\/CBMiqgFBVV95cUxQODBTYXIxV1drSGpJR2F5R0hMbHVBeTZxaGYxazk3cWRaU1dfbDJOT1YyeURBakEySzhoSmZlN01SbXhVamxIQnAyYXdCX21aN21hN3lOYU1ZRV9BS3JSZ2ExMF9hTEpneDl6bGNybGJkSFp5NGJFcG9jRDJnNlhfa0dwVlFUb2I3Y1NLenBwOGRJanhwdWNvMWVDcVdra2NENmxoY2wyVjZiQdIB8AJBVV95cUxNbmdQVEM1QUt5SEN1c2FUa0VUX3ltdHRTU3paNThoczJ1X2pROW9HZzFEQUtCUnh0V2N4OWVWR3VKWnZmaGhwMFMyVjZaTlVnNHJqRlNpWGhITFhfMUwzTFlDTjJQZWdzSTFCOVo2dzFidnVlSVEtaFowT0E2Z2RxVXV4SE54bTJjbVNwaWFMOWlsM1JlYmFJclRZU3Z2dEYwTUZHVFF5SFNDbTRwVmdPMVY0bzRLUjRqTnZhNDZSazA0Wmp2SUFqTEhaZW1wOWtrZGw4ei1hVkl2LTN6RmQzb3JHd24yNl9BZnNjNHRYWWpsXzFYSWJZb2ZBS2ZOTlA1OE5sQ0xZY1VkcG10Q3duamdzcEEzRXlOWVJWdVBWc2FDSXB0MXktZUd2ZE9IYWVEb0lDeXVMeUtpb01KRFlUaWJVbExMMVBfMS1ONUxmRnM0Y3Fackc1cGZ5NTVUaW1oVi1vV2l4cGxldzlCSm9rUQ?oc=5\" target=\"_blank\" rel=\"noopener\">C \u00e0 vous du 2 d\u00e9cembre 2025 : quels invit\u00e9s ce soir sur France 5 ? (sommaire)<\/a>&nbsp;&nbsp;Stars Actu<\/li>\n<li><a href=\"https:\/\/news.google.com\/rss\/articles\/CBMiqAFBVV95cUxPUVNUXzhTbWVPa0h4dTdOYWViUWVDdndwS0MxVmFRNTM5a19lUXNaRjhkNGFkS091djgtNGl1YXEwNFRTSk56SDQxYnd3RHM1REx0aEx1VGl6NUg1ZFRjdzZzNVJrdWNmSGZ4QXBxMS12VXJBSG5ENms5SGM3NTEwd0dGcXBXRXlGOUVyNENQaklVLUs2WXpiZlpDbEp1TTZhTWo0dloyQ1A?oc=5\" target=\"_blank\" rel=\"noopener\">Invit\u00e9s : Joyce Jonathan, Camille Cottin, Nathan Ambrosioni, Jean-Pierre Foucault en replay &#8211; C \u00e0 vous la suite<\/a>&nbsp;&nbsp;France TV<\/li>\n<\/ol>\n","protected":false},"excerpt":{"rendered":"\u00c9mission du mercredi 3 d\u00e9cembre 2025 en replay &#8211; C \u00e0 vous la suite&nbsp;&nbsp;France TV \u00c9mission du mercredi&hellip;\n","protected":false},"author":2,"featured_media":561138,"comment_status":"","ping_status":"","sticky":false,"template":"","format":"standard","meta":{"footnotes":""},"categories":[1356],"tags":[58,59,1011,27,252,1364],"class_list":{"0":"post-576716","1":"post","2":"type-post","3":"status-publish","4":"format-standard","5":"has-post-thumbnail","7":"category-television","8":"tag-divertissement","9":"tag-entertainment","10":"tag-fr","11":"tag-france","12":"tag-television","13":"tag-tv"},"share_on_mastodon":{"url":"","error":""},"_links":{"self":[{"href":"https:\/\/www.europesays.com\/fr\/wp-json\/wp\/v2\/posts\/576716","targetHints":{"allow":["GET"]}}],"collection":[{"href":"https:\/\/www.europesays.com\/fr\/wp-json\/wp\/v2\/posts"}],"about":[{"href":"https:\/\/www.europesays.com\/fr\/wp-json\/wp\/v2\/types\/post"}],"author":[{"embeddable":true,"href":"https:\/\/www.europesays.com\/fr\/wp-json\/wp\/v2\/users\/2"}],"replies":[{"embeddable":true,"href":"https:\/\/www.europesays.com\/fr\/wp-json\/wp\/v2\/comments?post=576716"}],"version-history":[{"count":0,"href":"https:\/\/www.europesays.com\/fr\/wp-json\/wp\/v2\/posts\/576716\/revisions"}],"wp:featuredmedia":[{"embeddable":true,"href":"https:\/\/www.europesays.com\/fr\/wp-json\/wp\/v2\/media\/561138"}],"wp:attachment":[{"href":"https:\/\/www.europesays.com\/fr\/wp-json\/wp\/v2\/media?parent=576716"}],"wp:term":[{"taxonomy":"category","embeddable":true,"href":"https:\/\/www.europesays.com\/fr\/wp-json\/wp\/v2\/categories?post=576716"},{"taxonomy":"post_tag","embeddable":true,"href":"https:\/\/www.europesays.com\/fr\/wp-json\/wp\/v2\/tags?post=576716"}],"curies":[{"name":"wp","href":"https:\/\/api.w.org\/{rel}","templated":true}]}}