{"id":576717,"date":"2025-12-04T03:54:14","date_gmt":"2025-12-04T03:54:14","guid":{"rendered":"https:\/\/www.europesays.com\/fr\/576717\/"},"modified":"2025-12-04T03:54:14","modified_gmt":"2025-12-04T03:54:14","slug":"les-pronostics-hippiques-de-sebastien-mortagne-jeudi-4-decembre-rdl-la-radio-qui-chante","status":"publish","type":"post","link":"https:\/\/www.europesays.com\/fr\/576717\/","title":{"rendered":"Les pronostics hippiques de S\u00e9bastien Mortagne : Jeudi 4 d\u00e9cembre &#8211; RDL &#8211; La Radio qui Chante"},"content":{"rendered":"<ol>\n<li><a href=\"https:\/\/news.google.com\/rss\/articles\/CBMiXkFVX3lxTFBRM3ByaVcweXhKc1plM0VKd25kbThRQkNSc1Q2WFc0NGVzbTE5eHFGWWdZRWd4VDU2bHZIdWNVNUpsY0xUdlRMd29FWW5hVXRWWkNNV3BuUzJwVTR1VVE?oc=5\" target=\"_blank\" rel=\"noopener\">Les pronostics hippiques de S\u00e9bastien Mortagne : Jeudi 4 d\u00e9cembre<\/a>&nbsp;&nbsp;RDL &#8211; La Radio qui Chante<\/li>\n<li><a href=\"https:\/\/news.google.com\/rss\/articles\/CBMisAFBVV95cUxPbExPV1ljR0c4cmtGRDMxU0VhaWI1NHExNURDWnN4ZjJkYmlqY2wyUTNrc2xmQ3R2bVRnTWh2LTN3aHZ5NWpmVVFNSFcxZTNPUHpHQjRMQ0QwOUlkZWhwcWI2SzB6STZ1T1VkVUI3MjhUeUhBRnBYQmYyRVVnaElBZVR2U2pibTVUYzg0SnB2bHVxOVRwRG9NMENiOHRXSHRkNVBMcHMyVWhad0RHa1lRRw?oc=5\" target=\"_blank\" rel=\"noopener\">Quint\u00e9 du mercredi 3 d\u00e9cembre 2025 \u00e0 Vincennes : les pronostics<\/a>&nbsp;&nbsp;RTL.fr<\/li>\n<li><a href=\"https:\/\/news.google.com\/rss\/articles\/CBMisAFBVV95cUxOZm8xMXNJeVVDRDlGRlRsclNMOV9uVmVPeHVzeFM2d2ZlZW5qOXZMOHFTVzlXNVlEd2lvNzR4ZFNXbUd4U3ZXaGM4YWNLWUlGNWR1YmhCMkYtMFRHVFVvWDZmb0tOamVEQ25JT3d5ZUVIQlh1ZlAwSm9MMWVlaVRkVE56aDFoNFJvcURIZm0tTmU2SXVHdWkwWjFRYXF4S0lhenRyNjRXSmotc184d0l3UA?oc=5\" target=\"_blank\" rel=\"noopener\">Les pronos hippiques du mercredi 3 d\u00e9cembre 2025<\/a>&nbsp;&nbsp;RMC Sport<\/li>\n<li><a href=\"https:\/\/news.google.com\/rss\/articles\/CBMihAFBVV95cUxPbXVBelJzZDNjU0R4LUtzRlgtd2dhaUNOZC1KdVlORXBNRkdneld0TmJuN00wMXh6UEdGS3JmTVlGVHJEX3dJaWNfUWdtcWt3ZF9IR2czX3dxeldjcGxWVC1QYlQ3Y1lWc0hlSTlOSFFmOTNvR1R3cDN4bDFfenBqbmdqMTU?oc=5\" target=\"_blank\" rel=\"noopener\">LES COURSES DE JEUDI \u00c0 PARIS-VINCENNES<\/a>&nbsp;&nbsp;LETROT<\/li>\n<li><a href=\"https:\/\/news.google.com\/rss\/articles\/CBMiowFBVV95cUxQdG9wY0JOdmtnVDN4Nm9QSTlZTE5RdjZZczB5MkdfMkhHZ3U5YmdjX3F2YTB2TzF5dGNSMmZtVUUxOGNpMFpETUxoYWNzcmV0cS1BSjh5MkF4cVRFOFlqNExmSkd3TmoyX29IYWtJOElhOUQtOVh4VjF3VnNxYTU1ZDZUZ1NFYnFNVjRCaWUwOG12UHBmTEhtSFR6ZmwxdkJBLWJN?oc=5\" target=\"_blank\" rel=\"noopener\">Tierc\u00e9. Les pronostics de L&rsquo;Alsace pour jeudi 4 d\u00e9cembre &#8211; Prix Jean Boillereau<\/a>&nbsp;&nbsp;L&rsquo;Alsace<\/li>\n<\/ol>\n","protected":false},"excerpt":{"rendered":"Les pronostics hippiques de S\u00e9bastien Mortagne : Jeudi 4 d\u00e9cembre&nbsp;&nbsp;RDL &#8211; La Radio qui Chante Quint\u00e9 du mercredi&hellip;\n","protected":false},"author":2,"featured_media":563512,"comment_status":"","ping_status":"","sticky":false,"template":"","format":"standard","meta":{"footnotes":""},"categories":[1355],"tags":[119,11,3723,37292,9420,58,920,33,59,1011,27,37289,37290,1114,303,37291,4253,5672,1361,873,12,1308,37294,23862,1072,1825,37288,37293,37295,71,1097],"class_list":{"0":"post-576717","1":"post","2":"type-post","3":"status-publish","4":"format-standard","5":"has-post-thumbnail","7":"category-musique","8":"tag-accident","9":"tag-actualites","10":"tag-actus","11":"tag-bethune","12":"tag-calais","13":"tag-divertissement","14":"tag-dunkerque","15":"tag-economie","16":"tag-entertainment","17":"tag-fr","18":"tag-france","19":"tag-info-locale","20":"tag-info-regionale","21":"tag-infos","22":"tag-justice","23":"tag-le-voix-du-nord","24":"tag-lens","25":"tag-montreuil","26":"tag-music","27":"tag-musique","28":"tag-news","29":"tag-nord","30":"tag-nord-littoral","31":"tag-pas-de-calais","32":"tag-police","33":"tag-radio","34":"tag-rdl","35":"tag-saint-omer","36":"tag-saint-pol-sur-ternoise","37":"tag-sante","38":"tag-trafic"},"share_on_mastodon":{"url":"https:\/\/pubeurope.com\/@fr\/115659280588062168","error":""},"_links":{"self":[{"href":"https:\/\/www.europesays.com\/fr\/wp-json\/wp\/v2\/posts\/576717","targetHints":{"allow":["GET"]}}],"collection":[{"href":"https:\/\/www.europesays.com\/fr\/wp-json\/wp\/v2\/posts"}],"about":[{"href":"https:\/\/www.europesays.com\/fr\/wp-json\/wp\/v2\/types\/post"}],"author":[{"embeddable":true,"href":"https:\/\/www.europesays.com\/fr\/wp-json\/wp\/v2\/users\/2"}],"replies":[{"embeddable":true,"href":"https:\/\/www.europesays.com\/fr\/wp-json\/wp\/v2\/comments?post=576717"}],"version-history":[{"count":0,"href":"https:\/\/www.europesays.com\/fr\/wp-json\/wp\/v2\/posts\/576717\/revisions"}],"wp:featuredmedia":[{"embeddable":true,"href":"https:\/\/www.europesays.com\/fr\/wp-json\/wp\/v2\/media\/563512"}],"wp:attachment":[{"href":"https:\/\/www.europesays.com\/fr\/wp-json\/wp\/v2\/media?parent=576717"}],"wp:term":[{"taxonomy":"category","embeddable":true,"href":"https:\/\/www.europesays.com\/fr\/wp-json\/wp\/v2\/categories?post=576717"},{"taxonomy":"post_tag","embeddable":true,"href":"https:\/\/www.europesays.com\/fr\/wp-json\/wp\/v2\/tags?post=576717"}],"curies":[{"name":"wp","href":"https:\/\/api.w.org\/{rel}","templated":true}]}}