{"id":576718,"date":"2025-12-04T03:55:22","date_gmt":"2025-12-04T03:55:22","guid":{"rendered":"https:\/\/www.europesays.com\/fr\/576718\/"},"modified":"2025-12-04T03:55:22","modified_gmt":"2025-12-04T03:55:22","slug":"decouvrez-les-nouveaux-films-et-series-sur-netflix-prime-hbo-max-et-disney","status":"publish","type":"post","link":"https:\/\/www.europesays.com\/fr\/576718\/","title":{"rendered":"d\u00e9couvrez les nouveaux films et s\u00e9ries sur Netflix, Prime, HBO Max et Disney+"},"content":{"rendered":"<p>Qui dit mois de d\u00e9cembre, dit sorties de taille sur les plateformes de streaming. Les abonn\u00e9s s\u2019appr\u00eatent \u00e0 retrouver leurs proches pour les f\u00eates de fin d\u2019ann\u00e9e et les g\u00e9ants du divertissement comptent bien investir les soir\u00e9es films et s\u00e9rie en famille. <strong>Netflix, Prime, HBO Max et Disney+ n\u2019h\u00e9sitent donc pas \u00e0 sortir le grand jeu pour faire le bonheur des spectateurs et esp\u00e9rer convaincre de nouveaux abonn\u00e9s \u00e0 la nouvelle ann\u00e9e.<\/strong> Une chose est s\u00fbre\u00a0: les aficionados de s\u00e9ries et de grandes franchises vont avoir de quoi se mettre sous la dent.<\/p>\n<p> Joyeux No\u00ebl, Maman sur Prime Video \u2013 3 d\u00e9cembre <\/p>\n<p>Si vous en avez marre des films de No\u00ebl \u00e0 l\u2019eau de rose, voil\u00e0 le long-m\u00e9trage festif id\u00e9al. La nouvelle com\u00e9die de No\u00ebl originale de Prime Video s\u2019attaque \u00e0 un sacr\u00e9 sujet\u00a0: la charge mentale des mamans lors des f\u00eates de fin d\u2019ann\u00e9e. Car s\u2019il y a bien une p\u00e9riode de l\u2019ann\u00e9e o\u00f9 les normes de genre s\u2019imposent encore plus que d\u2019habitude, c\u2019est \u00e9videmment No\u00ebl. Et lorsque Claire Clauster (interpr\u00e9t\u00e9e par Michelle Pfeiffer) se retrouve oubli\u00e9e par sa famille en plein milieu des festivit\u00e9s, \u00e7a donne un Maman j\u2019ai rat\u00e9 l\u2019avion bien f\u00e9ministe qui promet d\u2019\u00eatre un incontournable des soir\u00e9es film cette ann\u00e9e.<\/p>\n<p>    <a href=\"https:\/\/www.youtube.com\/user\/JournalduGeek?sub_confirmation=1\" target=\"_blank\" rel=\"nofollow noopener\"><br \/>\n        S&rsquo;abonner \u00e0 Journal du Geek<br \/>\n    <\/a> Percy Jackson et les Olympiens (saison 2) sur Disney+ \u2013 10 d\u00e9cembre <\/p>\n<p>La nouvelle adaptation des romans de Rick Riordan fait son retour sur Disney+. Deux ans apr\u00e8s une premi\u00e8re saison qui retra\u00e7ait les \u00e9v\u00e9nements du premier tome \u2013 Le Voleur de foudre \u2013 la s\u00e9rie va d\u00e9sormais s\u2019aventurer dans les pages du second tome\u00a0: La Mer des monstres. Les p\u00e9rip\u00e9ties de Percy, Annabeth et Grover ne font que commencer, de quoi faire de leur pr\u00e9c\u00e9dente qu\u00eate un v\u00e9ritable jeu d\u2019enfant. Les jeunes Demi-Dieux parviendront-ils \u00e0 sauver le Camp des Sangs-M\u00eal\u00e9s des forces du mal\u00a0? R\u00e9ponse dans les prochains \u00e9pisodes.<\/p>\n<p>  Belph\u00e9gor sur HBO Max \u2013 11 d\u00e9cembre <\/p>\n<p>Avec Belph\u00e9gor, HBO Max s\u2019attaque \u00e0 un monument du fantastique \u00e0 la fran\u00e7aise avec une mini-s\u00e9rie reboot inattendue. Hafsa, une conservatrice-restauratrice tout juste recrut\u00e9e par le Mus\u00e9e du Louvre voit son existence basculer lorsqu\u2019elle met la main sur un ancien masque li\u00e9 \u00e0 Belph\u00e9gor, divinit\u00e9 de l\u2019orage. Cette r\u00e9\u00e9criture s\u2019annonce comme un parfait m\u00e9lange entre enqu\u00eate surnaturelle et thriller \u00e9sot\u00e9rique. Pour une fois qu\u2019une s\u00e9rie fran\u00e7aise intrigue autant, il serait dommage de la louper. Belph\u00e9gor a \u00e9t\u00e9 produit en partenariat avec M6 et sera diffus\u00e9 sur la cha\u00eene gratuite ainsi que sur la plateforme de streaming M6+ l\u2019an prochain, sans plus de pr\u00e9cision concernant la date exacte.<\/p>\n<p>  Wake Up Dead Man\u00a0: Une histoire \u00c0 couteaux tir\u00e9s sur Netflix \u2013 12 d\u00e9cembre <\/p>\n<p>Wake Up Dead Man marque le retour de Benoit Blanc (Daniel Craig) sur Netflix, dans <a href=\"https:\/\/www.journaldugeek.com\/2025\/11\/17\/netflix-sort-son-3eme-blockbuster-de-lannee-voici-le-nouveau-film-a-ne-pas-manquer\/\" target=\"_blank\" rel=\"noopener\">un nouveau whodunit sign\u00e9 Rian Johnson.<\/a> Annonc\u00e9 comme un volet plus sombre et presque gothique, ce troisi\u00e8me opus poursuit l\u2019id\u00e9e de revisiter le genre des films \u00e0 \u00e9nigmes fa\u00e7on Cluedo avec une bonne dose d\u2019humour et un casting cinq \u00e9toiles pour le moins improbable. Avec Andrew Scott, Mila Kunis, Jeremy Renner, Josh Brolin ou encore Glenn Close parmi tant d\u2019autres acteurs et actrices de renom, ce nouveau puzzle cin\u00e9matographique promet d\u00e9j\u00e0 d\u2019\u00eatre culte.<\/p>\n<p>  Emily in Paris (saison 5) sur Netflix \u2013 18 d\u00e9cembre <\/p>\n<p>En transportant les spectateurs entre Rome et Paris, la moins fran\u00e7aise des s\u00e9ries fran\u00e7aises promet un sacr\u00e9 lot de rebondissements. Emily a beau \u00eatre tomb\u00e9e sous le charme d\u2019un bel Italien, sa mission principale n\u2019est pas de trouver l\u2019amour, mais bien d\u2019assurer la r\u00e9ussite du nouveau bureau de l\u2019Agence Grateau en plein c\u0153ur de la capitale italienne. Ce nouvel environnement et l\u2019\u00e9volution de la relation d\u2019Emily ne manqueront pas r\u00e9chauffer le c\u0153ur des spectateurs tandis que le froid de l\u2019hiver s\u2019installe chez nous.<\/p>\n<p>  Stranger Things 5\u00a0: Volume 2 sur Netflix \u2013 26 d\u00e9cembre <\/p>\n<p>Apr\u00e8s un premier volume de 4 \u00e9pisodes en demi-teinte, Stranger Things va devoir acc\u00e9l\u00e9rer le rythme pour esp\u00e9rer cl\u00f4turer son ultime saison comme il se doit. Cette fois-ci, les spectateurs pourront profiter de 3 chapitres in\u00e9dits. L\u2019\u00e9pisode final, d\u2019une dur\u00e9e de 2 heures et 5 minutes, fera son entr\u00e9e sur la plateforme quelques jours plus tard d\u00e8s le 1er janvier \u00e0 2h du matin en France. Allez-vous faire partie de ceux qui organisent un nouvel an Stranger Things pour finir la s\u00e9rie en beaut\u00e9\u00a0?<\/p>\n<blockquote>\n<p class=\"text-base text-neutral-700 dark:text-neutral-300\">\ud83d\udfe3 Pour ne manquer aucune news sur le Journal du Geek, abonnez-vous sur <a href=\"https:\/\/news.google.com\/publications\/CAAqBwgKMNr_hAswwYyCAw?hl=fr&amp;gl=FR&amp;ceid=FR%3Afr\" target=\"_blank\" rel=\"noopener\">Google Actualit\u00e9s<\/a> et sur <a href=\"https:\/\/whatsapp.com\/channel\/0029VaClM5y4tRry12tb7D2h\" target=\"_blank\" rel=\"noopener\">notre WhatsApp<\/a>. Et si vous nous adorez, on a <a href=\"https:\/\/www.journaldugeek.com\/newsletter\/\" target=\"_blank\" rel=\"noopener\">une newsletter tous les matins<\/a>.<\/p>\n<\/blockquote>\n","protected":false},"excerpt":{"rendered":"Qui dit mois de d\u00e9cembre, dit sorties de taille sur les plateformes de streaming. Les abonn\u00e9s s\u2019appr\u00eatent \u00e0&hellip;\n","protected":false},"author":2,"featured_media":576719,"comment_status":"","ping_status":"","sticky":false,"template":"","format":"standard","meta":{"footnotes":""},"categories":[1354],"tags":[525,14498,69097,65869,69098,58,59,1346,1011,27,1360,63442],"class_list":{"0":"post-576718","1":"post","2":"type-post","3":"status-publish","4":"format-standard","5":"has-post-thumbnail","7":"category-films","8":"tag-calendrier","9":"tag-catalogue-disney","10":"tag-catalogue-hbo-max","11":"tag-catalogue-netflix","12":"tag-catalogue-prime-video","13":"tag-divertissement","14":"tag-entertainment","15":"tag-films","16":"tag-fr","17":"tag-france","18":"tag-movies","19":"tag-streaming-video"},"share_on_mastodon":{"url":"https:\/\/pubeurope.com\/@fr\/115659284698538389","error":""},"_links":{"self":[{"href":"https:\/\/www.europesays.com\/fr\/wp-json\/wp\/v2\/posts\/576718","targetHints":{"allow":["GET"]}}],"collection":[{"href":"https:\/\/www.europesays.com\/fr\/wp-json\/wp\/v2\/posts"}],"about":[{"href":"https:\/\/www.europesays.com\/fr\/wp-json\/wp\/v2\/types\/post"}],"author":[{"embeddable":true,"href":"https:\/\/www.europesays.com\/fr\/wp-json\/wp\/v2\/users\/2"}],"replies":[{"embeddable":true,"href":"https:\/\/www.europesays.com\/fr\/wp-json\/wp\/v2\/comments?post=576718"}],"version-history":[{"count":0,"href":"https:\/\/www.europesays.com\/fr\/wp-json\/wp\/v2\/posts\/576718\/revisions"}],"wp:featuredmedia":[{"embeddable":true,"href":"https:\/\/www.europesays.com\/fr\/wp-json\/wp\/v2\/media\/576719"}],"wp:attachment":[{"href":"https:\/\/www.europesays.com\/fr\/wp-json\/wp\/v2\/media?parent=576718"}],"wp:term":[{"taxonomy":"category","embeddable":true,"href":"https:\/\/www.europesays.com\/fr\/wp-json\/wp\/v2\/categories?post=576718"},{"taxonomy":"post_tag","embeddable":true,"href":"https:\/\/www.europesays.com\/fr\/wp-json\/wp\/v2\/tags?post=576718"}],"curies":[{"name":"wp","href":"https:\/\/api.w.org\/{rel}","templated":true}]}}