{"id":576722,"date":"2025-12-04T03:57:19","date_gmt":"2025-12-04T03:57:19","guid":{"rendered":"https:\/\/www.europesays.com\/fr\/576722\/"},"modified":"2025-12-04T03:57:19","modified_gmt":"2025-12-04T03:57:19","slug":"lucas-chevalier-incertain-pour-le-match-du-psg-contre-rennes","status":"publish","type":"post","link":"https:\/\/www.europesays.com\/fr\/576722\/","title":{"rendered":"Lucas Chevalier incertain pour le match du PSG contre Rennes"},"content":{"rendered":"<p><img width=\"700\" height=\"350\" src=\"https:\/\/www.europesays.com\/fr\/wp-content\/uploads\/2025\/12\/Lucas-Chevalier-1.jpg\" class=\"attachment-jannah-image-post size-jannah-image-post wp-post-image\" alt=\"Lucas Chevalier\" is_main_img=\"1\" decoding=\"async\" fetchpriority=\"high\"  \/><br \/>\n Image : Valery<br \/>\nHACHE\/AFP<\/p>\n<p>Victime d\u2019une tr\u00e8s grosse semelle contre Monaco, Lucas<br \/>\nChevalier ne s\u2019est pas entra\u00een\u00e9 ce mercredi. Il est incertain pour<br \/>\nle match entre le PSG et Rennes samedi.<\/p>\n<p>Lors du match entre <strong>Monaco<\/strong> et le<br \/>\n<strong>PSG<\/strong> le week-end dernier, <strong>Lucas<br \/>\nChevalier<\/strong> a \u00e9t\u00e9 victime d\u2019une tr\u00e8s grosse semelle de la<br \/>\npart de <strong>Lamine Camara<\/strong>. Malgr\u00e9 la violence du choc,<br \/>\nl\u2019arbitre de la rencontre, <strong>Cl\u00e9ment Turpin<\/strong> n\u2019a pas<br \/>\nchang\u00e9 <a href=\"https:\/\/canal-supporters.com\/la-direction-de-larbitrage-confirme-lerreur-de-monsieur-turpin-lors-de-monaco-psg\/\" title=\"\" target=\"_blank\" rel=\"noopener\">sa d\u00e9cision<\/a> d\u2019adresser qu\u2019un seul carton jaune au<br \/>\nmilieu de terrain. Le gardien a pu continuer le match mais sa<br \/>\ncheville a gard\u00e9 <a href=\"https:\/\/canal-supporters.com\/asm-psg-nouvelles-rassurantes-pour-lucas-chevalier\/\" title=\"\" target=\"_blank\" rel=\"noopener\">des s\u00e9quelles<\/a> du tacle tr\u00e8s violent.<\/p>\n<p>A lire aussi : <a href=\"https:\/\/canal-supporters.com\/chevalier-je-sais-juste-que-jai-eu-beaucoup-de-chance\/\" title=\"\" target=\"_blank\" rel=\"noopener\">Chevalier : \u00ab\u00a0Je sais juste que j\u2019ai eu beaucoup de<br \/>\nchance\u00a0\u00bb<\/a><\/p>\n<p><a href=\"https:\/\/x.com\/CanalSupporters\" target=\"_blank\" rel=\"noopener\" title=\"\">canalsupporters.com<\/a><\/p>\n<p>Sa cheville n\u2019a<br \/>\npas totalement d\u00e9gonfl\u00e9e<\/p>\n<p>Ce mercredi apr\u00e8s-midi, les joueurs du <strong>PSG<\/strong><br \/>\nretrouvaient les terrains du <strong>Campus<\/strong> afin de<br \/>\npr\u00e9parer la r\u00e9ception de Rennes dans le cadre de la quinzi\u00e8me<br \/>\njourn\u00e9e de Ligue 1 samedi soir (21h05, Ligue 1+). Une<br \/>\ns\u00e9ance \u00e0 laquelle n\u2019a pas particip\u00e9 <strong>Lucas<br \/>\nChevalier<\/strong>. Selon les informations de <a href=\"https:\/\/rmcsport.bfmtv.com\/football\/clubs\/paris-saint-germain\/psg-chevalier-n-a-pas-pu-s-entrainer-avec-le-groupe-mercredi-il-est-incertain-pour-rennes_AV-202512030789.html\" target=\"_blank\" rel=\"noopener\" title=\"\">RMC Sport<\/a>, la<br \/>\ncheville du gardien n\u2019a pas compl\u00e8tement d\u00e9gonfl\u00e9. Le staff va<br \/>\nsuivre avec attention l\u2019\u00e9volution de sa cheville, poursuit<br \/>\n<a href=\"https:\/\/rmcsport.bfmtv.com\/football\/clubs\/paris-saint-germain\/psg-chevalier-n-a-pas-pu-s-entrainer-avec-le-groupe-mercredi-il-est-incertain-pour-rennes_AV-202512030789.html\" target=\"_blank\" rel=\"noopener\" title=\"\">RMC Sport<\/a>. Le<br \/>\nm\u00e9dia sportif conclut en expliquant que l\u2019international fran\u00e7ais<br \/>\nest incertain pour la rencontre contre les Rennais samedi soir.<\/p><\/p>\n","protected":false},"excerpt":{"rendered":"Image : Valery HACHE\/AFP Victime d\u2019une tr\u00e8s grosse semelle contre Monaco, Lucas Chevalier ne s\u2019est pas entra\u00een\u00e9 ce&hellip;\n","protected":false},"author":2,"featured_media":576723,"comment_status":"","ping_status":"","sticky":false,"template":"","format":"standard","meta":{"footnotes":""},"categories":[9],"tags":[69099,69100,69101,81,38756,787,1011,27,17175,66,1611,4668,626,91,92,93,55680,69102,69103,69104,69105,69106,69107,60,96],"class_list":{"0":"post-576722","1":"post","2":"type-post","3":"status-publish","4":"format-standard","5":"has-post-thumbnail","7":"category-sports","8":"tag-15e-journee","9":"tag-15e-journee-de-ligue-1","10":"tag-15e-journee-ligue-1","11":"tag-canal-supporters","12":"tag-chevalier","13":"tag-cs","14":"tag-fr","15":"tag-france","16":"tag-incertain","17":"tag-ligue-1","18":"tag-ligue-1-macdonalds","19":"tag-lucas-chevalier","20":"tag-paris","21":"tag-paris-saint-germain","22":"tag-paris-sg","23":"tag-psg","24":"tag-psg-rennes","25":"tag-psg-srfc","26":"tag-psg-stade-rennais","27":"tag-psgsrfc","28":"tag-quinzieme-journee","29":"tag-quinzieme-journee-de-ligue-1","30":"tag-quinzieme-journee-ligue-1","31":"tag-sports","32":"tag-une"},"share_on_mastodon":{"url":"https:\/\/pubeurope.com\/@fr\/115659292925867092","error":""},"_links":{"self":[{"href":"https:\/\/www.europesays.com\/fr\/wp-json\/wp\/v2\/posts\/576722","targetHints":{"allow":["GET"]}}],"collection":[{"href":"https:\/\/www.europesays.com\/fr\/wp-json\/wp\/v2\/posts"}],"about":[{"href":"https:\/\/www.europesays.com\/fr\/wp-json\/wp\/v2\/types\/post"}],"author":[{"embeddable":true,"href":"https:\/\/www.europesays.com\/fr\/wp-json\/wp\/v2\/users\/2"}],"replies":[{"embeddable":true,"href":"https:\/\/www.europesays.com\/fr\/wp-json\/wp\/v2\/comments?post=576722"}],"version-history":[{"count":0,"href":"https:\/\/www.europesays.com\/fr\/wp-json\/wp\/v2\/posts\/576722\/revisions"}],"wp:featuredmedia":[{"embeddable":true,"href":"https:\/\/www.europesays.com\/fr\/wp-json\/wp\/v2\/media\/576723"}],"wp:attachment":[{"href":"https:\/\/www.europesays.com\/fr\/wp-json\/wp\/v2\/media?parent=576722"}],"wp:term":[{"taxonomy":"category","embeddable":true,"href":"https:\/\/www.europesays.com\/fr\/wp-json\/wp\/v2\/categories?post=576722"},{"taxonomy":"post_tag","embeddable":true,"href":"https:\/\/www.europesays.com\/fr\/wp-json\/wp\/v2\/tags?post=576722"}],"curies":[{"name":"wp","href":"https:\/\/api.w.org\/{rel}","templated":true}]}}