{"id":576724,"date":"2025-12-04T03:58:13","date_gmt":"2025-12-04T03:58:13","guid":{"rendered":"https:\/\/www.europesays.com\/fr\/576724\/"},"modified":"2025-12-04T03:58:13","modified_gmt":"2025-12-04T03:58:13","slug":"emilien-contre-cyprien-ca-arrive-enfin-et","status":"publish","type":"post","link":"https:\/\/www.europesays.com\/fr\/576724\/","title":{"rendered":"\u00c9milien contre Cyprien, \u00e7a arrive enfin et &#8230;"},"content":{"rendered":"<p>EN BREF<\/p>\n<ul class=\"bloc_resume_post_list\">\n<li>Emilien, ancien champion des \u00ab\u00a012 coups de midi&rsquo;, revient<br \/>\npour un face-\u00e0-face in\u00e9dit avec Cyprien, l&rsquo;actuel champion, le 24<br \/>\nd\u00e9cembre 2025.<\/li>\n<li>Les deux champions participent \u00e0 une \u00e9mission sp\u00e9ciale au<br \/>\nprofit des Restos du c\u0153ur, avec des c\u00e9l\u00e9brit\u00e9s comme Mimie Mathy et<br \/>\nKendji Girac.<\/li>\n<li>Emilien, qui a marqu\u00e9 l&rsquo;histoire du jeu, s&rsquo;est tourn\u00e9<br \/>\nvers le streaming, captivant toujours par sa culture g\u00e9n\u00e9rale<br \/>\nimpressionnante.<\/li>\n<\/ul>\n<p>Emilien, plus grand champion des 12 coups de midi, va<br \/>\nse retrouver pour la premi\u00e8re fois face \u00e0 Cyprien, l\u2019actuel<br \/>\nchampion. Une rencontre entre deux candidats embl\u00e9matiques du jeu<br \/>\nde Jean-Luc Reichmann que les t\u00e9l\u00e9spectateurs attendent depuis<br \/>\nlongtemps !<\/p>\n<p>Les deux champions participeront \u00e0 une \u00e9mission sp\u00e9ciale<br \/>\norganis\u00e9e au profit d\u2019une association caritative.<\/p>\n<p>Emilien fait un retour \u00e9v\u00e9nement dans Les 12 Coups de<br \/>\nmidi<\/p>\n<p>Depuis son \u00e9limination surprise, les t\u00e9l\u00e9spectateurs ne s\u2019en<br \/>\nsont toujours pas remis. Beaucoup le pensaient ind\u00e9tr\u00f4nable, tant<br \/>\nson r\u00e8gne avait marqu\u00e9 l\u2019histoire du programme. Apr\u00e8s pr\u00e8s de deux<br \/>\nans sur le plateau et une cagnotte stratosph\u00e9rique de <strong>2 566<br \/>\n931 euros<\/strong>, le jeune Vend\u00e9en avait finalement \u00e9t\u00e9 \u00e9vinc\u00e9 le<br \/>\n6 juillet 2025. <a href=\"https:\/\/www.telestar.fr\/actu_tv\/les-12-coups-de-midi-grosse-boulette-de-zette-emilien-a-les-oreilles-qui-sifflent-1747468\" target=\"_blank\" rel=\"noopener\"><br \/>\n\u00c9milien<\/a> \u00e9tait devenu le plus grand champion de l\u2019histoire des<br \/>\njeux t\u00e9l\u00e9 fran\u00e7ais.<\/p>\n<p>Port\u00e9 par sa notori\u00e9t\u00e9 fulgurante, le jeune homme a d\u2019ailleurs<br \/>\nd\u00e9cid\u00e9 de mettre entre parenth\u00e8ses ses \u00e9tudes d&rsquo;Histoire pour se<br \/>\nconsacrer \u00e0 une nouvelle passion : le streaming. Sur sa cha\u00eene<br \/>\n<strong>Twitch<\/strong>, il partage notamment des quiz en direct.<br \/>\nMais, Emilien commente aussi certains num\u00e9ros d\u2019\u00e9missions<br \/>\nt\u00e9l\u00e9vis\u00e9es, comme Tout le monde veut prendre sa place.<br \/>\nM\u00eame en dehors du programme de TF1, il continue d\u2019\u00e9pater son public<br \/>\navec sa culture g\u00e9n\u00e9rale impressionnante.<\/p>\n<blockquote class=\"twitter-tweet\"><p><a class=\"twitter-link\" rel=\"noindex, nofollow noopener\" href=\"https:\/\/twitter.com\/TF1Pro\/status\/1996172152572145948\" target=\"_blank\"><\/p><\/blockquote>\n<p>12 coups de midi\u00a0: Emilien face \u00e0<br \/>\nCyprien pour No\u00ebl<\/p>\n<p>Emilien a d\u00e9cid\u00e9 de r\u00e9pondre toujours pr\u00e9sent aux invitations de<br \/>\nTF1 et de <a href=\"https:\/\/www.telestar.fr\/actu_tv\/cyprien-elimine-des-12-coups-de-midi-jean-luc-reichmann-lache-malgre-lui-un-indice-de-taille-1747451\" target=\"_blank\" rel=\"noopener\"><br \/>\nJean-Luc Reichmann<\/a>. Apr\u00e8s Le Combat des ma\u00eetres ou<br \/>\nencore la soir\u00e9e anniversaire du programme, il participera<br \/>\nd\u00e9sormais aux <strong>12 Coups de No\u00ebl<\/strong>, num\u00e9ro<br \/>\ndiffus\u00e9 le <strong>24 d\u00e9cembre prochain<\/strong>. Un prime<br \/>\nexceptionnel organis\u00e9 au profit des <strong>Restos du<br \/>\nc\u0153ur<\/strong>, avec pour objectif de permettre aux candidats de<br \/>\nremporter jusqu\u2019\u00e0 <strong>100 000 repas<\/strong> pour<br \/>\nl\u2019association.<\/p>\n<p>Pour cette soir\u00e9e exceptionnelle, Emilien affrontera plusieurs<br \/>\nautres ma\u00eetres embl\u00e9matiques. Tous formeront des bin\u00f4mes avec des<br \/>\nc\u00e9l\u00e9brit\u00e9s comme Marine, Mimie Mathy, Kendji Girac ou Adil Rami.<br \/>\nParmi les champions pr\u00e9sents, les t\u00e9l\u00e9spectateurs retrouveront<br \/>\nBruno Hourcade, \u00c9ric Le Breton, et bien s\u00fbr <a href=\"https:\/\/www.telestar.fr\/actu_tv\/les-12-coups-de-midi-cette-question-qui-a-fait-trebucher-cyprien-ce-3-decembre-1747455\" target=\"_blank\" rel=\"noopener\"><br \/>\nCyprien<\/a>, toujours en lice dans l\u2019\u00e9mission.<\/p>\n<p><script async src=\"https:\/\/platform.twitter.com\/widgets.js\" charset=\"utf-8\"><\/script><\/p>\n","protected":false},"excerpt":{"rendered":"EN BREF Emilien, ancien champion des \u00ab\u00a012 coups de midi&rsquo;, revient pour un face-\u00e0-face in\u00e9dit avec Cyprien, l&rsquo;actuel&hellip;\n","protected":false},"author":2,"featured_media":576725,"comment_status":"","ping_status":"","sticky":false,"template":"","format":"standard","meta":{"footnotes":""},"categories":[8],"tags":[548,58,8555,59,1011,27,466],"class_list":{"0":"post-576724","1":"post","2":"type-post","3":"status-publish","4":"format-standard","5":"has-post-thumbnail","7":"category-divertissement","8":"tag-article-simple","9":"tag-divertissement","10":"tag-emilien","11":"tag-entertainment","12":"tag-fr","13":"tag-france","14":"tag-les-12-coups-de-midi"},"share_on_mastodon":{"url":"https:\/\/pubeurope.com\/@fr\/115659296216439380","error":""},"_links":{"self":[{"href":"https:\/\/www.europesays.com\/fr\/wp-json\/wp\/v2\/posts\/576724","targetHints":{"allow":["GET"]}}],"collection":[{"href":"https:\/\/www.europesays.com\/fr\/wp-json\/wp\/v2\/posts"}],"about":[{"href":"https:\/\/www.europesays.com\/fr\/wp-json\/wp\/v2\/types\/post"}],"author":[{"embeddable":true,"href":"https:\/\/www.europesays.com\/fr\/wp-json\/wp\/v2\/users\/2"}],"replies":[{"embeddable":true,"href":"https:\/\/www.europesays.com\/fr\/wp-json\/wp\/v2\/comments?post=576724"}],"version-history":[{"count":0,"href":"https:\/\/www.europesays.com\/fr\/wp-json\/wp\/v2\/posts\/576724\/revisions"}],"wp:featuredmedia":[{"embeddable":true,"href":"https:\/\/www.europesays.com\/fr\/wp-json\/wp\/v2\/media\/576725"}],"wp:attachment":[{"href":"https:\/\/www.europesays.com\/fr\/wp-json\/wp\/v2\/media?parent=576724"}],"wp:term":[{"taxonomy":"category","embeddable":true,"href":"https:\/\/www.europesays.com\/fr\/wp-json\/wp\/v2\/categories?post=576724"},{"taxonomy":"post_tag","embeddable":true,"href":"https:\/\/www.europesays.com\/fr\/wp-json\/wp\/v2\/tags?post=576724"}],"curies":[{"name":"wp","href":"https:\/\/api.w.org\/{rel}","templated":true}]}}