{"id":576728,"date":"2025-12-04T04:00:17","date_gmt":"2025-12-04T04:00:17","guid":{"rendered":"https:\/\/www.europesays.com\/fr\/576728\/"},"modified":"2025-12-04T04:00:17","modified_gmt":"2025-12-04T04:00:17","slug":"le-gouvernement-lance-une-mission-pour-evaluer-le-cout-des-energies-renouvelables-pour-les-finances-publiques","status":"publish","type":"post","link":"https:\/\/www.europesays.com\/fr\/576728\/","title":{"rendered":"Le gouvernement lance une mission pour \u00e9valuer le co\u00fbt des \u00e9nergies renouvelables pour les finances publiques"},"content":{"rendered":"<p class=\"c-chapo \">\n  \u00ab\u00a0La mission aura pour objectif de proposer un mod\u00e8le de soutien plus efficace, plus soutenable et mieux partag\u00e9 entre acteurs publics et priv\u00e9s\u00a0\u00bb, explique Matignon.\n<\/p>\n<p>      lire plus tard<\/p>\n<p id=\"dialog__title\" class=\"dialog__title\">Pour sauvegarder cet article, connectez-vous ou cr\u00e9ez un compte franceinfo<\/p>\n<p class=\"dialog__description\">Sans paiement. Sans abonnement.<\/p>\n<p>        Fermer la fen\u00eatre d\u2019activation des notifications France Info<\/p>\n<p>      cr\u00e9er votre compte<\/p>\n<p>      se connecter<\/p>\n<p>        Fermer la fen\u00eatre de pr\u00e9sentation<\/p>\n<p>    <img loading=\"lazy\" decoding=\"async\" class=\"signature__image lazyload\" width=\"100\" height=\"100\" data- alt=\"\" src=\"https:\/\/www.europesays.com\/fr\/wp-content\/uploads\/2025\/05\/64a68815cd1a7_placeholder-36b69ec8.png\"\/><\/p>\n<p>    Publi\u00e9 le 03\/12\/2025 20:52<\/p>\n<p>        Temps de lecture : 1min<\/p>\n<p>    <img decoding=\"async\"  alt=\"Des \u00e9oliennes \u00e0 Beauvilliers (Eure-et-Loir), le 25 octobre 2025. (FREDERIC MOREAU \/ HANS LUCAS \/ AFP)\" width=\"432\" height=\"243\" src=\"https:\/\/www.europesays.com\/fr\/wp-content\/uploads\/2025\/12\/080-hl-fmoreau-2971709-6930947a42864115402293.jpg\" fetchpriority=\"high\"\/><\/p>\n<p>      Des \u00e9oliennes \u00e0 Beauvilliers (Eure-et-Loir), le 25 octobre 2025. (FREDERIC MOREAU \/ HANS LUCAS \/ AFP)<\/p>\n<p>Le Premier ministre a annonc\u00e9, mercredi 3 d\u00e9cembre, une \u00ab\u00a0mission\u00a0\u00bb pour \u00e9valuer <a href=\"https:\/\/www.franceinfo.fr\/environnement\/energie\/energies-renouvelables\/energies-renouvelables-pourquoi-la-france-a-t-elle-pris-tant-de-retard-par-rapport-a-ses-voisins-europeens_7595348.html\" target=\"_blank\" rel=\"noopener\">le co\u00fbt des \u00e9nergies renouvelables<\/a> pour les finances publiques. Consacr\u00e9e \u00e0 \u00ab\u00a0l&rsquo;optimisation des soutiens publics aux \u00e9nergies renouvelables \u00e9lectriques et au stockage d&rsquo;\u00e9lectricit\u00e9\u00a0\u00bb, elle a \u00e9t\u00e9 confi\u00e9e \u00e0 Jean-Bernard L\u00e9vy, ancien PDG d&rsquo;EDF, le g\u00e9ant tricolore du nucl\u00e9aire, et au haut fonctionnaire Thierry Tuot, conseiller d&rsquo;Etat. Leurs conclusions sont attendues sous trois mois.<\/p>\n<p>\u00ab\u00a0Dans un contexte budg\u00e9taire exigeant et face \u00e0 la maturit\u00e9 croissante des fili\u00e8res, la mission aura pour objectif de proposer un mod\u00e8le de soutien plus efficace, plus soutenable et mieux partag\u00e9 entre acteurs publics et priv\u00e9s\u00a0\u00bb, explique Matignon.<\/p>\n<p>En octobre, S\u00e9bastien Lecornu avait donn\u00e9 le ton, en soulignant vouloir r\u00e9examiner \u00ab\u00a0la mani\u00e8re dont l&rsquo;argent public est employ\u00e9\u00a0\u00bb pour financer les renouvelables. Ces derniers mois, le co\u00fbt du soutien public \u00e0 l&rsquo;essor de ces \u00e9nergies s&rsquo;est invit\u00e9 dans des d\u00e9bats houleux entre parlementaires pro-renouvelable et pro-nucl\u00e9aire. A l&rsquo;occasion de l&rsquo;examen d&rsquo;une proposition de loi, <a href=\"https:\/\/www.franceinfo.fr\/environnement\/energie\/energies-renouvelables\/un-moratoire-sur-l-eolien-et-le-photovoltaique-adopte-a-l-assemblee-avec-les-voix-de-l-extreme-droite-et-de-la-droite_7326003.html\" target=\"_blank\" rel=\"noopener\">un moratoire sur l&rsquo;installation de nouvelles capacit\u00e9s d&rsquo;\u00e9nergies \u00e9oliennes et solaires<\/a> avait m\u00eame \u00e9t\u00e9 vot\u00e9 \u00e0 l&rsquo;Assembl\u00e9e nationale, \u00e0 l&rsquo;initiative d&rsquo;un d\u00e9put\u00e9 Les R\u00e9publicains, soutenu par le Rassemblement national, avant d&rsquo;\u00eatre \u00e9cart\u00e9.<\/p>\n<p class=\"related-tags__title\" role=\"heading\" aria-level=\"2\">les mots-cl\u00e9s associ\u00e9s \u00e0 cet article\n    <\/p>\n","protected":false},"excerpt":{"rendered":"\u00ab\u00a0La mission aura pour objectif de proposer un mod\u00e8le de soutien plus efficace, plus soutenable et mieux partag\u00e9&hellip;\n","protected":false},"author":2,"featured_media":576729,"comment_status":"","ping_status":"","sticky":false,"template":"","format":"standard","meta":{"footnotes":""},"categories":[6],"tags":[35,33,34,1011,27],"class_list":{"0":"post-576728","1":"post","2":"type-post","3":"status-publish","4":"format-standard","5":"has-post-thumbnail","7":"category-economie","8":"tag-business","9":"tag-economie","10":"tag-economy","11":"tag-fr","12":"tag-france"},"share_on_mastodon":{"url":"https:\/\/pubeurope.com\/@fr\/115659304882994888","error":""},"_links":{"self":[{"href":"https:\/\/www.europesays.com\/fr\/wp-json\/wp\/v2\/posts\/576728","targetHints":{"allow":["GET"]}}],"collection":[{"href":"https:\/\/www.europesays.com\/fr\/wp-json\/wp\/v2\/posts"}],"about":[{"href":"https:\/\/www.europesays.com\/fr\/wp-json\/wp\/v2\/types\/post"}],"author":[{"embeddable":true,"href":"https:\/\/www.europesays.com\/fr\/wp-json\/wp\/v2\/users\/2"}],"replies":[{"embeddable":true,"href":"https:\/\/www.europesays.com\/fr\/wp-json\/wp\/v2\/comments?post=576728"}],"version-history":[{"count":0,"href":"https:\/\/www.europesays.com\/fr\/wp-json\/wp\/v2\/posts\/576728\/revisions"}],"wp:featuredmedia":[{"embeddable":true,"href":"https:\/\/www.europesays.com\/fr\/wp-json\/wp\/v2\/media\/576729"}],"wp:attachment":[{"href":"https:\/\/www.europesays.com\/fr\/wp-json\/wp\/v2\/media?parent=576728"}],"wp:term":[{"taxonomy":"category","embeddable":true,"href":"https:\/\/www.europesays.com\/fr\/wp-json\/wp\/v2\/categories?post=576728"},{"taxonomy":"post_tag","embeddable":true,"href":"https:\/\/www.europesays.com\/fr\/wp-json\/wp\/v2\/tags?post=576728"}],"curies":[{"name":"wp","href":"https:\/\/api.w.org\/{rel}","templated":true}]}}