{"id":576732,"date":"2025-12-04T04:02:13","date_gmt":"2025-12-04T04:02:13","guid":{"rendered":"https:\/\/www.europesays.com\/fr\/576732\/"},"modified":"2025-12-04T04:02:13","modified_gmt":"2025-12-04T04:02:13","slug":"condamnation-de-christophe-gleizes-en-algerie-des-signaux-laissent-penser-que-cest-loin-detre-termine-liberation","status":"publish","type":"post","link":"https:\/\/www.europesays.com\/fr\/576732\/","title":{"rendered":"Condamnation de Christophe Gleizes en Alg\u00e9rie : \u00abDes signaux laissent penser que c\u2019est loin d\u2019\u00eatre termin\u00e9 &#8211; Lib\u00e9ration"},"content":{"rendered":"<ol>\n<li><a href=\"https:\/\/news.google.com\/rss\/articles\/CBMilAJBVV95cUxQTG1UaDljN2FaY1VueHJLbXJ1U1o1MlNFb2pkMFBNLWY4Z3NXUjN2UUltdmZXb3R6WTZubnBfSlZyNFN5TDRzTEhZU2ZiSGZTV2Y0bDlyeEJzNDZxdC1Na2ZxSnBZZlppZkdJZjhoc1JHU0pJNkphZTR5YS1mbGc2aGt5QmMzWnlIdjVZRWtiQWtSQ2lWWGhCUVZaQVNKaTFSei02aWRvS0hCTFBkdmFIdHg1bldybFpOTF9KbzhCMDdPSlpCbkZZdE42X3NXOVkxT21NT3lXMVAxMTVNQWhUWkJZdkFuZEt2U2Q5UmRtUnpadm9ldXNvVzBoN2d4TnlUa1hEeXp4bVBmbldoSDdaZkZ1T1I?oc=5\" target=\"_blank\" rel=\"noopener\">Condamnation de Christophe Gleizes en Alg\u00e9rie : \u00abDes signaux laissent penser que c\u2019est loin d\u2019\u00eatre termin\u00e9<\/a>&nbsp;&nbsp;Lib\u00e9ration<\/li>\n<li><a href=\"https:\/\/news.google.com\/rss\/articles\/CBMihwJBVV95cUxQM1BNRG82Rm5VbWFwNlZGTVVGMHZXTGJYTUlvcTVXakdEWnotRllzNDBBNDBiVE5vNEhSRE1vQ0xRcjhGb3ZsTlJvUXdQNGRIUktOc2JCSjdQNEpCMU5WV21sVlhwVWt2Q3FvbTJyR1RFaW9WOWYyMUJOMGNEM3ctZUdaVkU4N05scDdabndzcW5xSFdNMjRfOWlaOUN4T3B4a2pjU3hLWkxYN3ljQVJnaURvWDAtR3RNUkFkVmJ3WWJGNmJsRlNKbXFJZEVYSjUwaEtDUGRtakpoSnBvN0VYaXppMS1JQWp3WGVXM0I5LXota0M4LV8zUHNsdklTMGFpbzZUV21PTQ?oc=5\" target=\"_blank\" rel=\"noopener\">En Alg\u00e9rie, le journaliste fran\u00e7ais Christophe Gleizes voit sa peine de sept ans de prison confirm\u00e9e en appel<\/a>&nbsp;&nbsp;Le Monde.fr<\/li>\n<li><a href=\"https:\/\/news.google.com\/rss\/articles\/CBMizgFBVV95cUxQVTNHUmxndjRScmpiakxsV3l6RVNBeGpxaU1RQmJGeEhNODRSdVpOZXcxT1FlUUsyRGFkekVZX19sVU9oSDdueDZfbUo5THZkejByOThvVFRvZVRwcTNpWUNQbVNlVEw5TmhfVmZBVHFqTGE3ZUtXVzhROWNRY3l1dGM2YVdINl9VUnAxLURnS3lUOXRUYTNuTWNZQm5CdFpIWDlrdzg3T1lwMDhYWjAxX2YzQlNnaTJUUUhkS01WNFpuSzZNNWZRMHN4VnZ2QQ?oc=5\" target=\"_blank\" rel=\"noopener\">Les r\u00e9actions fusent apr\u00e8s la condamnation de Christophe Gleizes en Alg\u00e9rie<\/a>&nbsp;&nbsp;20 Minutes<\/li>\n<li><a href=\"https:\/\/news.google.com\/rss\/articles\/CBMiwwFBVV95cUxOeXlDOWFxSU9VbGdHYk9xZzhiMkNUYXdRWnhQZWZ2OURKOFduUkZuQnR1MWI1QVNmc3lJaFNTTVJhTy1BaklOSzZvcVJYSVRlenlaODZUUHpjU0FwUEpvZWltc0E5dUloX0VCV0xNSlh1YjRTZ3Y1aGhnLWkzaGtabWgzTEhPRWplN1QyMmFhTDdFeE1ucDNIVjZFSDU2eFFteWpQZFRmOWZHam1JcGRvdkdHRGotYkJnNTZ2eFlxTlNwSGM?oc=5\" target=\"_blank\" rel=\"noopener\">Christophe Gleizes : le journaliste condamn\u00e9 \u00e0 7 ans de prison en appel<\/a>&nbsp;&nbsp;L&rsquo;Humanit\u00e9<\/li>\n<li><a href=\"https:\/\/news.google.com\/rss\/articles\/CBMilgJBVV95cUxNOUZheW9SbTF5VnJSTi1qZ1l4RXVxck1Kblpxc0t0SVc3T3JwcHJ2RmdZdm5YYWh6cHQ1czdmSWNPOWM3MUM5cy1uTEpwaTVvZ2dnSXptUlJkT2FleE8tV1k1elgtZ0lZV0RjQ3ZHQnFzX1U1QUlIZWZjSm1zaDZqLWpKdHNnOUt1bUtVa3M1bWlnVTMzU2ZyQlJJU3kzcUNMZXdxdlhlaDdLNXVpZE1OYWNnYWhYaFZrTHlxc0kwMlhCakM2M0pJbXhmNTBYY0RkMkhCalp6N0VuSEY4QUpGSlBqMHVOSXJyS1hZVTZid1dPd1N5MDZzc3pxaURuUWxuUTNLaXhHeHJMZkZaR2hiTVlNWVdqUQ?oc=5\" target=\"_blank\" rel=\"noopener\">Maxime Gleizes, fr\u00e8re de Christophe, journaliste fran\u00e7ais condamn\u00e9 \u00e0 7 ans de prison : \u00abJ&rsquo;ai envie de croire en cette gr\u00e2ce pr\u00e9sidentielle\u00bb<\/a>&nbsp;&nbsp;L&rsquo;\u00c9quipe<\/li>\n<\/ol>\n","protected":false},"excerpt":{"rendered":"Condamnation de Christophe Gleizes en Alg\u00e9rie : \u00abDes signaux laissent penser que c\u2019est loin d\u2019\u00eatre termin\u00e9&nbsp;&nbsp;Lib\u00e9ration En Alg\u00e9rie,&hellip;\n","protected":false},"author":2,"featured_media":576733,"comment_status":"","ping_status":"","sticky":false,"template":"","format":"standard","meta":{"footnotes":""},"categories":[4],"tags":[11,15,1011,27,10402,12,25],"class_list":{"0":"post-576732","1":"post","2":"type-post","3":"status-publish","4":"format-standard","5":"has-post-thumbnail","7":"category-france","8":"tag-actualites","9":"tag-algerie","10":"tag-fr","11":"tag-france","12":"tag-liberte-de-la-presse","13":"tag-news","14":"tag-republique-francaise"},"share_on_mastodon":{"url":"https:\/\/pubeurope.com\/@fr\/115659311955237735","error":""},"_links":{"self":[{"href":"https:\/\/www.europesays.com\/fr\/wp-json\/wp\/v2\/posts\/576732","targetHints":{"allow":["GET"]}}],"collection":[{"href":"https:\/\/www.europesays.com\/fr\/wp-json\/wp\/v2\/posts"}],"about":[{"href":"https:\/\/www.europesays.com\/fr\/wp-json\/wp\/v2\/types\/post"}],"author":[{"embeddable":true,"href":"https:\/\/www.europesays.com\/fr\/wp-json\/wp\/v2\/users\/2"}],"replies":[{"embeddable":true,"href":"https:\/\/www.europesays.com\/fr\/wp-json\/wp\/v2\/comments?post=576732"}],"version-history":[{"count":0,"href":"https:\/\/www.europesays.com\/fr\/wp-json\/wp\/v2\/posts\/576732\/revisions"}],"wp:featuredmedia":[{"embeddable":true,"href":"https:\/\/www.europesays.com\/fr\/wp-json\/wp\/v2\/media\/576733"}],"wp:attachment":[{"href":"https:\/\/www.europesays.com\/fr\/wp-json\/wp\/v2\/media?parent=576732"}],"wp:term":[{"taxonomy":"category","embeddable":true,"href":"https:\/\/www.europesays.com\/fr\/wp-json\/wp\/v2\/categories?post=576732"},{"taxonomy":"post_tag","embeddable":true,"href":"https:\/\/www.europesays.com\/fr\/wp-json\/wp\/v2\/tags?post=576732"}],"curies":[{"name":"wp","href":"https:\/\/api.w.org\/{rel}","templated":true}]}}