{"id":576744,"date":"2025-12-04T04:10:23","date_gmt":"2025-12-04T04:10:23","guid":{"rendered":"https:\/\/www.europesays.com\/fr\/576744\/"},"modified":"2025-12-04T04:10:23","modified_gmt":"2025-12-04T04:10:23","slug":"toulon-samedi-en-fete-6","status":"publish","type":"post","link":"https:\/\/www.europesays.com\/fr\/576744\/","title":{"rendered":"Toulon : Samedi en f\u00eate"},"content":{"rendered":"<p>&#13;<br \/>\n        &#13;<br \/>\n&#13;<br \/>\n        &#13;<br \/>\n&#13;<\/p>\n<p>        <a href=\"https:\/\/www.tv83.info\/wp-content\/uploads\/2025\/12\/0.1.png\" data-caption=\"\" target=\"_blank\" rel=\"noopener\"><img loading=\"lazy\" decoding=\"async\" width=\"696\" height=\"696\" class=\"entry-thumb td-modal-image\" src=\"https:\/\/www.europesays.com\/fr\/wp-content\/uploads\/2025\/12\/0.1-696x696.png\"   alt=\"\" title=\"0.1\"\/><\/a><\/p>\n<p><strong><a href=\"https:\/\/www.tv83.info\/wp-content\/uploads\/2025\/12\/0.2.png\" target=\"_blank\" rel=\"noopener\"><img fetchpriority=\"high\" decoding=\"async\" class=\"size-medium wp-image-97255 alignright\" src=\"https:\/\/www.europesays.com\/fr\/wp-content\/uploads\/2025\/12\/0.2-300x300.png\" alt=\"\" width=\"300\" height=\"300\"  \/><\/a>Samedi 6 d\u00e9cembre<\/strong> \u2013 Toulon centre-ville<br \/>Un objectif : (re)d\u00e9couvrir le centre-ville et ses commer\u00e7ants !<br \/>La ville de Toulon vous donne rendez-vous tous les premiers samedis du mois en 2025 (sauf ao\u00fbt) en plein c\u0153ur du centre historique pour les \u00ab Samedis en f\u00eate \u00bb ! Le centre-ville de Toulon organise des festivit\u00e9s pour (re)d\u00e9couvrir les rues commer\u00e7antes, ses nouvelles boutiques, et un c\u0153ur de ville amusant, surprenant et passionnant.<\/p>\n<p>\u2013<br \/>Samedi 6 d\u00e9cembre<br \/>10h30-12h30 \u2013 Parade musicale<br \/>14h-17h \u2013 Distribution de cadeaux de No\u00ebl pour petits et grands offerts par la Ville de Toulon, dans les rues pi\u00e9tonnes du centre historique<br \/>15h-17h \u2013 Parade artistique<br \/>Organis\u00e9 par la Ville de Toulon et VAD (Var Am\u00e9nagement D\u00e9veloppement)<\/p>\n<p>\u2018<br \/>9h30-12h \u2013 Troc de livres organis\u00e9 par le Caf\u00e9 Culture sur le cours Lendrin<\/p>\n<p>20h30 \u2013 Place Saint-Vincent \u2013 Concert organis\u00e9 par La Sc\u00e9l\u00e9rate et la Distillerie Jeanne<\/p>\n<p>Profitez du centre-ville en b\u00e9n\u00e9ficiant de la gratuit\u00e9 des parkings :<br \/>Les mercredis : 1 offerte de 7h \u00e0 12h \u00e0 Peiresc et Lafayette<br \/>Les samedis : 2h offertes de 8h \u00e0 20h \u00e0 Place d\u2019Armes, Facult\u00e9 et Libert\u00e9<br \/>Les dimanches : Stationnement gratuit de 7h \u00e0 13h \u00e0 Porte d\u2019Italie<br \/>Heures de stationnement offertes par la Ville de Toulon<\/p>\n<p><a href=\"https:\/\/www.restosducoeur.org\/associations-departementales\/les-restos-du-coeur-du-var\/\" target=\"_blank\" rel=\"noopener\"><img decoding=\"async\" style=\"height:70px;width:140px\" src=\"https:\/\/www.europesays.com\/fr\/wp-content\/uploads\/2025\/04\/restos-du-coeur.jpg\"\/><\/a>        &#13;<br \/>\n&#13;<br \/>\n&#13;<br \/>\n        &#13;<br \/>\n                        &#13;<br \/>\n            &#13;<br \/>\n&#13;<br \/>\n                        Previous article<a href=\"https:\/\/www.tv83.info\/la-sainte-barbe-quand-lou-blad-ven-ben-tout-ven-ben-9\/\" target=\"_blank\" rel=\"noopener\">La Sainte Barbe : Quand lou blad v\u00e8n b\u00e8n, tout v\u00e8n b\u00e8n<\/a>            \t                &#13;<br \/>\n&#13;<\/p>\n","protected":false},"excerpt":{"rendered":"&#13; &#13; &#13; &#13; &#13; Samedi 6 d\u00e9cembre \u2013 Toulon centre-villeUn objectif : (re)d\u00e9couvrir le centre-ville et ses&hellip;\n","protected":false},"author":2,"featured_media":576745,"comment_status":"","ping_status":"","sticky":false,"template":"","format":"standard","meta":{"footnotes":""},"categories":[9619],"tags":[1111,11,1777,674,1011,27,12,882,25,2310],"class_list":{"0":"post-576744","1":"post","2":"type-post","3":"status-publish","4":"format-standard","5":"has-post-thumbnail","7":"category-toulon","8":"tag-actu","9":"tag-actualites","10":"tag-eu","11":"tag-europe","12":"tag-fr","13":"tag-france","14":"tag-news","15":"tag-provence-alpes-cote-dazur","16":"tag-republique-francaise","17":"tag-toulon"},"share_on_mastodon":{"url":"https:\/\/pubeurope.com\/@fr\/115659344786244936","error":""},"_links":{"self":[{"href":"https:\/\/www.europesays.com\/fr\/wp-json\/wp\/v2\/posts\/576744","targetHints":{"allow":["GET"]}}],"collection":[{"href":"https:\/\/www.europesays.com\/fr\/wp-json\/wp\/v2\/posts"}],"about":[{"href":"https:\/\/www.europesays.com\/fr\/wp-json\/wp\/v2\/types\/post"}],"author":[{"embeddable":true,"href":"https:\/\/www.europesays.com\/fr\/wp-json\/wp\/v2\/users\/2"}],"replies":[{"embeddable":true,"href":"https:\/\/www.europesays.com\/fr\/wp-json\/wp\/v2\/comments?post=576744"}],"version-history":[{"count":0,"href":"https:\/\/www.europesays.com\/fr\/wp-json\/wp\/v2\/posts\/576744\/revisions"}],"wp:featuredmedia":[{"embeddable":true,"href":"https:\/\/www.europesays.com\/fr\/wp-json\/wp\/v2\/media\/576745"}],"wp:attachment":[{"href":"https:\/\/www.europesays.com\/fr\/wp-json\/wp\/v2\/media?parent=576744"}],"wp:term":[{"taxonomy":"category","embeddable":true,"href":"https:\/\/www.europesays.com\/fr\/wp-json\/wp\/v2\/categories?post=576744"},{"taxonomy":"post_tag","embeddable":true,"href":"https:\/\/www.europesays.com\/fr\/wp-json\/wp\/v2\/tags?post=576744"}],"curies":[{"name":"wp","href":"https:\/\/api.w.org\/{rel}","templated":true}]}}