{"id":576746,"date":"2025-12-04T04:11:29","date_gmt":"2025-12-04T04:11:29","guid":{"rendered":"https:\/\/www.europesays.com\/fr\/576746\/"},"modified":"2025-12-04T04:11:29","modified_gmt":"2025-12-04T04:11:29","slug":"alerte-dans-lherault-les-restos-du-coeur-cherchent-durgence-des-benevoles-laide-alimentaire-menacee","status":"publish","type":"post","link":"https:\/\/www.europesays.com\/fr\/576746\/","title":{"rendered":"Alerte dans l\u2019H\u00e9rault\u00a0: les Restos du c\u0153ur cherchent d\u2019urgence des b\u00e9n\u00e9voles, l\u2019aide alimentaire menac\u00e9e"},"content":{"rendered":"<p>\n                                                                Les Restos du c\u0153ur de l\u2019H\u00e9rault lancent un appel urgent pour trouver un chauffeur poids lourd et des caristes b\u00e9n\u00e9voles disponibles d\u00e8s jeudi 4\u00a0d\u00e9cembre, de 6\u00a0h \u00e0 midi, afin d\u2019assurer l\u2019approvisionnement alimentaire depuis Vendargues. Sans renfort imm\u00e9diat, l\u2019association ne pourra plus livrer ses centres du d\u00e9partement.\n                            <\/p>\n<p>Suite \u00e0 la d\u00e9fection totalement involontaire de deux de leurs b\u00e9n\u00e9voles, les Restos du c\u0153ur de l\u2019H\u00e9rault se trouvent aujourd\u2019hui dans une situation d\u2019urgence. S\u2019ils ne trouvent\u00a0pas imm\u00e9diatement un chauffeur poids lourd b\u00e9n\u00e9vole, ils ne seraient plus en mesure, d\u00e8s demain, d\u2019assurer l\u2019approvisionnement de leurs centres de distribution alimentaire dans tout le d\u00e9partement. Ils recherchent ainsi une personne disponible d\u00e8s demain, jeudi 4\u00a0d\u00e9cembre, pour assurer une mission \u00e0 mi-temps, le matin de 6\u00a0heures \u00e0 midi, avec un d\u00e9part depuis Vendargues pour livrer nos diff\u00e9rents centres.<\/p>\n<p>Contact au\u00a006\u00a071\u00a005\u00a062\u00a063<\/p>\n<p>Ils ont\u00a0\u00e9galement un besoin tout aussi urgent de caristes b\u00e9n\u00e9voles \u00e0 mi-temps, eux aussi disponibles le matin de 6\u00a0heures \u00e0 midi, pour intervenir sur notre si\u00e8ge de Vendargues. Les candidats doivent \u00eatre titulaires du CACES 3. Toute aide leur permettra de poursuivre leur mission aupr\u00e8s des plus d\u00e9munis.<\/p>\n<p>Toute personne int\u00e9ress\u00e9e est invit\u00e9e \u00e0 contacter rapidement Leslie au 06\u00a071\u00a005\u00a062\u00a063.<\/p>\n","protected":false},"excerpt":{"rendered":"Les Restos du c\u0153ur de l\u2019H\u00e9rault lancent un appel urgent pour trouver un chauffeur poids lourd et des&hellip;\n","protected":false},"author":2,"featured_media":576747,"comment_status":"","ping_status":"","sticky":false,"template":"","format":"standard","meta":{"footnotes":""},"categories":[9599],"tags":[1111,11,1777,674,1011,27,7089,2208,12,2680,25,1857,1932],"class_list":{"0":"post-576746","1":"post","2":"type-post","3":"status-publish","4":"format-standard","5":"has-post-thumbnail","7":"category-montpellier","8":"tag-actu","9":"tag-actualites","10":"tag-eu","11":"tag-europe","12":"tag-fr","13":"tag-france","14":"tag-herault","15":"tag-montpellier","16":"tag-news","17":"tag-occitanie","18":"tag-republique-francaise","19":"tag-sociu00e9tu00e9","20":"tag-solidaritu00e9"},"share_on_mastodon":{"url":"https:\/\/pubeurope.com\/@fr\/115659347358946652","error":""},"_links":{"self":[{"href":"https:\/\/www.europesays.com\/fr\/wp-json\/wp\/v2\/posts\/576746","targetHints":{"allow":["GET"]}}],"collection":[{"href":"https:\/\/www.europesays.com\/fr\/wp-json\/wp\/v2\/posts"}],"about":[{"href":"https:\/\/www.europesays.com\/fr\/wp-json\/wp\/v2\/types\/post"}],"author":[{"embeddable":true,"href":"https:\/\/www.europesays.com\/fr\/wp-json\/wp\/v2\/users\/2"}],"replies":[{"embeddable":true,"href":"https:\/\/www.europesays.com\/fr\/wp-json\/wp\/v2\/comments?post=576746"}],"version-history":[{"count":0,"href":"https:\/\/www.europesays.com\/fr\/wp-json\/wp\/v2\/posts\/576746\/revisions"}],"wp:featuredmedia":[{"embeddable":true,"href":"https:\/\/www.europesays.com\/fr\/wp-json\/wp\/v2\/media\/576747"}],"wp:attachment":[{"href":"https:\/\/www.europesays.com\/fr\/wp-json\/wp\/v2\/media?parent=576746"}],"wp:term":[{"taxonomy":"category","embeddable":true,"href":"https:\/\/www.europesays.com\/fr\/wp-json\/wp\/v2\/categories?post=576746"},{"taxonomy":"post_tag","embeddable":true,"href":"https:\/\/www.europesays.com\/fr\/wp-json\/wp\/v2\/tags?post=576746"}],"curies":[{"name":"wp","href":"https:\/\/api.w.org\/{rel}","templated":true}]}}