{"id":576748,"date":"2025-12-04T04:12:28","date_gmt":"2025-12-04T04:12:28","guid":{"rendered":"https:\/\/www.europesays.com\/fr\/576748\/"},"modified":"2025-12-04T04:12:28","modified_gmt":"2025-12-04T04:12:28","slug":"pres-de-montpellier-une-femme-happee-et-tuee-par-un-train-a-castelnau-le-lez-le-trafic-est-interrompu","status":"publish","type":"post","link":"https:\/\/www.europesays.com\/fr\/576748\/","title":{"rendered":"Pr\u00e8s de Montpellier. Une femme happ\u00e9e et tu\u00e9e par un train \u00e0 Castelnau-le-Lez : le trafic est interrompu"},"content":{"rendered":"<p>                    Par<br \/>\n        <strong><br \/>\n            <a href=\"https:\/\/actu.fr\/auteur\/jm-aubert\" title=\"Consulter tous les articles de Jean-Marc Aubert\" target=\"_blank\" rel=\"noopener\">Jean-Marc Aubert<\/a><br \/>\n                    <\/strong><\/p>\n<p>        Publi\u00e9 le<\/p>\n<p>            3 d\u00e9c. 2025 \u00e0 16h52<br \/>\n        ; mis \u00e0 jour le 3 d\u00e9c. 2025 \u00e0 18h17    <\/p>\n<p>\/ DERNIERE MINUTE \/<\/p>\n<p class=\" wall-content\">Une personne a \u00e9t\u00e9 <strong>happ\u00e9e par un train<\/strong>\u00a0ce mercredi \u00e0 <strong>Castelnau-le-Lez,<\/strong> aux portes est de Montpellier. Il s\u2019agit d\u2019une femme qui est d\u00e9c\u00e9d\u00e9e sur le coup. Elle avait 20 ans.<\/p>\n<p class=\" wall-content\">Elle a \u00e9t\u00e9 percut\u00e9e par un train ce mercredi 3 d\u00e9cembre 2025, vers 16h30, confirme la direction r\u00e9gionale de la SNCF Occitanie, \u00e0 <strong>M\u00e9tropolitain<\/strong>.\u00a0<\/p>\n<p class=\" wall-content\">Cet accident qui s\u2019est produit au niveau du passage \u00e0 niveau de l\u2019avenue Marcel Dassault \u00e0 Castelnau-le-Lez entra\u00eene l\u2019arr\u00eat des trains dans les deux sens jusqu\u2019\u00e0 nouvel ordre. Les sapeurs-pompiers du <strong>Sdis 34<\/strong>, une \u00e9quipe du <strong>Smur-Samu, <\/strong>les <strong>gendarmes<\/strong>\u00a0de la compagnie de Castelnau-le-Lez et la police municipale sont sur les lieux. Un m\u00e9decin l\u00e9giste est attendu sur place \u00e9galement.<\/p>\n<p>Un suicide ?<\/p>\n<p class=\" wall-content\">La victime identifi\u00e9e et qui serait \u00e2g\u00e9e de 20 ans se trouvait au milieu des voies, alors que les barri\u00e8res \u00e9taient baiss\u00e9es. Il pourrait s\u2019agir un suicide, selon des t\u00e9moins. L\u2019enqu\u00eate le dira. La vingtenaire se seraitt soudain pr\u00e9cipit\u00e9e devant la locomotive d\u2019un TER \u2013 liO circulant dans le sens Montpellier-Lunel. Un drame similaire s\u2019est produit au m\u00eame endroit dans l\u2019\u00e9t\u00e9.<\/p>\n<p class=\" wall-content\">Le trafic des TGV entre les gares de N\u00eemes et de Montpellier est d\u00e9vi\u00e9 par le contournement, les autres tains sont \u00e0 l\u2019arr\u00eat dans les deux sens.<\/p>\n<p>Vid\u00e9os : en ce moment sur Actu\/ MISE \u00c0 JOUR \/<\/p>\n<p class=\" wall-content\">Le trafic des trains a repris dans les deux sens \u00e0 17h40.<\/p>\n<p class=\" wall-content\"><strong>&gt; Plus d\u2019informations \u00e0 suivre.<\/strong><\/p>\n<p class=\" wall-content\">Personnalisez votre actualit\u00e9 en ajoutant vos villes et m\u00e9dias en favori avec <a href=\"https:\/\/moncompte.actu.fr\" title=\"D\u00e9couvez Mon Actu\" rel=\"nofollow noopener\" data-trk=\"{&quot;cta&quot;:{&quot;action&quot;:&quot;https:\\\/\\\/moncompte.actu.fr&quot;,&quot;category&quot;:&quot;mon compte&quot;,&quot;from&quot;:&quot;article footer&quot;,&quot;name&quot;:&quot;Mon actu&quot;,&quot;type&quot;:&quot;cta&quot;}}\" target=\"_blank\">Mon Actu<\/a>.<\/p>\n","protected":false},"excerpt":{"rendered":"Par Jean-Marc Aubert Publi\u00e9 le 3 d\u00e9c. 2025 \u00e0 16h52 ; mis \u00e0 jour le 3 d\u00e9c. 2025&hellip;\n","protected":false},"author":2,"featured_media":576749,"comment_status":"","ping_status":"","sticky":false,"template":"","format":"standard","meta":{"footnotes":""},"categories":[9599],"tags":[1111,11,1777,674,118,1011,27,3381,2208,12,2680,1311,25,2215],"class_list":{"0":"post-576748","1":"post","2":"type-post","3":"status-publish","4":"format-standard","5":"has-post-thumbnail","7":"category-montpellier","8":"tag-actu","9":"tag-actualites","10":"tag-eu","11":"tag-europe","12":"tag-faits-divers","13":"tag-fr","14":"tag-france","15":"tag-gendarmerie","16":"tag-montpellier","17":"tag-news","18":"tag-occitanie","19":"tag-pompiers","20":"tag-republique-francaise","21":"tag-sncf"},"share_on_mastodon":{"url":"https:\/\/pubeurope.com\/@fr\/115659351130457163","error":""},"_links":{"self":[{"href":"https:\/\/www.europesays.com\/fr\/wp-json\/wp\/v2\/posts\/576748","targetHints":{"allow":["GET"]}}],"collection":[{"href":"https:\/\/www.europesays.com\/fr\/wp-json\/wp\/v2\/posts"}],"about":[{"href":"https:\/\/www.europesays.com\/fr\/wp-json\/wp\/v2\/types\/post"}],"author":[{"embeddable":true,"href":"https:\/\/www.europesays.com\/fr\/wp-json\/wp\/v2\/users\/2"}],"replies":[{"embeddable":true,"href":"https:\/\/www.europesays.com\/fr\/wp-json\/wp\/v2\/comments?post=576748"}],"version-history":[{"count":0,"href":"https:\/\/www.europesays.com\/fr\/wp-json\/wp\/v2\/posts\/576748\/revisions"}],"wp:featuredmedia":[{"embeddable":true,"href":"https:\/\/www.europesays.com\/fr\/wp-json\/wp\/v2\/media\/576749"}],"wp:attachment":[{"href":"https:\/\/www.europesays.com\/fr\/wp-json\/wp\/v2\/media?parent=576748"}],"wp:term":[{"taxonomy":"category","embeddable":true,"href":"https:\/\/www.europesays.com\/fr\/wp-json\/wp\/v2\/categories?post=576748"},{"taxonomy":"post_tag","embeddable":true,"href":"https:\/\/www.europesays.com\/fr\/wp-json\/wp\/v2\/tags?post=576748"}],"curies":[{"name":"wp","href":"https:\/\/api.w.org\/{rel}","templated":true}]}}