{"id":576755,"date":"2025-12-04T04:19:17","date_gmt":"2025-12-04T04:19:17","guid":{"rendered":"https:\/\/www.europesays.com\/fr\/576755\/"},"modified":"2025-12-04T04:19:17","modified_gmt":"2025-12-04T04:19:17","slug":"trans-musicales-de-rennes-le-show-intense-et-lumineux-de-deux-rappeuses-a-laire-libre","status":"publish","type":"post","link":"https:\/\/www.europesays.com\/fr\/576755\/","title":{"rendered":"Trans Musicales de Rennes\u00a0: le show intense et lumineux de deux rappeuses \u00e0 l\u2019Aire Libre"},"content":{"rendered":"<p>Deux concerts pour le prix d\u2019un \u00e0 l\u2019Aire Libre, dans le cadre de la r\u00e9sidence d\u2019artistes des Trans Musicales. Et m\u00eame trois, puisque les deux <a href=\"https:\/\/rennes.maville.com\/actu\/actudet_-avec-asfar-shamsi-et-lynx-irl-rap-et-chanson-fusionnent-aux-trans-musicales-_52674-7091864_actu.Htm\" target=\"_blank\" rel=\"noopener\">rappeuses, Asfar Shamsi et Lynx IRL,<\/a> apr\u00e8s avoir livr\u00e9 leur propre concert, se rejoignent sur sc\u00e8ne avec leurs musiciens pour un final \u00e0 deux voix, un battle en toute courtoisie. La cr\u00e9ation 2025 des Trans Musicales laisse le souvenir d\u2019un spectacle intense, lumineux, en tout point ma\u00eetris\u00e9 par les deux jeunes femmes qui se savent attendues au tournant.<\/p>\n<p>La facilit\u00e9, pour ne pas dire la caricature, serait d\u2019opposer la douce Asfar Shamsi, qui aurait mis de l\u2019eau dans son rap, \u00e0 la plus radicale Lynx IRL au flow implacable, remont\u00e9e comme une pendule contre le syst\u00e8me. C\u2019est vrai que la Lilloise endosse parfois le costume de la pasionaria punk, mais la rappeuse n\u2019est pas qu\u2019enrag\u00e9e. A\u00e9rienne sur sc\u00e8ne, elle sait aussi varier les \u00e9motions, y compris musicales en ne se limitant pas aux seules bombes \u00e9lectros pour matraquer son message. Le guitariste et le batteur qui l\u2019accompagnent, donnent une dimension plus rock au concert.<\/p>\n<p>Chanter et rapper dans un m\u00eame morceau<\/p>\n<p>La douce nostalgie, registre o\u00f9 excelle la Strasbourgeoise Asfar Shamsi, n\u2019est pas, non plus, son terrain de jeu exclusif. La jeune femme occupe la sc\u00e8ne avec assurance et chaleur vis-\u00e0-vis d\u2019un public, sagement assis dans les fauteuils de l\u2019Aire Libre, qu\u2019elle parvient, avec une belle insistance, \u00e0 faire se lever pour danser. Surtout, elle se joue des chapelles, jongle avec les styles musicaux. Asfar Shamsi, elle aussi entour\u00e9e de deux musiciens, alterne pop et rap, rythmes tropicaux et envol\u00e9es psych\u00e9d\u00e9liques. Elle peut, sans d\u00e9stabiliser, adopter le d\u00e9bit de la rappeuse, puis celui de la chanteuse dans un m\u00eame morceau.<\/p>\n<p>Apr\u00e8s 2\u00a0h\u00a030 de show, on se dit que Lynx IRL et Asfar Shamsi ont d\u00e9cid\u00e9ment la classe. Leur rencontre transmusicale \u00e0 Rennes, qui se poursuit jusqu\u2019\u00e0 dimanche, restera comme un beau moment.<\/p>\n<p><strong>Du mercredi\u00a03 au samedi 6\u00a0d\u00e9cembre, <\/strong>20\u00a0h\u00a030, <strong>dimanche\u00a07, <\/strong>17\u00a0h, au th\u00e9\u00e2tre de l\u2019Aire Libre \u00e0 Saint-Jacques-de-la-Lande. Tarifs\u00a0: de 6 \u00e0 18\u00a0\u20ac.<\/p>\n<p>\u00a0<\/p>\n","protected":false},"excerpt":{"rendered":"Deux concerts pour le prix d\u2019un \u00e0 l\u2019Aire Libre, dans le cadre de la r\u00e9sidence d\u2019artistes des Trans&hellip;\n","protected":false},"author":2,"featured_media":576756,"comment_status":"","ping_status":"","sticky":false,"template":"","format":"standard","meta":{"footnotes":""},"categories":[2821],"tags":[1111,11,6019,829,1777,674,1011,27,60957,29023,52361,29951,12,69108,584,25,9905,11278],"class_list":{"0":"post-576755","1":"post","2":"type-post","3":"status-publish","4":"format-standard","5":"has-post-thumbnail","7":"category-rennes","8":"tag-actu","9":"tag-actualites","10":"tag-aire","11":"tag-bretagne","12":"tag-eu","13":"tag-europe","14":"tag-fr","15":"tag-france","16":"tag-intense","17":"tag-libre","18":"tag-lumineux","19":"tag-musicales","20":"tag-news","21":"tag-rappeuses","22":"tag-rennes","23":"tag-republique-francaise","24":"tag-show","25":"tag-trans"},"share_on_mastodon":{"url":"https:\/\/pubeurope.com\/@fr\/115659378880672304","error":""},"_links":{"self":[{"href":"https:\/\/www.europesays.com\/fr\/wp-json\/wp\/v2\/posts\/576755","targetHints":{"allow":["GET"]}}],"collection":[{"href":"https:\/\/www.europesays.com\/fr\/wp-json\/wp\/v2\/posts"}],"about":[{"href":"https:\/\/www.europesays.com\/fr\/wp-json\/wp\/v2\/types\/post"}],"author":[{"embeddable":true,"href":"https:\/\/www.europesays.com\/fr\/wp-json\/wp\/v2\/users\/2"}],"replies":[{"embeddable":true,"href":"https:\/\/www.europesays.com\/fr\/wp-json\/wp\/v2\/comments?post=576755"}],"version-history":[{"count":0,"href":"https:\/\/www.europesays.com\/fr\/wp-json\/wp\/v2\/posts\/576755\/revisions"}],"wp:featuredmedia":[{"embeddable":true,"href":"https:\/\/www.europesays.com\/fr\/wp-json\/wp\/v2\/media\/576756"}],"wp:attachment":[{"href":"https:\/\/www.europesays.com\/fr\/wp-json\/wp\/v2\/media?parent=576755"}],"wp:term":[{"taxonomy":"category","embeddable":true,"href":"https:\/\/www.europesays.com\/fr\/wp-json\/wp\/v2\/categories?post=576755"},{"taxonomy":"post_tag","embeddable":true,"href":"https:\/\/www.europesays.com\/fr\/wp-json\/wp\/v2\/tags?post=576755"}],"curies":[{"name":"wp","href":"https:\/\/api.w.org\/{rel}","templated":true}]}}