{"id":576757,"date":"2025-12-04T04:20:38","date_gmt":"2025-12-04T04:20:38","guid":{"rendered":"https:\/\/www.europesays.com\/fr\/576757\/"},"modified":"2025-12-04T04:20:38","modified_gmt":"2025-12-04T04:20:38","slug":"voici-combien-gagnent-les-elues-du-conseil-municipal-de-strasbourg","status":"publish","type":"post","link":"https:\/\/www.europesays.com\/fr\/576757\/","title":{"rendered":"voici combien gagnent les \u00e9lu(e)s du conseil municipal de Strasbourg"},"content":{"rendered":"<p><b>Ce 3 d\u00e9cembre, les indemnit\u00e9s des \u00e9lu(e)s strasbourgeois(es) ont \u00e9t\u00e9 transmises \u00e0 la presse dans le cadre de la pr\u00e9paration du prochain conseil municipal. Une communication au timing qui \u00e9tonne, mais qui permet de savoir exactement combien gagnent les membres de l\u2019h\u00e9micycle \u00e0 la Ville.\u00a0<\/b><\/p>\n<p class=\"p1\">C\u2019est une petite surprise qui a atterri dans la bo\u00eete mail de diff\u00e9rents m\u00e9dias strasbourgeois ce 3 d\u00e9cembre. Comme d\u2019habitude, quelques jours avant le conseil municipal [ici celui du 8 d\u00e9cembre, ndlr],<b> la Ville envoie aux m\u00e9dias locaux l\u2019ordre du jour du conseil par mail, ainsi que les projets de d\u00e9lib\u00e9ration qui seront vot\u00e9s et d\u00e9battus<\/b>.<\/p>\n<p class=\"p1\">Mais cette fois-ci, il y a eu deux documents en plus : une \u00ab\u00a0Communication \u2013 \u00c9tat 2025 des indemnit\u00e9s des membres du Conseil municipal\u00a0\u00bb, <b>et surtout un tableau montrant la r\u00e9mun\u00e9ration des membres de l\u2019h\u00e9micycle strasbourgeois<\/b>. Un exercice de transparence au timing qui questionne.<\/p>\n<p>    <img width=\"800\" height=\"450\" src=\"https:\/\/www.europesays.com\/fr\/wp-content\/uploads\/2025\/12\/img-1851-800x450.jpg\" class=\"attachment-image-size-L size-image-size-L\" alt=\"centre administratif\" decoding=\"async\" loading=\"lazy\"  \/>         \u00a9 Vivien Latuner \/ Pokaa <\/p>\n<p class=\"p1\">Difficile de se tourner vers la Ville pour avoir une r\u00e9ponse claire. Contact\u00e9e pour expliquer pourquoi la presse a re\u00e7u un tel document, <b>elle a r\u00e9pondu en passant par le cabinet de la maire, en expliquant que cela a toujours \u00e9t\u00e9 disponible dans les documents de s\u00e9ance lorsque le budget est abord\u00e9<\/b>. C\u2019est pourtant la premi\u00e8re fois depuis le d\u00e9but du mandat que Pokaa re\u00e7oit ce genre de documents, qui sont en revanche transmis de mani\u00e8re obligatoire aux \u00e9lu(e)s chaque ann\u00e9e.<\/p>\n<p class=\"p1\">Derri\u00e8re ces r\u00e9actions, il faut comprendre que le sujet est sensible : <b>la r\u00e9mun\u00e9ration des \u00e9lu(e)s en politique, et la question de l\u2019argent en g\u00e9n\u00e9ral, sont toujours sources de sp\u00e9culations et d\u2019interpr\u00e9tations diverses et vari\u00e9es<\/b>. Dans ce cas pr\u00e9cis, \u00e0 Strasbourg, on peut d\u00e9sormais savoir combien nos \u00e9lu(e)s ont gagn\u00e9 sur l\u2019ann\u00e9e 2025, et chacun(e) pourra s\u2019en faire une id\u00e9e.<\/p>\n<p>    <img width=\"800\" height=\"600\" src=\"https:\/\/www.europesays.com\/fr\/wp-content\/uploads\/2025\/06\/img-9327-800x600.jpg\" class=\"attachment-image-size-L size-image-size-L\" alt=\"conseil municipal illustration\" decoding=\"async\" loading=\"lazy\"  \/>         \u00a9\u00a0Nicolas Kaspar \/ Pokaa <\/p>\n<p>Combien gagne la maire de Strasbourg ?<\/p>\n<p class=\"p1\">En 2025, si vous \u00e9tiez maire de Strasbourg,<b> vous auriez gagn\u00e9 61 657,80 \u20ac (tous les montants sont en brut), soit 5 138 \u20ac\/mois<\/b>. Une r\u00e9mun\u00e9ration en dessous de la base r\u00e9glementaire pour les villes de 100 000 habitant(e)s, fix\u00e9e par la loi \u00e0 5 960,26 \u20ac\/mois. Ceci, sans compter la majoration qui peut aller jusqu\u2019\u00e0 40 % de ce montant, pour arriver \u00e0 une r\u00e9mun\u00e9ration maximale de 8 344 \u20ac\/mois.<\/p>\n<p>                <a href=\"https:\/\/pokaa.fr\/2020\/08\/27\/deux-mois-apres-qua-fait-concretement-jeanne-barseghian-depuis-son-election\/\" target=\"_blank\" rel=\"noopener\"><br \/>\n                    <img width=\"442\" height=\"270\" src=\"https:\/\/www.europesays.com\/fr\/wp-content\/uploads\/2025\/12\/bilan-jeanne-barseghian-strasbourg.jpg\" class=\"attachment-card-horizontal--same-subject size-card-horizontal--same-subject wp-post-image\" alt=\"\" decoding=\"async\" loading=\"lazy\"  \/>                <\/a><\/p>\n<p class=\"p1\">Jeanne Barseghian per\u00e7oit donc une indemnit\u00e9 bien moindre que ce qu\u2019elle pourrait th\u00e9oriquement toucher. Par ailleurs, en comparaison avec d\u2019autres \u00e9diles de villes de taille comparable, <b>son indemnit\u00e9 de maire est semblable \u00e0 celle de Nathalie App\u00e9r\u00e9 (Rennes), en dessous de celle de Johanna Rolland (Nantes), et largement inf\u00e9rieure \u00e0 celle de Gr\u00e9gory Doucet (Lyon)<\/b>.<\/p>\n<p class=\"p1\">Il convient aussi de rappeler qu\u2019apr\u00e8s sa prise de fonction, <b>Jeanne Barseghian a fait voter en novembre 2020 une baisse de 1 200 \u20ac\/mois de ses indemnit\u00e9s, ainsi que celles du 1er adjoint de 1 800 \u20ac\/mois<\/b>. D\u00e9cision prise afin de pouvoir mieux redistribuer les indemnit\u00e9s aux adjoint(e)s et conseillers\/\u00e8res de l\u2019ex\u00e9cutif.<\/p>\n<p>    <img width=\"800\" height=\"535\" src=\"https:\/\/www.europesays.com\/fr\/wp-content\/uploads\/2025\/09\/musee-zoologique-dsc02377-800x535.jpeg\" class=\"attachment-image-size-L size-image-size-L\" alt=\"Jeanne Barseghian\" decoding=\"async\" loading=\"lazy\"  \/>         \u00a9 Anthony Jilli \/ Pokaa <\/p>\n<p>Combien gagnent les adjoint(e)s, membres de l\u2019ex\u00e9cutif et de l\u2019opposition ?<\/p>\n<p class=\"p4\">Ici, les indemnit\u00e9s diff\u00e8rent, et d\u00e9pendent du statut. Il y a les indemnit\u00e9s d\u2019adjoint(e)s, celles de conseillers\/\u00e8res avec d\u00e9l\u00e9gation et celles des conseillers\/\u00e8res \u00ab classiques \u00bb. <b>Concr\u00e8tement, Syamak Agha Babaei touche 30 212,40 \u20ac\/an, soit 2 517,70 \u20ac\/mois (toujours en brut) ; la m\u00eame indemnit\u00e9 que celle des 18 autres adjoint(e)s \u00e0 la Ville<\/b>. Ensuite, les 23 \u00e9lu(e)s de la majorit\u00e9 non-adjoint(e)s mais avec une d\u00e9l\u00e9gation th\u00e9matique ou de quartier per\u00e7oivent 12\u00a0682,20\u00a0\u20ac\/an, soit 1 057 \u20ac\/mois.<\/p>\n<p class=\"p6\">Du c\u00f4t\u00e9 des \u00e9lu(e)s sans th\u00e9matique, ils et elles touchent une indemnit\u00e9 de 6 277,68 \u20ac\/an, soit 523,14 \u20ac\/mois. <b>Ici, les \u00e9lu(e)s de la majorit\u00e9 sans d\u00e9l\u00e9gation touchent la m\u00eame chose que celles et ceux de l\u2019opposition<\/b>. Ils et elles re\u00e7oivent une majoration de leurs indemnit\u00e9s pour leur pr\u00e9sence aux commissions de s\u00e9curit\u00e9 qui, selon le cabinet de la maire, sont sup\u00e9rieures \u00e0 ce qui est pr\u00e9vu par la loi.<\/p>\n<p>    <img width=\"800\" height=\"600\" src=\"https:\/\/www.europesays.com\/fr\/wp-content\/uploads\/2025\/10\/img-1757-grande-800x600.jpeg\" class=\"attachment-image-size-L size-image-size-L\" alt=\"conseil municipal he\u0301micycle\" decoding=\"async\" loading=\"lazy\"  \/>         \u00a9 Nicolas Kaspar \/ Pokaa <\/p>\n<p>Existe-t-il des cas particuliers ?<\/p>\n<p class=\"p6\">Mais ce n\u2019est pas fini, <b>car les pr\u00e9sidences de soci\u00e9t\u00e9s d\u2019\u00e9conomie mixte permettent \u00e0 5 \u00e9lu(e)s de toucher d\u2019autres indemnit\u00e9s qui gonflent leur r\u00e9mun\u00e9ration<\/b>. Ici, seule Anne-Marie Jean ne touche pas d\u2019indemnit\u00e9s suppl\u00e9mentaires en tant que pr\u00e9sidente du Port Autonome. Dans le d\u00e9tail :<\/p>\n<ul class=\"ul1\">\n<li class=\"li4\">En tant que pr\u00e9sident de Strasbourg \u00c9vents, Salem Drici touche 23 577,24 \u20ac\/an en plus de ses indemnit\u00e9s d\u2019\u00e9lu d\u00e9l\u00e9gu\u00e9.<\/li>\n<li class=\"li4\">En tant que pr\u00e9sident de R-GDS, Antoine Dubois touche 23 016 \u20ac\/an en plus de ses indemnit\u00e9s d\u2019\u00e9lu d\u00e9l\u00e9gu\u00e9.<\/li>\n<li class=\"li4\">En tant que pr\u00e9sident de la LOCUSEM, <b>Benjamin Soulet touche 23 444,64 \u20ac\/an en plus de ses indemnit\u00e9s d\u2019adjoin<\/b><strong>t<\/strong>.<\/li>\n<li class=\"li4\">En tant que pr\u00e9sidente d\u2019Habitation Moderne, Lucette Tisserand touche 23 076 \u20ac\/an en plus de ses indemnit\u00e9s d\u2019\u00e9lue d\u00e9l\u00e9gu\u00e9e.<\/li>\n<li class=\"li4\">En tant que pr\u00e9sident de la SERS, Jean Werlen touche 23 388 \u20ac\/an en plus de ses indemnit\u00e9s d\u2019\u00e9lu d\u00e9l\u00e9gu\u00e9.<\/li>\n<\/ul>\n<p>    <img width=\"800\" height=\"600\" src=\"https:\/\/www.europesays.com\/fr\/wp-content\/uploads\/2025\/12\/img-2458-grande-800x600.jpeg\" class=\"attachment-image-size-L size-image-size-L\" alt=\"hotel de ville\" decoding=\"async\" loading=\"lazy\"  \/>         \u00a9 Nicolas Kaspar \/ Pokaa <\/p>\n<p class=\"p6\">Par ailleurs, <b>Anne Mistler touche 12 136,46 \u20ac\/mois en tant que pr\u00e9sidente de l\u2019Op\u00e9ra national du Rhin<\/b>, tandis qu\u2019Antoine Neumann re\u00e7oit 18 000 \u20ac en plus comme pr\u00e9sident de la SPL \u00ab stationnement sur voirie \u00bb.<\/p>\n<p class=\"p6\">De son c\u00f4t\u00e9, Herv\u00e9 Polesi [qui a finalement d\u00e9missionn\u00e9 du conseil municipal en mars 2025 apr\u00e8s deux ans de pol\u00e9miques, ndlr] a touch\u00e9 le tiers d\u2019une indemnit\u00e9 d\u2019\u00e9lu sans d\u00e9l\u00e9gation, <b>tandis que Carole Santamaria [l\u2019\u00e9lue l\u2019ayant remplac\u00e9, ndlr] a re\u00e7u les deux tiers restants.\u00a0<\/b><\/p>\n<p>    <img width=\"800\" height=\"600\" src=\"https:\/\/www.europesays.com\/fr\/wp-content\/uploads\/2025\/10\/img-2737-800x600.jpeg\" class=\"attachment-image-size-L size-image-size-L\" alt=\"op\u00e9ra\" decoding=\"async\" loading=\"lazy\"  \/>         \u00a9 Anthony Jilli \/ Pokaa <\/p>\n<p>Quel(le)s sont les \u00e9lu(e)s les mieux ind\u00e9mnis\u00e9(e)s ?<\/p>\n<p class=\"p6\">Pour terminer, retour sur les \u00e9lu(e)s les mieux pay\u00e9(e)s. <b>\u00c0 la Ville, le \u00ab\u00a0top 7\u00a0\u00bb est compos\u00e9 de trois femmes et de quatre hommes<\/b>. Dans l\u2019ordre : Jeanne Barseghian, Benjamin Soulet, Anne Mistler, Salem Drici, Jean Werlen. Puis ensuite Lucette Tisserand et Antoine Dubois, les deux derniers membres du conseil municipal avec une r\u00e9mun\u00e9ration annexe.<\/p>\n<p class=\"p6\"><strong>Enfin, pour un panorama global des r\u00e9mun\u00e9rations, il faudrait rajouter les r\u00e9mun\u00e9rations de l\u2019Eurom\u00e9tropole<\/strong>. Peut-\u00eatre que cette derni\u00e8re, \u00ab en toute transparence \u00bb, le fera aussi avant le prochain conseil ?<\/p>\n","protected":false},"excerpt":{"rendered":"Ce 3 d\u00e9cembre, les indemnit\u00e9s des \u00e9lu(e)s strasbourgeois(es) ont \u00e9t\u00e9 transmises \u00e0 la presse dans le cadre de&hellip;\n","protected":false},"author":2,"featured_media":576758,"comment_status":"","ping_status":"","sticky":false,"template":"","format":"standard","meta":{"footnotes":""},"categories":[2820],"tags":[1111,11,1984,10153,1777,674,1011,27,775,3434,12,316,25,11254,640],"class_list":{"0":"post-576757","1":"post","2":"type-post","3":"status-publish","4":"format-standard","5":"has-post-thumbnail","7":"category-strasbourg","8":"tag-actu","9":"tag-actualites","10":"tag-conseil-municipal","11":"tag-elus","12":"tag-eu","13":"tag-europe","14":"tag-fr","15":"tag-france","16":"tag-grand-est","17":"tag-municipales-2026","18":"tag-news","19":"tag-politique","20":"tag-republique-francaise","21":"tag-salaires","22":"tag-strasbourg"},"share_on_mastodon":{"url":"https:\/\/pubeurope.com\/@fr\/115659384229901395","error":""},"_links":{"self":[{"href":"https:\/\/www.europesays.com\/fr\/wp-json\/wp\/v2\/posts\/576757","targetHints":{"allow":["GET"]}}],"collection":[{"href":"https:\/\/www.europesays.com\/fr\/wp-json\/wp\/v2\/posts"}],"about":[{"href":"https:\/\/www.europesays.com\/fr\/wp-json\/wp\/v2\/types\/post"}],"author":[{"embeddable":true,"href":"https:\/\/www.europesays.com\/fr\/wp-json\/wp\/v2\/users\/2"}],"replies":[{"embeddable":true,"href":"https:\/\/www.europesays.com\/fr\/wp-json\/wp\/v2\/comments?post=576757"}],"version-history":[{"count":0,"href":"https:\/\/www.europesays.com\/fr\/wp-json\/wp\/v2\/posts\/576757\/revisions"}],"wp:featuredmedia":[{"embeddable":true,"href":"https:\/\/www.europesays.com\/fr\/wp-json\/wp\/v2\/media\/576758"}],"wp:attachment":[{"href":"https:\/\/www.europesays.com\/fr\/wp-json\/wp\/v2\/media?parent=576757"}],"wp:term":[{"taxonomy":"category","embeddable":true,"href":"https:\/\/www.europesays.com\/fr\/wp-json\/wp\/v2\/categories?post=576757"},{"taxonomy":"post_tag","embeddable":true,"href":"https:\/\/www.europesays.com\/fr\/wp-json\/wp\/v2\/tags?post=576757"}],"curies":[{"name":"wp","href":"https:\/\/api.w.org\/{rel}","templated":true}]}}