{"id":576763,"date":"2025-12-04T04:23:25","date_gmt":"2025-12-04T04:23:25","guid":{"rendered":"https:\/\/www.europesays.com\/fr\/576763\/"},"modified":"2025-12-04T04:23:25","modified_gmt":"2025-12-04T04:23:25","slug":"les-joueurs-de-logc-nice-prennent-la-parole-et-fustigent-une-securite-defaillante","status":"publish","type":"post","link":"https:\/\/www.europesays.com\/fr\/576763\/","title":{"rendered":"les joueurs de l\u2019OGC Nice prennent la parole et fustigent une s\u00e9curit\u00e9 d\u00e9faillante"},"content":{"rendered":"<p class=\"fs-5 \">Ils ont voulu donner leur version&#8230; Les joueurs de Nice d\u00e9noncent ce mercredi soir une volont\u00e9 de minimiser les faits, des d\u00e9faillance s\u00e9curitaires et un \u00ab\u00a0manque de soutien\u00a0\u00bb, apr\u00e8s les graves incidents survenus dans la nuit de dimanche \u00e0 lundi, quand ils ont \u00e9t\u00e9 pris pour cible par des supporters m\u00e9contents du club.<\/p>\n<p class=\"fs-5 \">\u00ab\u00a0Plusieurs de nos joueurs et dirigeants ont \u00e9t\u00e9 directement victimes d\u2019agressions physiques (multiples crachats et coups) et verbales\u00a0\u00bb, <a href=\"https:\/\/www.ogcnice.com\/fr\/article\/129582\/retablir-la-verite-sur-les-evenements-recents.html\" target=\"_blank\" rel=\"nofollow noopener\">est-il \u00e9crit dans un communiqu\u00e9 publi\u00e9 sur le site internet de l\u2019OGC Nice.<\/a><\/p>\n<p>            <img src=\"https:\/\/www.europesays.com\/fr\/wp-content\/uploads\/2025\/12\/5c00419_upload-1-cxwsvemziur6-jpr.PNG\"   loading=\"lazy\" decoding=\"async\" alt=\"Jean-Pierre Riv\u00e8re\" class=\"img-fluid position-absolute w-100 object-fit-cover rounded-2\" width=\"600\" height=\"400\"\/><\/p>\n<p>                                                                                <strong>\u00ab\u00a0Un manque de prise en compte de la gravit\u00e9 de la situation\u00a0\u00bb<\/strong><\/p>\n<p class=\"fs-5 \">\u00ab\u00a0<strong>Florian Maurice, Terem Moffi, J\u00e9r\u00e9mie Boga et Jonathan Clauss ont notamment \u00e9t\u00e9 pris \u00e0 partie dans des conditions inacceptables\u00a0<\/strong>\u00bb, ajoutent les joueurs de l\u2019OGCN, en r\u00e9clamant \u00ab\u00a0une enqu\u00eate approfondie\u00a0\u00bb et \u00ab\u00a0la mise en lumi\u00e8re des responsabilit\u00e9s\u00a0\u00bb.<\/p>\n<p class=\"fs-5 \">\u00ab\u00a0Les joueurs regrettent \u00e9galement le manque de prise en compte de la gravit\u00e9 de la situation, ainsi que le peu de soutien moral apport\u00e9, \u00e0 titre individuel et public, aux joueurs victimes de blessures.\u00a0\u00bb, peut-on aussi lire. <\/p>\n<p class=\"fs-5 \">Manifestement remont\u00e9s, et d\u00e9sireux de \u00ab\u00a0r\u00e9tablir la v\u00e9rit\u00e9\u00a0\u00bb, ils ont notamment d\u00e9nonc\u00e9 \u00ab\u00a0les tentatives de minimisation ou de d\u00e9formation des faits par certaines personnes et organismes n\u2019ayant pas assist\u00e9 \u00e0 la sc\u00e8ne\u00a0\u00bb -des parties qu\u2019ils ne nomment toutefois pas.<\/p>\n<p>                                                                                <strong>\u00ab\u00a0Les mesures mises en place \u00e9taient largement insuffisantes\u00a0\u00bb<\/strong><\/p>\n<p class=\"fs-5 \">Alors que plus de 200 supporters en col\u00e8re les attendaient au centre d\u2019entra\u00eenement du club, au retour d\u2019un match perdu (3-1) \u00e0 Lorient dimanche, l\u2019effectif ni\u00e7ois a encore dit \u00ab\u00a0d\u00e9plorer avec la plus grande fermet\u00e9 les d\u00e9faillances constat\u00e9es dans l\u2019organisation et la gestion du dispositif de s\u00e9curit\u00e9\u00a0\u00bb.<\/p>\n<p class=\"fs-5 \">\u00ab\u00a0Les services de police&#8230; n\u2019ont pas proc\u00e9d\u00e9 \u00e0 la dispersion\u00a0\u00bb d\u2019un \u00ab\u00a0grand nombre d\u2019individus cagoul\u00e9s, \u00e9l\u00e9ments clairement identifi\u00e9s comme interdits sur la voie publique\u00a0\u00bb, \u00ab\u00a0ni \u00e0 une intervention adapt\u00e9e \u00e0 la gravit\u00e9 de la situation\u00a0\u00bb, ont-ils fustig\u00e9.<\/p>\n<p class=\"fs-5 \">Selon eux, \u00ab\u00a0<strong>compte tenu du contexte, du nombre de supporters pr\u00e9sents et de leur virulence manifeste, les mesures mises en place \u00e9taient largement insuffisantes<\/strong>\u00a0\u00bb.<\/p>\n<p class=\"fs-5 \">\u00c9voquant les arr\u00eats de travail (ITT) de Moffi et Boga, le communiqu\u00e9 \u00e9voque en outre des \u00ab\u00a0s\u00e9quelles physiques et psychologiques, les emp\u00eachant de reprendre sereinement la comp\u00e9tition\u00a0\u00bb, en mentionnant \u00e0 nouveau \u00ab\u00a0J\u00e9r\u00e9mie (Boga), Terem (Moffi), Jonathan (Clauss) et le directeur sportif Florian Maurice\u00a0\u00bb.<\/p>\n<p class=\"fs-5 \">Ces incidents ont suscit\u00e9 une vague de condamnations lundi, le d\u00e9p\u00f4t de plaintes puis l\u2019ouverture d\u2019une enqu\u00eate le lendemain par le parquet de Nice pour \u00ab\u00a0violences aggrav\u00e9es, participation \u00e0 un groupement pr\u00e9parant des violences ou d\u00e9gradations et non-emp\u00eachement d\u2019un d\u00e9lit contre l\u2019int\u00e9grit\u00e9 corporelle\u00a0\u00bb.<\/p>\n<p class=\"fs-5 \">Le club de Nice a \u00e0 son tour d\u00e9pos\u00e9 plainte contre X mardi soir. Les ultras ni\u00e7ois ont eux publi\u00e9 un communiqu\u00e9 dans lequel ils ont dit \u00ab\u00a0ne pas \u00eatre \u00e0 l\u2019origine\u00a0\u00bb de la manifestation.<\/p>\n<p class=\"fs-5 \">Nice, qui a perdu ses six derniers matches, doit recevoir dimanche Angers en Ligue 1 et le match a \u00e9t\u00e9 class\u00e9 \u00e0 hauts risques.<\/p>\n","protected":false},"excerpt":{"rendered":"Ils ont voulu donner leur version&#8230; Les joueurs de Nice d\u00e9noncent ce mercredi soir une volont\u00e9 de minimiser&hellip;\n","protected":false},"author":2,"featured_media":576764,"comment_status":"","ping_status":"","sticky":false,"template":"","format":"standard","meta":{"footnotes":""},"categories":[2819],"tags":[1111,11,1777,674,1011,27,12,2401,54521,882,25],"class_list":{"0":"post-576763","1":"post","2":"type-post","3":"status-publish","4":"format-standard","5":"has-post-thumbnail","7":"category-nice","8":"tag-actu","9":"tag-actualites","10":"tag-eu","11":"tag-europe","12":"tag-fr","13":"tag-france","14":"tag-news","15":"tag-nice","16":"tag-ogcnice","17":"tag-provence-alpes-cote-dazur","18":"tag-republique-francaise"},"share_on_mastodon":{"url":"https:\/\/pubeurope.com\/@fr\/115659395358733075","error":""},"_links":{"self":[{"href":"https:\/\/www.europesays.com\/fr\/wp-json\/wp\/v2\/posts\/576763","targetHints":{"allow":["GET"]}}],"collection":[{"href":"https:\/\/www.europesays.com\/fr\/wp-json\/wp\/v2\/posts"}],"about":[{"href":"https:\/\/www.europesays.com\/fr\/wp-json\/wp\/v2\/types\/post"}],"author":[{"embeddable":true,"href":"https:\/\/www.europesays.com\/fr\/wp-json\/wp\/v2\/users\/2"}],"replies":[{"embeddable":true,"href":"https:\/\/www.europesays.com\/fr\/wp-json\/wp\/v2\/comments?post=576763"}],"version-history":[{"count":0,"href":"https:\/\/www.europesays.com\/fr\/wp-json\/wp\/v2\/posts\/576763\/revisions"}],"wp:featuredmedia":[{"embeddable":true,"href":"https:\/\/www.europesays.com\/fr\/wp-json\/wp\/v2\/media\/576764"}],"wp:attachment":[{"href":"https:\/\/www.europesays.com\/fr\/wp-json\/wp\/v2\/media?parent=576763"}],"wp:term":[{"taxonomy":"category","embeddable":true,"href":"https:\/\/www.europesays.com\/fr\/wp-json\/wp\/v2\/categories?post=576763"},{"taxonomy":"post_tag","embeddable":true,"href":"https:\/\/www.europesays.com\/fr\/wp-json\/wp\/v2\/tags?post=576763"}],"curies":[{"name":"wp","href":"https:\/\/api.w.org\/{rel}","templated":true}]}}