{"id":576765,"date":"2025-12-04T04:24:34","date_gmt":"2025-12-04T04:24:34","guid":{"rendered":"https:\/\/www.europesays.com\/fr\/576765\/"},"modified":"2025-12-04T04:24:34","modified_gmt":"2025-12-04T04:24:34","slug":"grippe-aviaire-au-sud-de-la-loire-atlantique-la-prefecture-deconseille-les-balades-au-bord-des","status":"publish","type":"post","link":"https:\/\/www.europesays.com\/fr\/576765\/","title":{"rendered":"Grippe aviaire au sud de la Loire-Atlantique\u00a0: la pr\u00e9fecture d\u00e9conseille les balades au bord des"},"content":{"rendered":"<p>C\u2019est une \u00e9tape de plus dans la lutte contre la <a href=\"https:\/\/saint-nazaire.maville.com\/actu\/actudet_--les-volailles-se-contaminent-entre-elles-un-nouveau-cas-de-grippe-aviaire-en-loire-atlantique-_8-7074612_actu.Htm\" target=\"_blank\" rel=\"noopener\">propagation de la grippe aviaire<\/a>. La pr\u00e9fecture de Loire-Atlantique a pris un arr\u00eat\u00e9, mardi 2\u00a0d\u00e9cembre, d\u00e9conseillant aux badauds de se promener au bord des lacs et des rivi\u00e8res dans les zones dites de protection et de surveillance. Des zones situ\u00e9es au sud de la Loire-Atlantique, o\u00f9 des foyers ont \u00e9t\u00e9 d\u00e9tect\u00e9s dans des \u00e9levages de volailles.<\/p>\n<p>Principe de pr\u00e9caution<\/p>\n<p>Autrement dit, s\u2019il n\u2019est pas interdit de se balader au bord de la S\u00e8vre Nantaise, du c\u00f4t\u00e9 de Clisson ou encore autour du lac de Grand-Lieu, il est fortement recommand\u00e9 d\u2019\u00e9viter ses secteurs, par principe de pr\u00e9caution.<\/p>\n<p>\u00a0<\/p>\n","protected":false},"excerpt":{"rendered":"C\u2019est une \u00e9tape de plus dans la lutte contre la propagation de la grippe aviaire. La pr\u00e9fecture de&hellip;\n","protected":false},"author":2,"featured_media":576766,"comment_status":"","ping_status":"","sticky":false,"template":"","format":"standard","meta":{"footnotes":""},"categories":[2818],"tags":[1111,11,66534,15570,3944,69109,1777,674,1011,27,29786,69110,3047,766,12,2636,8916,25,45361,7053],"class_list":{"0":"post-576765","1":"post","2":"type-post","3":"status-publish","4":"format-standard","5":"has-post-thumbnail","7":"category-nantes","8":"tag-actu","9":"tag-actualites","10":"tag-aviaire","11":"tag-balades","12":"tag-bord","13":"tag-deconseille","14":"tag-eu","15":"tag-europe","16":"tag-fr","17":"tag-france","18":"tag-grippe","19":"tag-lacs","20":"tag-loire-atlantique","21":"tag-nantes","22":"tag-news","23":"tag-pays-de-la-loire","24":"tag-prefecture","25":"tag-republique-francaise","26":"tag-rivieres","27":"tag-sud"},"share_on_mastodon":{"url":"https:\/\/pubeurope.com\/@fr\/115659398476720923","error":""},"_links":{"self":[{"href":"https:\/\/www.europesays.com\/fr\/wp-json\/wp\/v2\/posts\/576765","targetHints":{"allow":["GET"]}}],"collection":[{"href":"https:\/\/www.europesays.com\/fr\/wp-json\/wp\/v2\/posts"}],"about":[{"href":"https:\/\/www.europesays.com\/fr\/wp-json\/wp\/v2\/types\/post"}],"author":[{"embeddable":true,"href":"https:\/\/www.europesays.com\/fr\/wp-json\/wp\/v2\/users\/2"}],"replies":[{"embeddable":true,"href":"https:\/\/www.europesays.com\/fr\/wp-json\/wp\/v2\/comments?post=576765"}],"version-history":[{"count":0,"href":"https:\/\/www.europesays.com\/fr\/wp-json\/wp\/v2\/posts\/576765\/revisions"}],"wp:featuredmedia":[{"embeddable":true,"href":"https:\/\/www.europesays.com\/fr\/wp-json\/wp\/v2\/media\/576766"}],"wp:attachment":[{"href":"https:\/\/www.europesays.com\/fr\/wp-json\/wp\/v2\/media?parent=576765"}],"wp:term":[{"taxonomy":"category","embeddable":true,"href":"https:\/\/www.europesays.com\/fr\/wp-json\/wp\/v2\/categories?post=576765"},{"taxonomy":"post_tag","embeddable":true,"href":"https:\/\/www.europesays.com\/fr\/wp-json\/wp\/v2\/tags?post=576765"}],"curies":[{"name":"wp","href":"https:\/\/api.w.org\/{rel}","templated":true}]}}