{"id":576773,"date":"2025-12-04T04:28:10","date_gmt":"2025-12-04T04:28:10","guid":{"rendered":"https:\/\/www.europesays.com\/fr\/576773\/"},"modified":"2025-12-04T04:28:10","modified_gmt":"2025-12-04T04:28:10","slug":"reamenagement-autour-de-lavenue-etienne-billieres-le-calendrier-est-tenu","status":"publish","type":"post","link":"https:\/\/www.europesays.com\/fr\/576773\/","title":{"rendered":"R\u00e9am\u00e9nagement autour de l\u2019avenue \u00c9tienne Billi\u00e8res : le calendrier est tenu"},"content":{"rendered":"<p>\n                                                                    l&rsquo;essentiel<br \/>\n                                                                Hier, pour sa 113e Journ\u00e9e de quartier, la derni\u00e8re de son mandat, le maire de Toulouse a arpent\u00e9 les rues de Saint-Cyprien. Accompagn\u00e9 du maire de quartier, il a rencontr\u00e9 habitants, commer\u00e7ants, tout en \u00e9valuant l\u2019avanc\u00e9e des chantiers.\n                            <\/p>\n<p>Apr\u00e8s un petit-d\u00e9jeuner, en compagnie des agents municipaux et m\u00e9tropolitains intervenant dans le quartier, et quelques \u00e9changes avec des commer\u00e7ants, Jean-Luc Moudenc s\u2019est rendu \u00e0 l\u2019H\u00f4pital Joseph Ducuing, rue de Varsovie, pour discuter des besoins de sant\u00e9 de la population et des projets immobiliers futurs de l\u2019\u00e9tablissement.<\/p>\n<p>Des annonces pour le quartier<\/p>\n<p>Rue de Villeneuve, Jean-Luc Moudenc a annonc\u00e9 la v\u00e9g\u00e9talisation prochaine de la placette situ\u00e9e pr\u00e8s des magasins Picard et Ferme Attitude. Ce projet, qui r\u00e9pond \u00e0 une demande des commer\u00e7ants, pr\u00e9voit une \u00ab\u00a0d\u00e9bitumisation\u00a0\u00bb partielle et des plantations en surface, \u00e9pargnant les infrastructures souterraines. Ces am\u00e9nagements viendront compl\u00e9ter les arbres d\u00e9j\u00e0 pr\u00e9sents.<\/p>\n<p>Chantiers en cours rue des Fontaines et avenue \u00c9tienne Billi\u00e8res<\/p>\n<p>La visite s\u2019est poursuivie rue des Fontaines, o\u00f9 des travaux de v\u00e9g\u00e9talisation, financ\u00e9s par le budget participatif, ont d\u00e9j\u00e0 commenc\u00e9 et se termineront pour la partie voirie le 19 d\u00e9cembre. Au programme, la plantation de 80 arbustes et 150 vivaces entra\u00eenant la suppression de 7 places de stationnement. Les 90 % restantes soit 800 m\u00b2 au total, seront d\u00e9simperm\u00e9abilis\u00e9es, gr\u00e2ce \u00e0 la pose d\u2019un rev\u00eatement alv\u00e9ol\u00e9 favorisant l\u2019infiltration des eaux et la pousse d\u2019herbes. \u00ab\u00a0Nous avons conserv\u00e9 un maximum de places de parking dans cette rue car nous en avons beaucoup supprim\u00e9 sur les all\u00e9es \u00c9tienne Billi\u00e8res voisines\u00a0\u00bb, a expliqu\u00e9 le maire de quartier Jean-Paul Bouche. L\u2019apr\u00e8s-midi, Jean-Luc Moudenc est parti \u00e0 la rencontre des commer\u00e7ants de l\u2019avenue \u00c9tienne Billi\u00e8res, o\u00f9 les travaux de r\u00e9am\u00e9nagement, entam\u00e9s au printemps, touchent \u00e0 leur fin. \u00ab\u00a0Le calendrier pr\u00e9vu a \u00e9t\u00e9 tenu : la circulation des pi\u00e9tons, cyclistes et voitures sera enti\u00e8rement r\u00e9tablie le 5 d\u00e9cembre au soir\u00a0\u00bb, a-t-il annonc\u00e9. Quelques finitions, comme la v\u00e9g\u00e9talisation au pied des arbres et l\u2019installation de racks \u00e0 v\u00e9lo, seront r\u00e9alis\u00e9es ult\u00e9rieurement. Malgr\u00e9 les perturbations subies par les riverains, l\u2019\u00e9lu a estim\u00e9 que le projet \u00e9tait globalement bien accueilli. Le maire devait rencontrer les associations impliqu\u00e9es dans ce projet, lors de la r\u00e9union de bureau de quartier qui s\u2019est tenue rue de Cugnaux, dans la nouvelle salle mutualis\u00e9e de l\u2019accueil de loisirs maternel et \u00e9l\u00e9mentaire de la Patte d\u2019Oie, dont la visite cl\u00f4turait cette journ\u00e9e enti\u00e8rement d\u00e9di\u00e9e \u00e0 Saint-Cyprien.<\/p>\n","protected":false},"excerpt":{"rendered":"l&rsquo;essentiel Hier, pour sa 113e Journ\u00e9e de quartier, la derni\u00e8re de son mandat, le maire de Toulouse a&hellip;\n","protected":false},"author":2,"featured_media":576774,"comment_status":"","ping_status":"","sticky":false,"template":"","format":"standard","meta":{"footnotes":""},"categories":[2816],"tags":[1111,11,1777,674,1011,27,329,12,2680,25,1857,2312,69111],"class_list":{"0":"post-576773","1":"post","2":"type-post","3":"status-publish","4":"format-standard","5":"has-post-thumbnail","7":"category-toulouse","8":"tag-actu","9":"tag-actualites","10":"tag-eu","11":"tag-europe","12":"tag-fr","13":"tag-france","14":"tag-france-monde","15":"tag-news","16":"tag-occitanie","17":"tag-republique-francaise","18":"tag-sociu00e9tu00e9","19":"tag-toulouse","20":"tag-urbanisme-amu00e9nagement"},"share_on_mastodon":{"url":"https:\/\/pubeurope.com\/@fr\/115659414170394365","error":""},"_links":{"self":[{"href":"https:\/\/www.europesays.com\/fr\/wp-json\/wp\/v2\/posts\/576773","targetHints":{"allow":["GET"]}}],"collection":[{"href":"https:\/\/www.europesays.com\/fr\/wp-json\/wp\/v2\/posts"}],"about":[{"href":"https:\/\/www.europesays.com\/fr\/wp-json\/wp\/v2\/types\/post"}],"author":[{"embeddable":true,"href":"https:\/\/www.europesays.com\/fr\/wp-json\/wp\/v2\/users\/2"}],"replies":[{"embeddable":true,"href":"https:\/\/www.europesays.com\/fr\/wp-json\/wp\/v2\/comments?post=576773"}],"version-history":[{"count":0,"href":"https:\/\/www.europesays.com\/fr\/wp-json\/wp\/v2\/posts\/576773\/revisions"}],"wp:featuredmedia":[{"embeddable":true,"href":"https:\/\/www.europesays.com\/fr\/wp-json\/wp\/v2\/media\/576774"}],"wp:attachment":[{"href":"https:\/\/www.europesays.com\/fr\/wp-json\/wp\/v2\/media?parent=576773"}],"wp:term":[{"taxonomy":"category","embeddable":true,"href":"https:\/\/www.europesays.com\/fr\/wp-json\/wp\/v2\/categories?post=576773"},{"taxonomy":"post_tag","embeddable":true,"href":"https:\/\/www.europesays.com\/fr\/wp-json\/wp\/v2\/tags?post=576773"}],"curies":[{"name":"wp","href":"https:\/\/api.w.org\/{rel}","templated":true}]}}