{"id":576775,"date":"2025-12-04T04:29:13","date_gmt":"2025-12-04T04:29:13","guid":{"rendered":"https:\/\/www.europesays.com\/fr\/576775\/"},"modified":"2025-12-04T04:29:13","modified_gmt":"2025-12-04T04:29:13","slug":"toulouse-boxe-combat-31-le-club-qui-fait-grandir-les-jeunes-autrement","status":"publish","type":"post","link":"https:\/\/www.europesays.com\/fr\/576775\/","title":{"rendered":"Toulouse. Boxe : Combat 31, le club qui fait grandir les jeunes autrement"},"content":{"rendered":"<p>\n                                                                    l&rsquo;essentiel<br \/>\n                                                                Implant\u00e9 au Mirail, Combat 31 fait partie de ces clubs o\u00f9 le sport a plus qu\u2019un r\u00f4le comp\u00e9titif. Et forc\u00e9ment, quand on fait bien les choses, on est r\u00e9compens\u00e9. Le club toulousain organise ce week-end les finales des championnats d\u2019Occitanie amateurs.\n                            <\/p>\n<p>Combat 31 (1), c\u2019est l\u2019histoire d\u2019un club qui utilise la boxe pour fa\u00e7onner de belles personnes. Cette histoire, elle commence en 2010, lorsque Senouci Elbechir, qui \u00e9tait entra\u00eeneur de boxe \u00e0 l\u2019Asvec, grosse association dans le quartier de la Reynerie, a l\u2019id\u00e9e d\u2019ouvrir un club de boxe. Aid\u00e9 par ses boxeurs, comme Abdala Tarfa, aujourd\u2019hui pr\u00e9sident depuis 2018, le club grandit petit \u00e0 petit jusqu\u2019\u00e0 exploser en 2020. \u00ab\u00a0Nous n\u2019avions pas de moyens pour nous d\u00e9velopper. Nous n\u2019\u00e9tions pas fonctionnels alors que l\u2019on fournissait un travail de qualit\u00e9.\u00a0\u00bb<\/p>\n<p>Abdala Tarfa d\u00e9cide alors de r\u00e9unir tout le club avec l\u2019id\u00e9e de d\u00e9velopper un projet. N\u00e9 alors le projet associatif du club, un cap \u00e0 suivre et qui tient \u00e0 c\u0153ur au club. \u00ab\u00a0On n\u2019est pas l\u00e0 pour en faire des champions du monde, on est l\u00e0 pour faire des personnes respect\u00e9es et respectables en passant par ce prisme de la boxe. On utilise la boxe comme outil, comme pr\u00e9texte pour faire passer ses messages.\u00a0\u00bb<\/p>\n<p>Et cela fonctionne ! Aujourd\u2019hui le club intervient aupr\u00e8s de ses partenaires, dans les \u00e9coles et coll\u00e8ges ou encore dans les f\u00eates de quartier. Mais aussi pl\u00e9biscit\u00e9 par les parents qui confient leurs enfants. \u00ab\u00a0Les parents nous sollicitent \u00e9norm\u00e9ment, car l\u00e0 o\u00f9 \u00e7a bloque avec l\u2019enfant ou au coll\u00e8ge, on permet une autre solution. Puis voir les jeunes grandir, rester au club, il y a quelque chose qui se passe, il y a une \u00e2me.\u00a0\u00bb<\/p>\n<p>Esprit de famille<\/p>\n<p>Et cela porte ses fruits. De 15 adh\u00e9rents en 2018, la section boxe \u00e9ducative compte aujourd\u2019hui 200 licenci\u00e9s. Sans compter les pitchouns de la section d\u00e9couverte (4-8 ans), puis la section amateur\/loisir pour les plus grands.<\/p>\n<p>Anim\u00e9 par ce sacerdoce qu\u2019est l\u2019inclusion, le club peut aussi se f\u00e9liciter de sa section f\u00e9minine. 70 combattantes, soit le plus haut total dans toute l\u2019Occitanie. \u00ab\u00a0\u00c7a faisait partie de nos gros objectifs et c\u2019est vraiment en phase avec les valeurs du club\u00a0\u00bb, dixit le pr\u00e9sident. Club d\u2019utilit\u00e9 publique, l\u2019\u00e9quipe de Combat 31, uniquement b\u00e9n\u00e9vole, est compos\u00e9e d\u2019anciens boxeurs du club. Senouci Elbechir \u00e9videmment en tant qu\u2019entra\u00eeneur principal et tr\u00e9sorier, ou Fabien Curmi boxeur, entra\u00eeneur de la section \u00e9ducative et secr\u00e9taire. Un esprit de famille au service des jeunes et constamment \u00e0 la recherche de nouveaux projets. Qui vaut aujourd\u2019hui \u00e0 cette association de s\u2019\u00eatre vu confi\u00e9 l\u2019organisation des championnats d\u2019Occitanie amateurs, samedi et dimanche, au complexe Marcel-Cerdan \u00e0 Toulouse (lire ci-contre).<\/p>\n<p>(1) Club Olympique Multi Boxe Arena 31<\/p>\n","protected":false},"excerpt":{"rendered":"l&rsquo;essentiel Implant\u00e9 au Mirail, Combat 31 fait partie de ces clubs o\u00f9 le sport a plus qu\u2019un r\u00f4le&hellip;\n","protected":false},"author":2,"featured_media":576776,"comment_status":"","ping_status":"","sticky":false,"template":"","format":"standard","meta":{"footnotes":""},"categories":[2816],"tags":[1111,11,13740,1777,674,1011,27,2722,12,2680,25,517,21508,2312],"class_list":{"0":"post-576775","1":"post","2":"type-post","3":"status-publish","4":"format-standard","5":"has-post-thumbnail","7":"category-toulouse","8":"tag-actu","9":"tag-actualites","10":"tag-boxe","11":"tag-eu","12":"tag-europe","13":"tag-fr","14":"tag-france","15":"tag-haute-garonne","16":"tag-news","17":"tag-occitanie","18":"tag-republique-francaise","19":"tag-sport","20":"tag-sports-de-combat","21":"tag-toulouse"},"share_on_mastodon":{"url":"https:\/\/pubeurope.com\/@fr\/115659418022357112","error":""},"_links":{"self":[{"href":"https:\/\/www.europesays.com\/fr\/wp-json\/wp\/v2\/posts\/576775","targetHints":{"allow":["GET"]}}],"collection":[{"href":"https:\/\/www.europesays.com\/fr\/wp-json\/wp\/v2\/posts"}],"about":[{"href":"https:\/\/www.europesays.com\/fr\/wp-json\/wp\/v2\/types\/post"}],"author":[{"embeddable":true,"href":"https:\/\/www.europesays.com\/fr\/wp-json\/wp\/v2\/users\/2"}],"replies":[{"embeddable":true,"href":"https:\/\/www.europesays.com\/fr\/wp-json\/wp\/v2\/comments?post=576775"}],"version-history":[{"count":0,"href":"https:\/\/www.europesays.com\/fr\/wp-json\/wp\/v2\/posts\/576775\/revisions"}],"wp:featuredmedia":[{"embeddable":true,"href":"https:\/\/www.europesays.com\/fr\/wp-json\/wp\/v2\/media\/576776"}],"wp:attachment":[{"href":"https:\/\/www.europesays.com\/fr\/wp-json\/wp\/v2\/media?parent=576775"}],"wp:term":[{"taxonomy":"category","embeddable":true,"href":"https:\/\/www.europesays.com\/fr\/wp-json\/wp\/v2\/categories?post=576775"},{"taxonomy":"post_tag","embeddable":true,"href":"https:\/\/www.europesays.com\/fr\/wp-json\/wp\/v2\/tags?post=576775"}],"curies":[{"name":"wp","href":"https:\/\/api.w.org\/{rel}","templated":true}]}}