{"id":576778,"date":"2025-12-04T04:32:12","date_gmt":"2025-12-04T04:32:12","guid":{"rendered":"https:\/\/www.europesays.com\/fr\/576778\/"},"modified":"2025-12-04T04:32:12","modified_gmt":"2025-12-04T04:32:12","slug":"a-marseille-les-visiteurs-decus-atomisent-le-marche-de-noel-il-est-vraiment-nul","status":"publish","type":"post","link":"https:\/\/www.europesays.com\/fr\/576778\/","title":{"rendered":"\u00c0 Marseille, les visiteurs d\u00e9\u00e7us atomisent le march\u00e9 de No\u00ebl : \u00ab\u00a0Il est vraiment nul\u00a0\u00bb"},"content":{"rendered":"<p>                    Par<br \/>\n        <strong><br \/>\n            <a href=\"https:\/\/actu.fr\/auteur\/thibault-nadal-actu-fr\" title=\"Consulter tous les articles de Thibault Nadal\" target=\"_blank\" rel=\"noopener\">Thibault Nadal<\/a><br \/>\n                    <\/strong><\/p>\n<p>        Publi\u00e9 le<\/p>\n<p>            3 d\u00e9c. 2025 \u00e0 17h21        <\/p>\n<p>Le 22\u00a0novembre dernier, <a href=\"https:\/\/actu.fr\/provence-alpes-cote-d-azur\/marseille_13055\/noel-a-marseille-patinoire-luge-concert-a-quoi-s-attendre-pour-les-fetes_63470916.html\" target=\"_blank\" rel=\"noopener\">le march\u00e9 de No\u00ebl<\/a> de <a href=\"https:\/\/actu.fr\/marseille\/\" target=\"_blank\" rel=\"noopener\">Marseille<\/a> ouvrait ses portes au public avec la promesse de transporter les habitants durant cette p\u00e9riode \u00ab\u2009magique\u2009\u00bb. Mais pour Sumerda, ce fut <strong>la douche froide<\/strong>. Cette Marseillaise, m\u00e8re d\u2019un petit gar\u00e7on, a \u00e9t\u00e9 fortement d\u00e9\u00e7ue lorsqu\u2019elle a d\u00e9cid\u00e9 de se rendre sur le bas de la Canebi\u00e8re dans le 1er arrondissement.<\/p>\n<p class=\" wall-content\">\u00ab\u2009C\u2019est toujours la m\u00eame chose. <strong>Il n\u2019y a jamais rien de nouveau<\/strong>, m\u00eame pas de man\u00e8ge pour les enfants. Il est vraiment nul\u2009\u00bb, ass\u00e8ne-t-elle, vraiment d\u00e9\u00e7ue de sa visite.<\/p>\n<p>Un manque de choix et des prix critiqu\u00e9s<\/p>\n<p class=\" wall-content\">Cette ann\u00e9e, ce sont 50 artisans et cr\u00e9ateurs qui ont pos\u00e9 leur valise \u00e0 deux pas du Vieux-Port. \u00ab\u2009Les visiteurs pourront y d\u00e9couvrir des savons et cosm\u00e9tiques, des bijoux et accessoires, des compositions florales, des bougies et objets de d\u00e9corations, des biscuits et autres gourmandises\u2009\u00bb, pr\u00e9cise la Ville sur <a href=\"https:\/\/www.marseille-tourisme.com\/vivez-marseille-blog\/agenda\/marche-de-noel-marseille-1er-fr-5257445\/\" target=\"_blank\" rel=\"noopener\">son site<\/a>. Avec \u00e9galement la promesse \u00ab\u2009d\u2019un espace proposant\u00a0des sp\u00e9cialit\u00e9s culinaires pour toutes et tous\u2009\u00bb.<\/p>\n<p class=\" wall-content\">Un constat que ne partage pas la m\u00e8re de famille. Elle d\u00e9plore \u00ab\u2009<strong>le manque de choix<\/strong> en termes de nourriture\u2009\u00bb. Laura d\u00e9plore plut\u00f4t <strong>une \u00ab\u2009surrepr\u00e9sentation de la nourriture\u2009\u00bb<\/strong> avec une pr\u00e9dominance des sandwichs au fromage et de sp\u00e9cialit\u00e9s sucr\u00e9es. Le tout vendu \u00e0 des \u00ab\u2009prix exorbitants\u2009\u00bb.<\/p>\n<p>\u00ab\u2009\u00c7a ne casse pas la baraque\u2009\u00bb<\/p>\n<p class=\" wall-content\">Ces critiques se sont m\u00eame \u00e9tendues sur <a href=\"https:\/\/actu.fr\/tag\/reseaux-sociaux\" target=\"_blank\" rel=\"noopener\">les r\u00e9seaux sociaux<\/a> o\u00f9 plusieurs personnes ont \u00e9gratign\u00e9 le march\u00e9 de No\u00ebl. Une vid\u00e9o a notamment \u00e9t\u00e9 <strong>vue pr\u00e8s de 22\u2009000\u00a0fois<\/strong> avec pour titre\u2009: \u00ab\u2009En bref, c\u2019\u00e9tait nul.\u2009\u00bb Dans celle-ci, une jeune femme originaire de Strasbourg, la capitale de No\u00ebl en France, pose d\u2019embl\u00e9e un constat froid. \u00ab\u2009Ce n\u2019est vraiment pas \u00e7a.\u2009\u00bb<\/p>\n<blockquote class=\"tiktok-embed\" cite=\"https:\/\/www.tiktok.com\/@__2414l\/video\/7577451248929017090\" data-video-id=\"7577451248929017090\" data-embed-from=\"oembed\" style=\"max-width:605px; min-width:325px;\"><p>\n<a target=\"_blank\" title=\"@__2414l\" href=\"https:\/\/www.tiktok.com\/@__2414l?refer=embed\" rel=\"noopener\">@__2414l<\/a> <\/p>\n<p>En bref, c\u2019\u00e9tait nul \ud83e\udee9\ud83e\udee9 <a title=\"christmas\" target=\"_blank\" href=\"https:\/\/www.tiktok.com\/tag\/christmas?refer=embed\" rel=\"noopener\">#christmas<\/a> <a title=\"marchedenoel\" target=\"_blank\" href=\"https:\/\/www.tiktok.com\/tag\/marchedenoel?refer=embed\" rel=\"noopener\">#marchedenoel<\/a> <a title=\"pourtoi\" target=\"_blank\" href=\"https:\/\/www.tiktok.com\/tag\/pourtoi?refer=embed\" rel=\"noopener\">#pourtoi<\/a> <a title=\"marseille\" target=\"_blank\" href=\"https:\/\/www.tiktok.com\/tag\/marseille?refer=embed\" rel=\"noopener\">#marseille<\/a> <a title=\"fyp\" target=\"_blank\" href=\"https:\/\/www.tiktok.com\/tag\/fyp?refer=embed\" rel=\"noopener\">#fyp<\/a> <\/p>\n<p> <a target=\"_blank\" title=\"\u266c Christmas Nostalgia - NC MUSIC\" href=\"https:\/\/www.tiktok.com\/music\/Christmas-Nostalgia-7376236812938168346?refer=embed\" rel=\"noopener\">\u266c Christmas Nostalgia \u2013 NC MUSIC<\/a> <\/p>\n<\/blockquote>\n<p class=\" wall-content\">Comme Laura, elle <strong>regrette la taille de ce march\u00e9 de No\u00ebl<\/strong>, jug\u00e9 trop petit et trop \u00e9troit. Apr\u00e8s s\u2019\u00eatre balad\u00e9e dans les all\u00e9es, elle livre son avis.<\/p>\n<p>Votre r\u00e9gion, votre actu !<\/p>\n<p>Recevez chaque jour les infos qui comptent pour vous.<\/p>\n<p>\t<a href=\"https:\/\/actu.fr\/newsletter\" class=\"ac-btn ac-btn--corner ac-btn--medium ac-btn--blue800\" target=\"_blank\" rel=\"noopener\">S&rsquo;incrire<\/a><\/p>\n<blockquote class=\"ac-article-quote wall-content\">\n<p>\u00c7a ne casse pas la baraque. Ma meilleure pote \u00e9tait en d\u00e9pression, car on venait juste pour l&rsquo;aligot et il n&rsquo;y a pas de stand. Franchement, allez ailleurs.<\/p>\n<p>    <strong\/>\n            <\/p><\/blockquote>\n<p class=\" wall-content\">Dans les commentaires, les internautes donnent raison \u00e0 la jeune femme. \u00ab\u2009Le march\u00e9 de No\u00ebl est ridicule\u2009\u00bb. \u00ab\u2009Soyons honn\u00eates l\u00e0, il n\u2019y a rien d\u2019int\u00e9ressant au march\u00e9 de No\u00ebl de Marseille en comparaison avec la taille de la ville\u2009\u00bb, ou encore\u2009: <strong>\u00ab\u2009La magie de No\u00ebl n\u2019est pas l\u00e0\u2009\u00bb<\/strong>.<\/p>\n<p class=\" wall-content\">Le march\u00e9 de No\u00ebl, comme la Foire aux santons, doivent se tenir <strong>jusqu\u2019au 4\u00a0janvier 2026<\/strong>.<\/p>\n<p class=\" wall-content\">Personnalisez votre actualit\u00e9 en ajoutant vos villes et m\u00e9dias en favori avec <a href=\"https:\/\/moncompte.actu.fr\" title=\"D\u00e9couvez Mon Actu\" rel=\"nofollow noopener\" data-trk=\"{&quot;cta&quot;:{&quot;action&quot;:&quot;https:\\\/\\\/moncompte.actu.fr&quot;,&quot;category&quot;:&quot;mon compte&quot;,&quot;from&quot;:&quot;article footer&quot;,&quot;name&quot;:&quot;Mon actu&quot;,&quot;type&quot;:&quot;cta&quot;}}\" target=\"_blank\">Mon Actu<\/a>.<\/p>\n<p>                    <script async src=\"\/\/www.tiktok.com\/embed.js\"><\/script><\/p>\n","protected":false},"excerpt":{"rendered":"Par Thibault Nadal Publi\u00e9 le 3 d\u00e9c. 2025 \u00e0 17h21 Le 22\u00a0novembre dernier, le march\u00e9 de No\u00ebl de&hellip;\n","protected":false},"author":2,"featured_media":576779,"comment_status":"","ping_status":"","sticky":false,"template":"","format":"standard","meta":{"footnotes":""},"categories":[2814],"tags":[1111,11,1777,674,1011,27,884,12,15830,882,25,104],"class_list":{"0":"post-576778","1":"post","2":"type-post","3":"status-publish","4":"format-standard","5":"has-post-thumbnail","7":"category-marseille","8":"tag-actu","9":"tag-actualites","10":"tag-eu","11":"tag-europe","12":"tag-fr","13":"tag-france","14":"tag-marseille","15":"tag-news","16":"tag-noel","17":"tag-provence-alpes-cote-dazur","18":"tag-republique-francaise","19":"tag-societe"},"share_on_mastodon":{"url":"https:\/\/pubeurope.com\/@fr\/115659429938522732","error":""},"_links":{"self":[{"href":"https:\/\/www.europesays.com\/fr\/wp-json\/wp\/v2\/posts\/576778","targetHints":{"allow":["GET"]}}],"collection":[{"href":"https:\/\/www.europesays.com\/fr\/wp-json\/wp\/v2\/posts"}],"about":[{"href":"https:\/\/www.europesays.com\/fr\/wp-json\/wp\/v2\/types\/post"}],"author":[{"embeddable":true,"href":"https:\/\/www.europesays.com\/fr\/wp-json\/wp\/v2\/users\/2"}],"replies":[{"embeddable":true,"href":"https:\/\/www.europesays.com\/fr\/wp-json\/wp\/v2\/comments?post=576778"}],"version-history":[{"count":0,"href":"https:\/\/www.europesays.com\/fr\/wp-json\/wp\/v2\/posts\/576778\/revisions"}],"wp:featuredmedia":[{"embeddable":true,"href":"https:\/\/www.europesays.com\/fr\/wp-json\/wp\/v2\/media\/576779"}],"wp:attachment":[{"href":"https:\/\/www.europesays.com\/fr\/wp-json\/wp\/v2\/media?parent=576778"}],"wp:term":[{"taxonomy":"category","embeddable":true,"href":"https:\/\/www.europesays.com\/fr\/wp-json\/wp\/v2\/categories?post=576778"},{"taxonomy":"post_tag","embeddable":true,"href":"https:\/\/www.europesays.com\/fr\/wp-json\/wp\/v2\/tags?post=576778"}],"curies":[{"name":"wp","href":"https:\/\/api.w.org\/{rel}","templated":true}]}}