{"id":576780,"date":"2025-12-04T04:33:20","date_gmt":"2025-12-04T04:33:20","guid":{"rendered":"https:\/\/www.europesays.com\/fr\/576780\/"},"modified":"2025-12-04T04:33:20","modified_gmt":"2025-12-04T04:33:20","slug":"a-marseille-le-petit-seminaire-se-la-coule-verte-liberation","status":"publish","type":"post","link":"https:\/\/www.europesays.com\/fr\/576780\/","title":{"rendered":"A Marseille, le Petit S\u00e9minaire se la coule verte \u2013 Lib\u00e9ration"},"content":{"rendered":"<p class=\"sc-cPiKLX AiZTS text-element\"><b>Comment r\u00e9concilier m\u00e9tropoles et campagnes, p\u00e9riph\u00e9ries et centres-villes, \u00e9cologie et habitat ? Plong\u00e9e, en partenariat avec Popsu (la Plateforme d\u2019observation des projets et strat\u00e9gies urbaines) dans les <\/b><a href=\"https:\/\/www.liberation.fr\/dossier\/le-temps-des-villes\/\" target=\"_blank\" rel=\"noopener\" title=\"https:\/\/www.liberation.fr\/dossier\/le-temps-des-villes\/\"><b>initiatives qui am\u00e9liorent les politiques urbaines<\/b><\/a><b>.<\/b><\/p>\n<p class=\"sc-cPiKLX AiZTS text-element\">Les abords de l\u2019ancienne cit\u00e9 du Petit S\u00e9minaire, dans le nord-est de Marseille, voient encore s\u2019amonceler des d\u00e9p\u00f4ts sauvages de pneus, sacs de gravats et autres d\u00e9chets, que n\u2019emp\u00eachent pas les bordures de b\u00e9ton ni les nettoyages. Mais des riverains commencent \u00e0 y projeter \u00abune existence plus douce, plus apais\u00e9e\u00bb, selon les mots d\u2019Hadjira Anli, 33 ans. Elle vit dans le quartier depuis huit ans et a vu le \u00absquattage\u00bb puis la d\u00e9molition des quatre b\u00e2timents de cet embl\u00e9matique programme d\u2019habitation. Dans les ann\u00e9es 1960, il s\u2019agissait alors de r\u00e9sorber une part des bidonvilles de Marseille sur un site agricole et isol\u00e9, aujourd\u2019hui voisin des grands ensembles de logements sociaux de Frais-Vallon. \u00abEn tant qu\u2019habitant, on a eu pas mal d\u2019\u00e9motions, de la peur, de la tristesse\u00bb, rembobine cette m\u00e8re de cinq enfants qui s\u2019est \u00aborganis\u00e9e\u00bb pour participer au jury citoyen de la consultation Quartiers de demain ainsi qu\u2019\u00e0 la commission finale d\u00e9signant le projet laur\u00e9at.<\/p>\n<p class=\"sc-cPiKLX AiZTS text-element\">\u00abL\u2019id\u00e9e est de poursuivre cette coconstruction avec les habitants, l\u2019un des marqueurs du projet, quand il s\u2019agira de choisir l\u2019emplacement d\u2019un passage pi\u00e9ton, des bancs, d\u2019un terrain de sport\u00bb, assure Fabien Grosjean, directeur de l\u2019am\u00e9nagement et la programmation urbaine \u00e0 la m\u00e9tropole Aix-Marseille-Provence. Avec la conviction que \u00abc\u2019est par le paysage que l\u2019on va refaire du liant\u00bb.<\/p>\n<p class=\"sc-cPiKLX AiZTS text-element\">Le site marseillais prenant place au c\u0153ur d\u2019un vallon o\u00f9 se dessine d\u00e9j\u00e0 une trame verte, le territoire a voulu des candidatures paysagistes. Face \u00e0 \u00abl\u2019approche grand paysage\u00bb de l\u2019agence Foll\u00e9a-Gautier et au \u00abvaste parc ferm\u00e9 \u00e0 l\u2019effet waouh\u00bb de l\u2019agence Ilex, le projet AMT de \u00abfaire quartier autour d\u2019un paysage renaissant\u00bb a emport\u00e9 la donne par son \u00abapproche tr\u00e8s sensible\u00bb. \u00abJ\u2019ai l\u2019intime conviction, qu\u2019une fois r\u00e9alis\u00e9, c\u2019est comme s\u2019il aura toujours \u00e9t\u00e9 l\u00e0\u00bb, dit Fabien Grosjean.<\/p>\n<p class=\"sc-cPiKLX AiZTS text-element\">Les quatre hectares d\u2019espaces verts \u00e0 venir s\u2019\u00e9tireront en longueur, m\u00e9nageant diff\u00e9rents espaces autour de la large \u00abpromenade du Petit S\u00e9minaire\u00bb, colonne vert\u00e9brale de ce projet de 4,3 millions d\u2019euros, et davantage (6,5 millions d\u2019euros) si l\u2019on inclut la voirie, d\u00e9plac\u00e9e et r\u00e9am\u00e9nag\u00e9e pour une circulation plus douce. Les travaux devraient d\u00e9buter en 2027. \u00abNotre proposition s\u2019appuie sur la reconnaissance des richesses naturelles du vallon de la Maurelle o\u00f9 se loge le quartier\u00bb, explique Marion Talagrand, associ\u00e9e fondatrice chez AMT-Projets urbains, paysagers et de territoire, qui aime ces \u00abmicrohistoires \u00e0 trouver in situ, et qui peuvent \u00eatre g\u00e9n\u00e9ratrices du dessin m\u00eame du projet\u00bb. Il s\u2019agit ainsi de \u00abrenverser la hi\u00e9rarchie\u00bb, de \u00abpartir du paysage\u00bb pour \u00abde proche en proche, aborder les questions de mobilit\u00e9 et d\u2019usage des espaces publics\u00bb.<\/p>\n<p class=\"sc-cPiKLX AiZTS text-element\">La question du cycle de l\u2019eau \u00e9tait aussi un challenge pos\u00e9 aux \u00e9quipes. L\u2019agence y a r\u00e9pondu par un syst\u00e8me de petites digues ou micro-retenues sur toute la longueur du vallon, pour r\u00e9guler le risque d\u2019inondation mais aussi permettre aux arbres et v\u00e9g\u00e9taux d\u2019assurer leur fonction d\u2019\u00abhavre climatique\u00bb pour demain.<\/p>\n<p class=\"sc-cPiKLX AiZTS text-element\">Sur la friche laiss\u00e9e par l\u2019ancienne cit\u00e9, un chat gris se risque pour le moment au milieu des buissons bas. \u00abIl faut imaginer un jardin \u00e0 flanc de coteau, qui viendra se connecter \u00e0 la coul\u00e9e verte\u00bb, d\u00e9crit Fabien Grosjean. L\u2019agence a propos\u00e9 un lieu d\u00e9di\u00e9 au jardinage, \u00e0 la cueillette, \u00abcomme le font d\u00e9j\u00e0 certains habitants sur ces terrains d\u00e9laiss\u00e9s\u00bb. \u00abL\u2019hypoth\u00e8se que nous avons pos\u00e9e est que la renaissance d\u2019un paysage peut \u00eatre l\u2019aiguillon de cette dynamique de quartier, l\u2019\u00e9nergie irriguant les forces en pr\u00e9sence.\u00bb<\/p>\n<p class=\"sc-cPiKLX AiZTS text-element\">Reste la question de l\u2019entretien futur de ces espaces verts. La m\u00e9tropole a propos\u00e9 \u00e0 la ville une convention de gestion, \u00abc\u2019est en discussion\u00bb, affirme-t-elle. Au Petit S\u00e9minaire, la \u00abconsultation internationale a aussi co\u00efncid\u00e9 avec la r\u00e9\u00e9criture du nouveau projet de quartier\u00bb, se r\u00e9jouit Marion Chr\u00e9tien, cheffe de projet animation territoriale. \u00abLes jur\u00e9s citoyens avaient des contacts directs avec les \u00e9quipes de conception, continue-t-elle. Ils ont eu l\u2019espace et le temps pour formaliser les choses, porter leurs id\u00e9es.\u00bb<\/p>\n<p class=\"sc-cPiKLX AiZTS text-element\">\u00abC\u2019\u00e9tait une d\u00e9couverte pour moi, raconte Hadjira Anli, un univers nouveau mais profond\u00e9ment enrichissant, qui m\u2019a touch\u00e9e bien plus que je ne l\u2019imaginais. C\u2019est une nouvelle histoire que nous entreprenons d\u2019\u00e9crire.\u00bb Une histoire dont elle entend bien \u00eatre \u00abt\u00e9moin de la suite\u00bb.<\/p>\n","protected":false},"excerpt":{"rendered":"Comment r\u00e9concilier m\u00e9tropoles et campagnes, p\u00e9riph\u00e9ries et centres-villes, \u00e9cologie et habitat ? Plong\u00e9e, en partenariat avec Popsu (la&hellip;\n","protected":false},"author":2,"featured_media":576781,"comment_status":"","ping_status":"","sticky":false,"template":"","format":"standard","meta":{"footnotes":""},"categories":[2814],"tags":[1111,11,1777,674,1011,27,60203,884,12,882,25],"class_list":{"0":"post-576780","1":"post","2":"type-post","3":"status-publish","4":"format-standard","5":"has-post-thumbnail","7":"category-marseille","8":"tag-actu","9":"tag-actualites","10":"tag-eu","11":"tag-europe","12":"tag-fr","13":"tag-france","14":"tag-le-temps-des-villes","15":"tag-marseille","16":"tag-news","17":"tag-provence-alpes-cote-dazur","18":"tag-republique-francaise"},"share_on_mastodon":{"url":"https:\/\/pubeurope.com\/@fr\/115659433861528878","error":""},"_links":{"self":[{"href":"https:\/\/www.europesays.com\/fr\/wp-json\/wp\/v2\/posts\/576780","targetHints":{"allow":["GET"]}}],"collection":[{"href":"https:\/\/www.europesays.com\/fr\/wp-json\/wp\/v2\/posts"}],"about":[{"href":"https:\/\/www.europesays.com\/fr\/wp-json\/wp\/v2\/types\/post"}],"author":[{"embeddable":true,"href":"https:\/\/www.europesays.com\/fr\/wp-json\/wp\/v2\/users\/2"}],"replies":[{"embeddable":true,"href":"https:\/\/www.europesays.com\/fr\/wp-json\/wp\/v2\/comments?post=576780"}],"version-history":[{"count":0,"href":"https:\/\/www.europesays.com\/fr\/wp-json\/wp\/v2\/posts\/576780\/revisions"}],"wp:featuredmedia":[{"embeddable":true,"href":"https:\/\/www.europesays.com\/fr\/wp-json\/wp\/v2\/media\/576781"}],"wp:attachment":[{"href":"https:\/\/www.europesays.com\/fr\/wp-json\/wp\/v2\/media?parent=576780"}],"wp:term":[{"taxonomy":"category","embeddable":true,"href":"https:\/\/www.europesays.com\/fr\/wp-json\/wp\/v2\/categories?post=576780"},{"taxonomy":"post_tag","embeddable":true,"href":"https:\/\/www.europesays.com\/fr\/wp-json\/wp\/v2\/tags?post=576780"}],"curies":[{"name":"wp","href":"https:\/\/api.w.org\/{rel}","templated":true}]}}