{"id":576782,"date":"2025-12-04T04:34:17","date_gmt":"2025-12-04T04:34:17","guid":{"rendered":"https:\/\/www.europesays.com\/fr\/576782\/"},"modified":"2025-12-04T04:34:17","modified_gmt":"2025-12-04T04:34:17","slug":"lyon-un-homme-entre-la-vie-et-la-mort-apres-un-incendie-dans-un-immeuble-en-pleine-nuit","status":"publish","type":"post","link":"https:\/\/www.europesays.com\/fr\/576782\/","title":{"rendered":"Lyon :\u00a0un homme entre la vie et la mort\u00a0apr\u00e8s un incendie dans un immeuble en pleine nuit"},"content":{"rendered":"<p itemprop=\"description\"><strong>Les soldats du feu ont \u00e9vacu\u00e9 une vingtaine d\u2019habitants en pleine nuit.<\/strong><\/p>\n<p>Les habitants du 16 rue Cottin, entre Gorge-de-Loup et Valmy, ont \u00e9t\u00e9 tir\u00e9s de leur sommeil dans la nuit de mardi \u00e0 mercredi par un incendie survenu aux alentours d&rsquo;1h30. Le feu s\u2019est d\u00e9clar\u00e9 dans l\u2019un des logements de cet ensemble r\u00e9sidentiel du 9e arrondissement de Lyon.<\/p>\n<p>Selon les premiers \u00e9l\u00e9ments, un homme de\u00a077 ans\u00a0a \u00e9t\u00e9 gri\u00e8vement bless\u00e9, rapporte le Progr\u00e8s. \u00a0Pris en charge par les secours en\u00a0urgence absolue, il a \u00e9t\u00e9 transport\u00e9 \u00e0 l\u2019h\u00f4pital avec un\u00a0pronostic vital engag\u00e9. Une seconde victime, touch\u00e9e plus l\u00e9g\u00e8rement, a \u00e9galement \u00e9t\u00e9 \u00e9vacu\u00e9e vers un centre hospitalier.<\/p>\n<p>L\u2019intervention a mobilis\u00e9\u00a0une trentaine de pompiers, d\u00e9p\u00each\u00e9s sur place pour \u00e9teindre les flammes et s\u00e9curiser le b\u00e2timent. Par pr\u00e9caution, une\u00a0vingtaine d\u2019habitants\u00a0a \u00e9t\u00e9 \u00e9vacu\u00e9e pendant l\u2019op\u00e9ration. Ils ont pu regagner leurs logements une fois le sinistre ma\u00eetris\u00e9.<\/p>\n<p>\u00c0 ce stade,\u00a0l\u2019origine de l\u2019incendie reste inconnue. Une enqu\u00eate devra d\u00e9terminer ce qui a d\u00e9clench\u00e9 le feu dans cet immeuble.<\/p>\n","protected":false},"excerpt":{"rendered":"Les soldats du feu ont \u00e9vacu\u00e9 une vingtaine d\u2019habitants en pleine nuit. Les habitants du 16 rue Cottin,&hellip;\n","protected":false},"author":2,"featured_media":576783,"comment_status":"","ping_status":"","sticky":false,"template":"","format":"standard","meta":{"footnotes":""},"categories":[1889],"tags":[1111,11,2813,2190,2430,1109,251,1112,2811,1777,674,118,1011,27,1922,1110,1114,2428,2810,12,241,316,25,2812,517,800],"class_list":{"0":"post-576782","1":"post","2":"type-post","3":"status-publish","4":"format-standard","5":"has-post-thumbnail","7":"category-lyon","8":"tag-actu","9":"tag-actualites","10":"tag-article","11":"tag-asvel","12":"tag-auvergne-rhone-alpes","13":"tag-breves","14":"tag-culture","15":"tag-depeches","16":"tag-economique","17":"tag-eu","18":"tag-europe","19":"tag-faits-divers","20":"tag-fr","21":"tag-france","22":"tag-info","23":"tag-informations","24":"tag-infos","25":"tag-lyon","26":"tag-lyonmag","27":"tag-news","28":"tag-ol","29":"tag-politique","30":"tag-republique-francaise","31":"tag-sociale","32":"tag-sport","33":"tag-transports"},"share_on_mastodon":{"url":"https:\/\/pubeurope.com\/@fr\/115659437818969963","error":""},"_links":{"self":[{"href":"https:\/\/www.europesays.com\/fr\/wp-json\/wp\/v2\/posts\/576782","targetHints":{"allow":["GET"]}}],"collection":[{"href":"https:\/\/www.europesays.com\/fr\/wp-json\/wp\/v2\/posts"}],"about":[{"href":"https:\/\/www.europesays.com\/fr\/wp-json\/wp\/v2\/types\/post"}],"author":[{"embeddable":true,"href":"https:\/\/www.europesays.com\/fr\/wp-json\/wp\/v2\/users\/2"}],"replies":[{"embeddable":true,"href":"https:\/\/www.europesays.com\/fr\/wp-json\/wp\/v2\/comments?post=576782"}],"version-history":[{"count":0,"href":"https:\/\/www.europesays.com\/fr\/wp-json\/wp\/v2\/posts\/576782\/revisions"}],"wp:featuredmedia":[{"embeddable":true,"href":"https:\/\/www.europesays.com\/fr\/wp-json\/wp\/v2\/media\/576783"}],"wp:attachment":[{"href":"https:\/\/www.europesays.com\/fr\/wp-json\/wp\/v2\/media?parent=576782"}],"wp:term":[{"taxonomy":"category","embeddable":true,"href":"https:\/\/www.europesays.com\/fr\/wp-json\/wp\/v2\/categories?post=576782"},{"taxonomy":"post_tag","embeddable":true,"href":"https:\/\/www.europesays.com\/fr\/wp-json\/wp\/v2\/tags?post=576782"}],"curies":[{"name":"wp","href":"https:\/\/api.w.org\/{rel}","templated":true}]}}