{"id":576792,"date":"2025-12-04T04:41:23","date_gmt":"2025-12-04T04:41:23","guid":{"rendered":"https:\/\/www.europesays.com\/fr\/576792\/"},"modified":"2025-12-04T04:41:23","modified_gmt":"2025-12-04T04:41:23","slug":"en-difficulte-les-salles-de-sport-du-geant-low-cost-easyjet-battent-de-laile-a-paris","status":"publish","type":"post","link":"https:\/\/www.europesays.com\/fr\/576792\/","title":{"rendered":"En difficult\u00e9, les salles de sport du g\u00e9ant low cost easyJet battent de l&rsquo;aile \u00e0 Paris"},"content":{"rendered":"<p>                    Par<br \/>\n        <strong><br \/>\n            <a href=\"https:\/\/actu.fr\/auteur\/antoine-grotteria02\" title=\"Consulter tous les articles de Antoine Grotteria\" target=\"_blank\" rel=\"noopener\">Antoine Grotteria<\/a><br \/>\n                    <\/strong><\/p>\n<p>        Publi\u00e9 le<\/p>\n<p>            3 d\u00e9c. 2025 \u00e0 17h58        <\/p>\n<p>C\u2019est un bonbon orange bien identifi\u00e9 par les nervis des <a href=\"https:\/\/actu.fr\/tag\/reseaux-sociaux\" target=\"_blank\" rel=\"noopener\">r\u00e9seaux sociaux<\/a>. Musique d\u2019ambiance crach\u00e9e \u00e0 hauts d\u00e9cibels et lumi\u00e8re tapageuse, <strong>easyGym<\/strong>, qui repr\u00e9sente l\u2019enseigne des salles de sport du groupe <a href=\"https:\/\/actu.fr\/grand-est\/strasbourg_67482\/easyjet-va-relier-une-nouvelle-ville-francaise-depuis-l-aeroport-de-strasbourg-voici-laquelle_63518197.html\" target=\"_blank\" rel=\"noopener\">easyJet<\/a> soigne son identit\u00e9 visuelle autant qu\u2019elle met en sc\u00e8ne un <strong>sport \u00ab\u2009accessible\u2009\u00bb<\/strong> \u00e0 partir de 24,90\u00a0euros par mois. Au 5-7 rue du <a href=\"https:\/\/actu.fr\/ile-de-france\/paris_75056\/brigade-du-tigre-a-paris-ce-restaurant-qui-a-rapidement-seduit-le-guide-michelin-poursuit-sur-sa-lancee_62335960.html\" target=\"_blank\" rel=\"noopener\">Faubourg Poissonni\u00e8re<\/a>, dans le 9e arrondissement de <a href=\"http:\/\/actu.fr\/paris\/\" target=\"_blank\" rel=\"noopener\">Paris<\/a>, l\u2019entr\u00e9e plonge directement le client dans cet univers. L\u2019accueil est assur\u00e9 par une femme au tee-shirt orange, dot\u00e9e d\u2019un ordinateur portable. Pourvus de leur sac, les sportifs disposent d\u2019un badge pour p\u00e9n\u00e9trer dans une salle aux couleurs criardes. En cette matin\u00e9e ensoleill\u00e9e du mercredi 3\u00a0d\u00e9cembre 2025, ils sont peu nombreux \u00e0 avoir fait le d\u00e9placement. Dans quelques mois, les adh\u00e9rents ne seront que des souvenirs. Car les affaires d\u2019easyGym\u00a0<strong>p\u00e9riclitent<\/strong> dans la capitale.<\/p>\n<p>Une formule qui fait pschitt<\/p>\n<p class=\" wall-content\">Pr\u00e9sente en Europe depuis plus de dix ans, la filiale du groupe easyJet s\u2019est implant\u00e9e en France en 2019. Dans son projet d\u2019expansion, elle a cibl\u00e9 la capitale, qui repr\u00e9sente un march\u00e9 de choix dans le domaine du fitness. En quelques ann\u00e9es, plusieurs salles ont ouvert, comme l\u2019indiquait <a href=\"https:\/\/www.lemonde.fr\/economie\/article\/2022\/02\/11\/alors-qu-easygym-accelere-son-expansion-les-salles-de-sport-francaises-peinent-a-se-financer_6113206_3234.html\" target=\"_blank\" rel=\"noopener\">Le Monde<\/a> en 2022. Nonobstant les <strong>difficult\u00e9s financi\u00e8res<\/strong> d\u2019un secteur frapp\u00e9 par la crise sanitaire du <a href=\"https:\/\/actu.fr\/societe\/coronavirus\" target=\"_blank\" rel=\"noopener\">Covid-19<\/a>, easyGym s\u2019est d\u00e9velopp\u00e9e en pratiquant des prix attractifs.<\/p>\n<p class=\" wall-content\">De<strong> 24,90\u00a0euros \u00e0 54,90\u00a0euros<\/strong>, l\u2019entreprise, qui a pris le parti de d\u00e9cliner son activit\u00e9 en franchises, propose une formule vari\u00e9e \u00e0 base de machines pour la musculation, de tapis de course, de cours de <a href=\"https:\/\/actu.fr\/ile-de-france\/paris_75056\/le-bien-etre-a-tout-prix-pourquoi-le-pilates-reformer-prospere-dans-les-quartiers-aises-de-paris_62544631.html\" target=\"_blank\" rel=\"noopener\">pilates<\/a> et de yoga. Sur son <a href=\"https:\/\/www.easygym.fr\/?_gl=1%2A1nnr56r%2A_up%2AMQ..%2A_ga%2ANzkxNTU2MDA3LjE3NjQ3Njg0Mjg.%2A_ga_Q6BTN5QEWD%2AczE3NjQ3Njg0MjgkbzEkZzAkdDE3NjQ3Njg0MjgkajYwJGwwJGgxNDg4MzI4MDYx\" target=\"_blank\" rel=\"noopener\">site<\/a>, easyGym \u00e9voque \u00ab\u2009des \u00e9quipements ultra-connect\u00e9s\u2009\u00bb et \u00ab\u2009un design de club unique\u2009\u00bb. La recette ne s\u2019av\u00e8re pas r\u00e9volutionnaire dans cette course aux bas prix. Neoness l\u2019\u00e9prouve \u00e9galement dans sa trentaine de salles en \u00cele-de-France, dont une vingtaine \u00e0 Paris.<\/p>\n<p class=\" wall-content\">Aujourd\u2019hui, le secteur semble <strong>satur\u00e9<\/strong>. Et ce, malgr\u00e9 la reprise amorc\u00e9e apr\u00e8s la crise sanitaire. Selon un rapport publi\u00e9 en 2023, par la <a href=\"https:\/\/www.active-fneapl.fr\/wp-content\/uploads\/2023\/07\/Enquete-SDS-2023-1.pdf\" target=\"_blank\" rel=\"noopener\">F\u00e9d\u00e9ration nationale des entreprises des activit\u00e9s physiques de loisirs (Active-Fneapl)<\/a>, le principal syndicat patronal du secteur avec 1750 entreprises et 6000 salari\u00e9s, 560\u00a0salles de fitness \u00e9taient r\u00e9pertori\u00e9es en <a href=\"https:\/\/actu.fr\/ile-de-france\/\" target=\"_blank\" rel=\"noopener\">\u00cele-de-France<\/a>, soit 4,6 salles pour 100\u2009000\u00a0habitants. Il s\u2019agit de la quatri\u00e8me moyenne r\u00e9gionale, mais de la premi\u00e8re en volume.<\/p>\n<p class=\" wall-content\">Probl\u00e8me, le nombre d\u2019adh\u00e9rents peine \u00e0 retrouver son niveau d\u2019avant le coronavirus. Easygym, qui voulait gonfler les souscriptions, n\u2019a pas r\u00e9ussi son pari. Les adh\u00e9sions stagnent depuis un et demi. Cons\u00e9quence, le nombre de salles a baiss\u00e9 <strong>de moiti\u00e9<\/strong> par rapport \u00e0 2022. Ses deux salles de sport parisiennes, situ\u00e9es pr\u00e8s des Grands Boulevards et du mus\u00e9e du Louvre (1er), figurent parmi les huit survivantes en France. Plus pour longtemps.<\/p>\n<p>    <img   decoding=\"async\" loading=\"lazy\" src=\"https:\/\/www.europesays.com\/fr\/wp-content\/uploads\/2025\/12\/sport-easygym-7-960x640.jpg\" alt=\"La salle de sport easyGym, rue du Faubourg Poissoni\u00e8re, dans le 9e arrondissement de Paris, devrait \u00eatre rachet\u00e9. \" width=\"960\" height=\"640\"\/><br \/>\n    La salle de sport easyGym, rue du Faubourg Poissoni\u00e8re, dans le 9e arrondissement de Paris, va \u00eatre rachet\u00e9e. (\u00a9AG\/ actu Paris)Des offres de reprise<\/p>\n<p class=\" wall-content\">Apr\u00e8s les fermetures de plusieurs salles, dont celles de Daumesnil (12e) et de R\u00e9publique (3e), ses ultimes sites ont \u00e9t\u00e9 plac\u00e9s en <strong>redressement judiciaire<\/strong>, le 2\u00a0septembre 2024, par le\u00a0tribunal des activit\u00e9s \u00e9conomiques de Paris. La juridiction, qui r\u00e8gle les litiges des entreprises, a <a href=\"https:\/\/diffusion.greffe-tc-paris.fr\/ServDPPdf.php?filename=c4a60cf2453044a00573d8227ff10923.pdf&amp;TELECHARGEMENT=N\" target=\"_blank\" rel=\"noopener\">publi\u00e9<\/a> des offres de reprise \u00e9manant d\u2019une autre soci\u00e9t\u00e9 sp\u00e9cialis\u00e9e dans le bien-\u00eatre et l\u2019entretien physique du corps, en octobre\u00a02025.<\/p>\n<p>Votre r\u00e9gion, votre actu !<\/p>\n<p>Recevez chaque jour les infos qui comptent pour vous.<\/p>\n<p>\t<a href=\"https:\/\/actu.fr\/newsletter\" class=\"ac-btn ac-btn--corner ac-btn--medium ac-btn--blue800\" target=\"_blank\" rel=\"noopener\">S&rsquo;incrire<\/a><\/p>\n<p class=\" wall-content\">Pour le moment, les salles restent encore exploit\u00e9es par easyGym. Aucune date de fermeture n\u2019a \u00e9t\u00e9 communiqu\u00e9e par les \u00e9tablissements, qui n\u2019ont pas r\u00e9pondu aux sollicitations d\u2019actu Paris. De son c\u00f4t\u00e9, le pr\u00e9sident du syndicat Active-Fneapl, Thierry Doll, a indiqu\u00e9 \u00e0 actu Paris \u00ab\u2009ne pas \u00eatre en mesure de r\u00e9pondre \u00e0 ces informations en raison de l\u2019adh\u00e9sion des salles g\u00e9r\u00e9es par easyGym au syndicat\u2009\u00bb.<\/p>\n<p class=\" wall-content\">Personnalisez votre actualit\u00e9 en ajoutant vos villes et m\u00e9dias en favori avec <a href=\"https:\/\/moncompte.actu.fr\" title=\"D\u00e9couvez Mon Actu\" rel=\"nofollow noopener\" data-trk=\"{&quot;cta&quot;:{&quot;action&quot;:&quot;https:\\\/\\\/moncompte.actu.fr&quot;,&quot;category&quot;:&quot;mon compte&quot;,&quot;from&quot;:&quot;article footer&quot;,&quot;name&quot;:&quot;Mon actu&quot;,&quot;type&quot;:&quot;cta&quot;}}\" target=\"_blank\">Mon Actu<\/a>.<\/p>\n","protected":false},"excerpt":{"rendered":"Par Antoine Grotteria Publi\u00e9 le 3 d\u00e9c. 2025 \u00e0 17h58 C\u2019est un bonbon orange bien identifi\u00e9 par les&hellip;\n","protected":false},"author":2,"featured_media":576793,"comment_status":"","ping_status":"","sticky":false,"template":"","format":"standard","meta":{"footnotes":""},"categories":[1888],"tags":[11,12527,33,1777,674,1011,27,12,626,25,517],"class_list":{"0":"post-576792","1":"post","2":"type-post","3":"status-publish","4":"format-standard","5":"has-post-thumbnail","7":"category-paris","8":"tag-actualites","9":"tag-easy-jet","10":"tag-economie","11":"tag-eu","12":"tag-europe","13":"tag-fr","14":"tag-france","15":"tag-news","16":"tag-paris","17":"tag-republique-francaise","18":"tag-sport"},"share_on_mastodon":{"url":"https:\/\/pubeurope.com\/@fr\/115659465869614990","error":""},"_links":{"self":[{"href":"https:\/\/www.europesays.com\/fr\/wp-json\/wp\/v2\/posts\/576792","targetHints":{"allow":["GET"]}}],"collection":[{"href":"https:\/\/www.europesays.com\/fr\/wp-json\/wp\/v2\/posts"}],"about":[{"href":"https:\/\/www.europesays.com\/fr\/wp-json\/wp\/v2\/types\/post"}],"author":[{"embeddable":true,"href":"https:\/\/www.europesays.com\/fr\/wp-json\/wp\/v2\/users\/2"}],"replies":[{"embeddable":true,"href":"https:\/\/www.europesays.com\/fr\/wp-json\/wp\/v2\/comments?post=576792"}],"version-history":[{"count":0,"href":"https:\/\/www.europesays.com\/fr\/wp-json\/wp\/v2\/posts\/576792\/revisions"}],"wp:featuredmedia":[{"embeddable":true,"href":"https:\/\/www.europesays.com\/fr\/wp-json\/wp\/v2\/media\/576793"}],"wp:attachment":[{"href":"https:\/\/www.europesays.com\/fr\/wp-json\/wp\/v2\/media?parent=576792"}],"wp:term":[{"taxonomy":"category","embeddable":true,"href":"https:\/\/www.europesays.com\/fr\/wp-json\/wp\/v2\/categories?post=576792"},{"taxonomy":"post_tag","embeddable":true,"href":"https:\/\/www.europesays.com\/fr\/wp-json\/wp\/v2\/tags?post=576792"}],"curies":[{"name":"wp","href":"https:\/\/api.w.org\/{rel}","templated":true}]}}