{"id":576794,"date":"2025-12-04T04:42:15","date_gmt":"2025-12-04T04:42:15","guid":{"rendered":"https:\/\/www.europesays.com\/fr\/576794\/"},"modified":"2025-12-04T04:42:15","modified_gmt":"2025-12-04T04:42:15","slug":"previsions-du-jeudi-4-decembre-2025-6","status":"publish","type":"post","link":"https:\/\/www.europesays.com\/fr\/576794\/","title":{"rendered":"pr\u00e9visions du jeudi 4 d\u00e9cembre 2025"},"content":{"rendered":"<p>Aujourd&rsquo;hui, \u00e0 Paris, l&rsquo;apparition du soleil sera retard\u00e9e par quelques nuages. Il va faire 8\u00b0C en moyenne. Le matin, la m\u00e9t\u00e9o sera marqu\u00e9e par de la bruine. Les temp\u00e9ratures seront comprises entre 7 et 8\u00b0C. La ville sera touch\u00e9e par un vent de sud de 21 km\/h. Avec des nuages l&rsquo;apr\u00e8s-midi, le ciel sera encore couvert. Des pluies \u00e9parses sont pr\u00e9vues. Les valeurs seront de 7\u00b0C au minimum et de 9\u00b0C au plus haut. Une brise de sud-ouest soufflera doucement. On annonce une embellie pour cette soir\u00e9e. Le mercure affichera 7\u00b0C en moyenne. Durant la nuit de jeudi \u00e0 vendredi, le ciel sera d\u00e9pourvu de nuages.<\/p>\n<p>Le soleil appara\u00eet l\u00e9g\u00e8rement demain. Ces \u00e9claircies devraient r\u00e9jouir les Parisiens. Le mercure va descendre de quelques degr\u00e9s. On pr\u00e9voit des temp\u00e9ratures d&rsquo;environ 6\u00b0C. Un modeste vent de sud-ouest sera ressenti par les habitants. Les Parisiens vont avoir froid le matin : les temp\u00e9ratures ne vont pas d\u00e9passer 7\u00b0C. Les valeurs s&rsquo;\u00e9chelonneront de 4 \u00e0 7\u00b0C. Les temp\u00e9ratures afficheront entre 7 et 8\u00b0C demain apr\u00e8s-midi. Des pluies \u00e9parses vont tomber au cours de la soir\u00e9e.<\/p>\n<p>Samedi, le temps sera pluvieux tandis qu&rsquo;une am\u00e9lioration est attendue dimanche.<\/p>\n<p><\/p>\n","protected":false},"excerpt":{"rendered":"Aujourd&rsquo;hui, \u00e0 Paris, l&rsquo;apparition du soleil sera retard\u00e9e par quelques nuages. Il va faire 8\u00b0C en moyenne. Le&hellip;\n","protected":false},"author":2,"featured_media":576795,"comment_status":"","ping_status":"","sticky":false,"template":"","format":"standard","meta":{"footnotes":""},"categories":[1888],"tags":[11,1777,674,1011,27,12,626,2119,25],"class_list":{"0":"post-576794","1":"post","2":"type-post","3":"status-publish","4":"format-standard","5":"has-post-thumbnail","7":"category-paris","8":"tag-actualites","9":"tag-eu","10":"tag-europe","11":"tag-fr","12":"tag-france","13":"tag-news","14":"tag-paris","15":"tag-previsions-meteo","16":"tag-republique-francaise"},"share_on_mastodon":{"url":"https:\/\/pubeurope.com\/@fr\/115659469225512968","error":""},"_links":{"self":[{"href":"https:\/\/www.europesays.com\/fr\/wp-json\/wp\/v2\/posts\/576794","targetHints":{"allow":["GET"]}}],"collection":[{"href":"https:\/\/www.europesays.com\/fr\/wp-json\/wp\/v2\/posts"}],"about":[{"href":"https:\/\/www.europesays.com\/fr\/wp-json\/wp\/v2\/types\/post"}],"author":[{"embeddable":true,"href":"https:\/\/www.europesays.com\/fr\/wp-json\/wp\/v2\/users\/2"}],"replies":[{"embeddable":true,"href":"https:\/\/www.europesays.com\/fr\/wp-json\/wp\/v2\/comments?post=576794"}],"version-history":[{"count":0,"href":"https:\/\/www.europesays.com\/fr\/wp-json\/wp\/v2\/posts\/576794\/revisions"}],"wp:featuredmedia":[{"embeddable":true,"href":"https:\/\/www.europesays.com\/fr\/wp-json\/wp\/v2\/media\/576795"}],"wp:attachment":[{"href":"https:\/\/www.europesays.com\/fr\/wp-json\/wp\/v2\/media?parent=576794"}],"wp:term":[{"taxonomy":"category","embeddable":true,"href":"https:\/\/www.europesays.com\/fr\/wp-json\/wp\/v2\/categories?post=576794"},{"taxonomy":"post_tag","embeddable":true,"href":"https:\/\/www.europesays.com\/fr\/wp-json\/wp\/v2\/tags?post=576794"}],"curies":[{"name":"wp","href":"https:\/\/api.w.org\/{rel}","templated":true}]}}