{"id":576796,"date":"2025-12-04T04:43:19","date_gmt":"2025-12-04T04:43:19","guid":{"rendered":"https:\/\/www.europesays.com\/fr\/576796\/"},"modified":"2025-12-04T04:43:19","modified_gmt":"2025-12-04T04:43:19","slug":"emmanuel-macron-juge-la-cooperation-avec-la-chine-determinante-pour-mettre-fin-au-conflit","status":"publish","type":"post","link":"https:\/\/www.europesays.com\/fr\/576796\/","title":{"rendered":"Emmanuel Macron juge la coop\u00e9ration avec la Chine \u00ab\u00a0d\u00e9terminante\u00a0\u00bb pour mettre fin au conflit"},"content":{"rendered":"<p>   L\u2019Allemagne d\u00e9ploie Arrow pour renforcer sa d\u00e9fense antimissiles face \u00e0 la Russie et s\u00e9curiser le ciel europ\u00e9en               <img decoding=\"async\" class=\"post__live-container--img post__space-node\"  src=\"https:\/\/www.europesays.com\/fr\/wp-content\/uploads\/2025\/12\/559ac3e_ftp-1-psxqgojo5umc-2025-12-03t155515z-418905259-rc219iak1gar-rtrmadp-3-germany-defence.JPG\" data- alt=\"La Luftwaffe pr\u00e9sente un bouclier antimissiles Arrow \u00e0 Annaburg, en Allemagne, le 3\u00a0d\u00e9cembre 2025.\"\/>   La Luftwaffe pr\u00e9sente un bouclier antimissiles Arrow \u00e0 Annaburg, en Allemagne, le 3\u00a0d\u00e9cembre 2025. AXEL SCHMIDT \/ REUTERS               <\/p>\n<p class=\"post__live-container--answer-text post__space-node\">L\u2019arm\u00e9e de l\u2019air allemande a mis en service, mercredi, la premi\u00e8re partie du bouclier antimissiles longue port\u00e9e Arrow, d\u00e9ploy\u00e9 pour la premi\u00e8re fois hors d\u2019Isra\u00ebl et cens\u00e9 renforcer la d\u00e9fense antia\u00e9rienne europ\u00e9enne face \u00e0 la menace russe.<\/p>\n<p class=\"post__live-container--answer-text post__space-node\">L\u2019Allemagne pourra d\u00e9sormais se d\u00e9fendre \u00ab\u00a0contre les missiles balistiques \u00e0 longue port\u00e9e \u00e0 plus de 100 kilom\u00e8tres d\u2019altitude\u00a0\u00bb, a soulign\u00e9 Holger Neumann, l\u2019inspecteur de la Luftwaffe, lors d\u2019une c\u00e9r\u00e9monie sur la base a\u00e9rienne de Holzdorf, au sud de Berlin et dans l\u2019est du pays.<\/p>\n<p class=\"post__live-container--answer-text post__space-node\">Ce rad\u00f4me (une enceinte protectrice, souvent en forme de d\u00f4me, qui abrite une antenne radar) est le premier site op\u00e9rationnel pour un projet qui co\u00fbtera \u00e0 terme 3,8\u00a0milliards d\u2019euros au pays, a expliqu\u00e9 lors d\u2019un point presse s\u00e9par\u00e9 le colonel Mitko M\u00fcller, porte-parole du minist\u00e8re de la d\u00e9fense. Berlin vise le d\u00e9ploiement complet de son syst\u00e8me en\u00a02028 avec \u00ab\u00a0la finalisation du dernier site\u00a0\u00bb, a-t-il annonc\u00e9 sans pr\u00e9ciser les emplacements des autres sites.<\/p>\n<p class=\"post__live-container--answer-text post__space-node\">D\u00e9velopp\u00e9 et produit conjointement par Isra\u00ebl et les Etats-Unis, le missile Arrow 3, derni\u00e8re version d\u00e9ploy\u00e9e en\u00a02017, est ainsi utilis\u00e9 pour la premi\u00e8re fois en dehors d\u2019Isra\u00ebl.<\/p>\n<p class=\"post__live-container--answer-text post__space-node\">Au Proche-Orient ces deux derni\u00e8res ann\u00e9es, il a permis d\u2019\u00ab\u00a0intercepter des dizaines de missiles balistiques\u00a0\u00bb, a affirm\u00e9 Amir Baram, un haut responsable du minist\u00e8re de la d\u00e9fense isra\u00e9lien, \u00e0 Holzdorf, o\u00f9 le drapeau isra\u00e9lien a \u00e9t\u00e9 hiss\u00e9. Avec Arrow, Berlin \u00ab\u00a0prend ses responsabilit\u00e9s\u00a0\u00bb et \u00ab\u00a0renforce le pilier europ\u00e9en de l\u2019OTAN\u00a0\u00bb, a soulign\u00e9 le ministre de la d\u00e9fense, Boris Pistorius, dans un communiqu\u00e9.<\/p>\n<p class=\"post__live-container--answer-text post__space-node\">Cette mise en service marque une \u00e9tape suppl\u00e9mentaire dans le renforcement de l\u2019arm\u00e9e allemande, priorit\u00e9 du gouvernement depuis l\u2019invasion \u00e0 grande \u00e9chelle de l\u2019Ukraine par la Russie d\u00e9but 2022.<\/p>\n<p class=\"post__live-container--answer-text post__space-node\">La mise en service d\u2019Arrow vient compl\u00e9ter le projet allemand de bouclier a\u00e9rien\u00a0European Sky Shield (ESSI), pr\u00e9sent\u00e9 par Berlin en ao\u00fbt\u00a02022, qui associe ses missiles Iris-T pour la d\u00e9fense de courte port\u00e9e, et les syst\u00e8mes am\u00e9ricains Patriot pour les missiles moyenne port\u00e9e.<\/p>\n<p class=\"post__live-container--answer-text post__space-node\">L\u2019Allemagne est \u00e0 la t\u00eate de ce projet europ\u00e9en qui rassemble d\u00e9sormais 24 Etats, dont le Royaume-Uni, mais pas la France. Paris pr\u00f4ne en effet un syst\u00e8me de d\u00e9fense a\u00e9rienne utilisant des \u00e9quipements europ\u00e9ens. Mais pour Berlin, la priorit\u00e9 est d\u2019aller vite face \u00e0 la menace russe.<\/p>\n","protected":false},"excerpt":{"rendered":"L\u2019Allemagne d\u00e9ploie Arrow pour renforcer sa d\u00e9fense antimissiles face \u00e0 la Russie et s\u00e9curiser le ciel europ\u00e9en La&hellip;\n","protected":false},"author":2,"featured_media":576797,"comment_status":"","ping_status":"","sticky":false,"template":"","format":"standard","meta":{"footnotes":""},"categories":[1591],"tags":[11,1887,12,1885,1886,132],"class_list":{"0":"post-576796","1":"post","2":"type-post","3":"status-publish","4":"format-standard","5":"has-post-thumbnail","7":"category-russie","8":"tag-actualites","9":"tag-federation-de-russie","10":"tag-news","11":"tag-russia","12":"tag-russian-federation","13":"tag-russie"},"share_on_mastodon":{"url":"https:\/\/pubeurope.com\/@fr\/115659474497471268","error":""},"_links":{"self":[{"href":"https:\/\/www.europesays.com\/fr\/wp-json\/wp\/v2\/posts\/576796","targetHints":{"allow":["GET"]}}],"collection":[{"href":"https:\/\/www.europesays.com\/fr\/wp-json\/wp\/v2\/posts"}],"about":[{"href":"https:\/\/www.europesays.com\/fr\/wp-json\/wp\/v2\/types\/post"}],"author":[{"embeddable":true,"href":"https:\/\/www.europesays.com\/fr\/wp-json\/wp\/v2\/users\/2"}],"replies":[{"embeddable":true,"href":"https:\/\/www.europesays.com\/fr\/wp-json\/wp\/v2\/comments?post=576796"}],"version-history":[{"count":0,"href":"https:\/\/www.europesays.com\/fr\/wp-json\/wp\/v2\/posts\/576796\/revisions"}],"wp:featuredmedia":[{"embeddable":true,"href":"https:\/\/www.europesays.com\/fr\/wp-json\/wp\/v2\/media\/576797"}],"wp:attachment":[{"href":"https:\/\/www.europesays.com\/fr\/wp-json\/wp\/v2\/media?parent=576796"}],"wp:term":[{"taxonomy":"category","embeddable":true,"href":"https:\/\/www.europesays.com\/fr\/wp-json\/wp\/v2\/categories?post=576796"},{"taxonomy":"post_tag","embeddable":true,"href":"https:\/\/www.europesays.com\/fr\/wp-json\/wp\/v2\/tags?post=576796"}],"curies":[{"name":"wp","href":"https:\/\/api.w.org\/{rel}","templated":true}]}}