{"id":576800,"date":"2025-12-04T04:45:19","date_gmt":"2025-12-04T04:45:19","guid":{"rendered":"https:\/\/www.europesays.com\/fr\/576800\/"},"modified":"2025-12-04T04:45:19","modified_gmt":"2025-12-04T04:45:19","slug":"des-liens-renforces-malgre-la-pression-des-etats-unis","status":"publish","type":"post","link":"https:\/\/www.europesays.com\/fr\/576800\/","title":{"rendered":"des liens renforc\u00e9s malgr\u00e9 la pression des \u00c9tats-Unis"},"content":{"rendered":"\n<p>\u201cLa Russie et l\u2019Inde maintiennent le niveau\u201d\u00a0: c\u2019est ainsi que <a href=\"https:\/\/www.kommersant.ru\/doc\/8210315\" target=\"_blank\" rel=\"noopener\"><strong>Kommersant <\/strong>titrait un article<\/a><strong> <\/strong>publi\u00e9 mi-novembre, dans lequel le quotidien rapportait la pr\u00e9paration du d\u00e9placement de Vladimir Poutine \u00e0 New Delhi, \u201cmalgr\u00e9 la pression des \u00c9tats-Unis\u201d, les 4\u00a0et 5\u00a0d\u00e9cembre. Le ministre des Affaires \u00e9trang\u00e8res russe, Sergue\u00ef Lavrov, s\u2019\u00e9tait alors entretenu \u00e0 Moscou avec son homologue indien, Subrahmanyam Jaishankar, \u00e0 l\u2019occasion d\u2019une rencontre des chefs de gouvernement des pays de l\u2019Organisation de coop\u00e9ration de Shanghai (<a href=\"https:\/\/www.courrierinternational.com\/sujet\/organisation-de-cooperation-de-shanghai-ocs\" target=\"_blank\" rel=\"noopener\">OCS<\/a>).<\/p>\n<p>Le journal \u00e9voque les turbulences auxquelles la relation bilat\u00e9rale a \u00e9t\u00e9 confront\u00e9e ces derni\u00e8res ann\u00e9es\u00a0: \u201cLa pression croissante exerc\u00e9e sur Moscou et les tentatives occidentales d\u2019entra\u00eener New Delhi dans une coalition contre la Russie ne pouvaient qu\u2019avoir un impact sur le partenariat russo-indien.\u201d Kommersant \u00e9crit que \u201cla visite du pr\u00e9sident Poutine en Inde, sa premi\u00e8re depuis le d\u00e9but du conflit ukrainien, rev\u00eatira une importance symbolique consid\u00e9rable compte tenu de la volont\u00e9 du pr\u00e9sident Trump de contraindre l\u2019Inde \u00e0 se sevrer du p\u00e9trole russe\u201d.<\/p>\n<p>Kommersant rappelle qu\u2019en ao\u00fbt le pr\u00e9sident am\u00e9ricain a <a href=\"https:\/\/www.courrierinternational.com\/une\/une-du-jour-l-inde-frappee-de-droits-de-douane-a-50-le-coup-de-poing-americain_234435\" target=\"_blank\" rel=\"noopener\">impos\u00e9 des droits de douane<\/a> suppl\u00e9mentaires de 25\u00a0% sur les importations de p\u00e9trole et de produits p\u00e9troliers russes en Inde et que, fin octobre, le <\/p>\n","protected":false},"excerpt":{"rendered":"\u201cLa Russie et l\u2019Inde maintiennent le niveau\u201d\u00a0: c\u2019est ainsi que Kommersant titrait un article publi\u00e9 mi-novembre, dans lequel&hellip;\n","protected":false},"author":2,"featured_media":576801,"comment_status":"","ping_status":"","sticky":false,"template":"","format":"standard","meta":{"footnotes":""},"categories":[1589],"tags":[11,9322,73,1866,1892,5595,12,132,2542,1864,1865,1863,308],"class_list":{"0":"post-576800","1":"post","2":"type-post","3":"status-publish","4":"format-standard","5":"has-post-thumbnail","7":"category-etats-unis","8":"tag-actualites","9":"tag-brics","10":"tag-etats-unis","11":"tag-etats-unis-damerique","12":"tag-gu00e9opolitique","13":"tag-inde","14":"tag-news","15":"tag-russie","16":"tag-u00e9conomie","17":"tag-united-states","18":"tag-united-states-of-america","19":"tag-us","20":"tag-usa"},"share_on_mastodon":{"url":"https:\/\/pubeurope.com\/@fr\/115659481017570093","error":""},"_links":{"self":[{"href":"https:\/\/www.europesays.com\/fr\/wp-json\/wp\/v2\/posts\/576800","targetHints":{"allow":["GET"]}}],"collection":[{"href":"https:\/\/www.europesays.com\/fr\/wp-json\/wp\/v2\/posts"}],"about":[{"href":"https:\/\/www.europesays.com\/fr\/wp-json\/wp\/v2\/types\/post"}],"author":[{"embeddable":true,"href":"https:\/\/www.europesays.com\/fr\/wp-json\/wp\/v2\/users\/2"}],"replies":[{"embeddable":true,"href":"https:\/\/www.europesays.com\/fr\/wp-json\/wp\/v2\/comments?post=576800"}],"version-history":[{"count":0,"href":"https:\/\/www.europesays.com\/fr\/wp-json\/wp\/v2\/posts\/576800\/revisions"}],"wp:featuredmedia":[{"embeddable":true,"href":"https:\/\/www.europesays.com\/fr\/wp-json\/wp\/v2\/media\/576801"}],"wp:attachment":[{"href":"https:\/\/www.europesays.com\/fr\/wp-json\/wp\/v2\/media?parent=576800"}],"wp:term":[{"taxonomy":"category","embeddable":true,"href":"https:\/\/www.europesays.com\/fr\/wp-json\/wp\/v2\/categories?post=576800"},{"taxonomy":"post_tag","embeddable":true,"href":"https:\/\/www.europesays.com\/fr\/wp-json\/wp\/v2\/tags?post=576800"}],"curies":[{"name":"wp","href":"https:\/\/api.w.org\/{rel}","templated":true}]}}